{"id":1279,"date":"2020-01-11T09:54:47","date_gmt":"2020-01-11T08:54:47","guid":{"rendered":"https:\/\/www.labvet.cz\/blog\/?p=1279"},"modified":"2023-08-01T11:02:40","modified_gmt":"2023-08-01T09:02:40","slug":"novela-zakona-o-veterinarni-peci","status":"publish","type":"post","link":"https:\/\/labvet.cz\/blog\/novela-zakona-o-veterinarni-peci\/","title":{"rendered":"Novela z\u00e1kona o veterin\u00e1rn\u00ed p\u00e9\u010di"},"content":{"rendered":"\n<p>V&nbsp;dotazech kynolog\u016f se st\u00e1le je\u0161t\u011b pot\u00fdk\u00e1me s&nbsp;problematikou vztahu platnosti o\u010dkov\u00e1n\u00ed proti vzteklin\u011b v&nbsp;n\u00e1vaznosti na identifika\u010dn\u00ed ozna\u010den\u00ed psa. Jen pro p\u0159ipomenut\u00ed, za platn\u00e9 je pova\u017eov\u00e1no o\u010dkov\u00e1n\u00ed pouze v&nbsp;p\u0159\u00edpad\u011b, \u017ee pes je \u010dipov\u00e1n. V\u00fdjimku tvo\u0159\u00ed psi s&nbsp;\u010diteln\u00fdm tetov\u00e1n\u00edm narozen\u00ed p\u0159ed \u010dervencem 2011.  <\/p>\n\n\n\n<figure class=\"wp-block-image\"><img loading=\"lazy\" decoding=\"async\" width=\"810\" height=\"435\" src=\"https:\/\/www.labvet.cz\/blog\/wp-content\/uploads\/2020\/01\/Kopie-n\u00e1vrhu-Kopie-n\u00e1vrhu-Kopie-n\u00e1vrhu-N\u00e1vrh-bez-n\u00e1zvu.png\" alt=\"\" class=\"wp-image-1300\" srcset=\"https:\/\/labvet.cz\/blog\/wp-content\/uploads\/2020\/01\/Kopie-n\u00e1vrhu-Kopie-n\u00e1vrhu-Kopie-n\u00e1vrhu-N\u00e1vrh-bez-n\u00e1zvu.png 810w, https:\/\/labvet.cz\/blog\/wp-content\/uploads\/2020\/01\/Kopie-n\u00e1vrhu-Kopie-n\u00e1vrhu-Kopie-n\u00e1vrhu-N\u00e1vrh-bez-n\u00e1zvu-300x161.png 300w, https:\/\/labvet.cz\/blog\/wp-content\/uploads\/2020\/01\/Kopie-n\u00e1vrhu-Kopie-n\u00e1vrhu-Kopie-n\u00e1vrhu-N\u00e1vrh-bez-n\u00e1zvu-768x412.png 768w\" sizes=\"auto, (max-width: 767px) 89vw, (max-width: 1000px) 54vw, (max-width: 1071px) 543px, 580px\" \/><figcaption class=\"wp-element-caption\">Novela veterin\u00e1rn\u00edho z\u00e1kona<\/figcaption><\/figure>\n\n\n\n<p>15. ledna 2020 vstupuje v&nbsp;platnost dal\u0161\u00ed novela z\u00e1kona o veterin\u00e1rn\u00ed p\u00e9\u010di. Je v&nbsp;n\u00ed zakotven po\u017eadavek \u0159\u00edkaj\u00edc\u00ed \u017ee: \u201e<em><strong>Chovatel, kter\u00fd chov\u00e1 3 a v\u00edce ps\u016f sami\u010d\u00edho pohlav\u00ed star\u0161\u00edch 12 m\u011bs\u00edc\u016f, je povinen tuto skute\u010dnost p\u00edsemn\u011b nebo prost\u0159ednictv\u00edm informa\u010dn\u00edho syst\u00e9mu St\u00e1tn\u00ed veterin\u00e1rn\u00ed spr\u00e1vy ozn\u00e1mit Krajsk\u00e9 veterin\u00e1rn\u00ed spr\u00e1v\u011b St\u00e1tn\u00ed veterin\u00e1rn\u00ed spr\u00e1vy nebo M\u011bstsk\u00e9 veterin\u00e1rn\u00ed spr\u00e1v\u011b v Praze St\u00e1tn\u00ed veterin\u00e1rn\u00ed spr\u00e1vy (d\u00e1le jen \u201ekrajsk\u00e1 veterin\u00e1rn\u00ed spr\u00e1va\u201c) nejpozd\u011bji do 7 dn\u016f ode dne, kdy po\u010det chovan\u00fdch ps\u016f sami\u010d\u00edho pohlav\u00ed star\u0161\u00edch 12 m\u011bs\u00edc\u016f dos\u00e1hl 3 a v\u00edce chovan\u00fdch zv\u00ed\u0159at; v ozn\u00e1men\u00ed chovatel uvede po\u010det chovan\u00fdch zv\u00ed\u0159at a m\u00edsto jejich chovu.\u201c<\/strong><\/em><\/p>\n\n\n\n<p>Upozornit je t\u0159eba na to, \u017ee z&nbsp;pohledu z\u00e1kona je chovatelem ka\u017ed\u00fd, kdo m\u00e1 n\u011bjak\u00e9 zv\u00ed\u0159e, v tomto p\u0159\u00edpad\u011b psa, tedy nikoliv jen ten, kdo m\u00e1 registrovan\u00fd n\u00e1zev chovatelsk\u00e9 stanice a odchov\u00e1v\u00e1 \u0161t\u011b\u0148ata s&nbsp;pr\u016fkazem p\u016fvodu. V&nbsp;p\u0159edchoz\u00ed dob\u011b platilo podobn\u00e9 ustanoven\u00ed, jen se t\u00fdkalo 5 a v\u00edce fen a love\u010dt\u00ed psi se zkou\u0161kou loveck\u00e9 upot\u0159ebitelnosti m\u011bli v\u00fdjimku a hl\u00e1\u0161eni b\u00fdt nemuseli. Tato v\u00fdjimka byla zru\u0161ena. St\u00e1tn\u00ed veterin\u00e1rn\u00ed spr\u00e1va by \u00fadajn\u011b m\u011bla 15. ledna spustit mo\u017enost hl\u00e1sit fenky elektronickou formou. Povinnost hl\u00e1\u0161en\u00ed se vztahuje na dom\u00e1cnost. T\u00edm, \u017ee jednu fenku nap\u00ed\u0161eme na ve spole\u010dn\u00e9 dom\u00e1cnosti \u017eij\u00edc\u00ed babi\u010dku, druhou na syna a t\u0159et\u00ed na nete\u0159 se hl\u00e1\u0161en\u00ed nevyhneme.<\/p>\n\n\n\n<p>Druh\u00e1 zm\u011bna vypl\u00fdvaj\u00edc\u00ed z&nbsp;prob\u00edran\u00e9 novely Z\u00e1kona o veterin\u00e1rn\u00ed p\u00e9\u010di se t\u00fdk\u00e1 identifika\u010dn\u00edho ozna\u010dov\u00e1n\u00ed \u0161t\u011b\u0148at. Ta by m\u011bla b\u00fdt ozna\u010dena \u010dipem do 3 m\u011bs\u00edc\u016f v\u011bku, nejpozd\u011bji v\u0161ak p\u0159ed p\u0159echodem k nov\u00e9mu majiteli. Tato povinnost plat\u00ed pro v\u0161echna \u0161t\u011b\u0148ata, nikoliv jen pro \u0161t\u011b\u0148ata s&nbsp;pr\u016fkazem p\u016fvodu.<\/p>\n\n\n\n<p>St\u00e1tn\u00ed veterin\u00e1rn\u00ed spr\u00e1va zat\u00edm nevydala \u017e\u00e1dn\u00e9 up\u0159es\u0148uj\u00edc\u00ed informace. Pokud n\u011bco takov\u00e9ho z\u00edsk\u00e1me, d\u00e1me informaci na web.<\/p>\n\n\n\n<hr class=\"wp-block-separator has-css-opacity\"\/>\n\n\n\n<h2 class=\"wp-block-heading\"><a href=\"https:\/\/www.labvet.cz\/pro-chovatele.php\">L<\/a><a href=\"https:\/\/www.labvet.cz\/pro-veterinare.php\">abvet.cz \u2013 laborato\u0159 pro chovatele i veterin\u00e1\u0159e<\/a><\/h2>\n\n\n\n<figure class=\"wp-block-image size-full\"><a href=\"https:\/\/labvet.vetbook.eu\/kalendar.php\"><img loading=\"lazy\" decoding=\"async\" width=\"900\" height=\"140\" src=\"https:\/\/labvet.cz\/blog\/wp-content\/uploads\/2023\/05\/Labvet-alergologie-220-800-465-27.jpg\" alt=\"\" class=\"wp-image-5061\" srcset=\"https:\/\/labvet.cz\/blog\/wp-content\/uploads\/2023\/05\/Labvet-alergologie-220-800-465-27.jpg 900w, https:\/\/labvet.cz\/blog\/wp-content\/uploads\/2023\/05\/Labvet-alergologie-220-800-465-27-300x47.jpg 300w, https:\/\/labvet.cz\/blog\/wp-content\/uploads\/2023\/05\/Labvet-alergologie-220-800-465-27-768x119.jpg 768w\" sizes=\"auto, (max-width: 767px) 89vw, (max-width: 1000px) 54vw, (max-width: 1071px) 543px, 580px\" \/><\/a><\/figure>\n","protected":false},"excerpt":{"rendered":"<p>V&nbsp;dotazech kynolog\u016f se st\u00e1le je\u0161t\u011b pot\u00fdk\u00e1me s&nbsp;problematikou vztahu platnosti o\u010dkov\u00e1n\u00ed proti vzteklin\u011b v&nbsp;n\u00e1vaznosti na identifika\u010dn\u00ed ozna\u010den\u00ed psa. Jen pro p\u0159ipomenut\u00ed, za platn\u00e9 je pova\u017eov\u00e1no o\u010dkov\u00e1n\u00ed pouze v&nbsp;p\u0159\u00edpad\u011b, \u017ee pes je \u010dipov\u00e1n. V\u00fdjimku tvo\u0159\u00ed psi s&nbsp;\u010diteln\u00fdm tetov\u00e1n\u00edm narozen\u00ed p\u0159ed \u010dervencem 2011. 15. ledna 2020 vstupuje v&nbsp;platnost dal\u0161\u00ed novela z\u00e1kona o veterin\u00e1rn\u00ed p\u00e9\u010di. Je v&nbsp;n\u00ed zakotven po\u017eadavek &hellip; <\/p>\n<p class=\"link-more\"><a href=\"https:\/\/labvet.cz\/blog\/novela-zakona-o-veterinarni-peci\/\" class=\"more-link\">Pokra\u010dovat ve \u010dten\u00ed<span class=\"screen-reader-text\"> &#8222;Novela z\u00e1kona o veterin\u00e1rn\u00ed p\u00e9\u010di&#8220;<\/span><\/a><\/p>\n","protected":false},"author":5,"featured_media":0,"comment_status":"open","ping_status":"open","sticky":false,"template":"","format":"standard","meta":{"_seopress_robots_primary_cat":"none","_seopress_titles_title":"Novela z\u00e1kona o veterin\u00e1rn\u00ed p\u00e9\u010di | Labvet.cz","_seopress_titles_desc":"V dotazech kynolog\u016f se st\u00e1le je\u0161t\u011b pot\u00fdk\u00e1me s problematikou vztahu platnosti o\u010dkov\u00e1n\u00ed proti vzteklin\u011b v n\u00e1vaznosti na identifika\u010dn\u00ed ozna\u010den\u00ed psa. ","_seopress_robots_index":"","footnotes":""},"categories":[1],"tags":[16,17,18,26],"class_list":["post-1279","post","type-post","status-publish","format-standard","hentry","category-nezarazene","tag-cipovani-psu","tag-cipovani-stenat","tag-veterinarni-zakon","tag-vladimira-ticha"],"yoast_head":"<!-- This site is optimized with the Yoast SEO plugin v25.2 - https:\/\/yoast.com\/wordpress\/plugins\/seo\/ -->\n<title>Novela z\u00e1kona o veterin\u00e1rn\u00ed p\u00e9\u010di - Labvet blog<\/title>\n<meta name=\"robots\" content=\"index, follow, max-snippet:-1, max-image-preview:large, max-video-preview:-1\" \/>\n<link rel=\"canonical\" href=\"https:\/\/labvet.cz\/blog\/novela-zakona-o-veterinarni-peci\/\" \/>\n<meta property=\"og:locale\" content=\"cs_CZ\" \/>\n<meta property=\"og:type\" content=\"article\" \/>\n<meta property=\"og:title\" content=\"Novela z\u00e1kona o veterin\u00e1rn\u00ed p\u00e9\u010di - Labvet blog\" \/>\n<meta property=\"og:description\" content=\"V&nbsp;dotazech kynolog\u016f se st\u00e1le je\u0161t\u011b pot\u00fdk\u00e1me s&nbsp;problematikou vztahu platnosti o\u010dkov\u00e1n\u00ed proti vzteklin\u011b v&nbsp;n\u00e1vaznosti na identifika\u010dn\u00ed ozna\u010den\u00ed psa. Jen pro p\u0159ipomenut\u00ed, za platn\u00e9 je pova\u017eov\u00e1no o\u010dkov\u00e1n\u00ed pouze v&nbsp;p\u0159\u00edpad\u011b, \u017ee pes je \u010dipov\u00e1n. V\u00fdjimku tvo\u0159\u00ed psi s&nbsp;\u010diteln\u00fdm tetov\u00e1n\u00edm narozen\u00ed p\u0159ed \u010dervencem 2011. 15. ledna 2020 vstupuje v&nbsp;platnost dal\u0161\u00ed novela z\u00e1kona o veterin\u00e1rn\u00ed p\u00e9\u010di. Je v&nbsp;n\u00ed zakotven po\u017eadavek &hellip; Pokra\u010dovat ve \u010dten\u00ed &quot;Novela z\u00e1kona o veterin\u00e1rn\u00ed p\u00e9\u010di&quot;\" \/>\n<meta property=\"og:url\" content=\"https:\/\/labvet.cz\/blog\/novela-zakona-o-veterinarni-peci\/\" \/>\n<meta property=\"og:site_name\" content=\"Labvet blog\" \/>\n<meta property=\"article:publisher\" content=\"https:\/\/www.facebook.com\/Labvet.cz\" \/>\n<meta property=\"article:published_time\" content=\"2020-01-11T08:54:47+00:00\" \/>\n<meta property=\"article:modified_time\" content=\"2023-08-01T09:02:40+00:00\" \/>\n<meta property=\"og:image\" content=\"https:\/\/labvet.cz\/blog\/wp-content\/uploads\/2023\/05\/Labvet-alergologie-220-800-465-27.jpg\" \/>\n<meta name=\"author\" content=\"Vladim\u00edra Tich\u00e1\" \/>\n<meta name=\"twitter:card\" content=\"summary_large_image\" \/>\n<meta name=\"twitter:label1\" content=\"Napsal(a)\" \/>\n\t<meta name=\"twitter:data1\" content=\"Vladim\u00edra Tich\u00e1\" \/>\n\t<meta name=\"twitter:label2\" content=\"Odhadovan\u00e1 doba \u010dten\u00ed\" \/>\n\t<meta name=\"twitter:data2\" content=\"2 minuty\" \/>\n<script type=\"application\/ld+json\" class=\"yoast-schema-graph\">{\"@context\":\"https:\/\/schema.org\",\"@graph\":[{\"@type\":\"Article\",\"@id\":\"https:\/\/labvet.cz\/blog\/novela-zakona-o-veterinarni-peci\/#article\",\"isPartOf\":{\"@id\":\"https:\/\/labvet.cz\/blog\/novela-zakona-o-veterinarni-peci\/\"},\"author\":{\"name\":\"Vladim\u00edra Tich\u00e1\",\"@id\":\"https:\/\/labvet.cz\/blog\/#\/schema\/person\/bbad2f1a9452008dfc405633ccda24b2\"},\"headline\":\"Novela z\u00e1kona o veterin\u00e1rn\u00ed p\u00e9\u010di\",\"datePublished\":\"2020-01-11T08:54:47+00:00\",\"dateModified\":\"2023-08-01T09:02:40+00:00\",\"mainEntityOfPage\":{\"@id\":\"https:\/\/labvet.cz\/blog\/novela-zakona-o-veterinarni-peci\/\"},\"wordCount\":485,\"commentCount\":1,\"publisher\":{\"@id\":\"https:\/\/labvet.cz\/blog\/#organization\"},\"image\":{\"@id\":\"https:\/\/labvet.cz\/blog\/novela-zakona-o-veterinarni-peci\/#primaryimage\"},\"thumbnailUrl\":\"https:\/\/labvet.cz\/blog\/wp-content\/uploads\/2023\/05\/Labvet-alergologie-220-800-465-27.jpg\",\"keywords\":[\"\u010dipov\u00e1n\u00ed ps\u016f\",\"\u010dipov\u00e1n\u00ed \u0161t\u011b\u0148at\",\"veterin\u00e1rn\u00ed z\u00e1kon\",\"Vladim\u00edra Tich\u00e1\"],\"inLanguage\":\"cs\",\"potentialAction\":[{\"@type\":\"CommentAction\",\"name\":\"Comment\",\"target\":[\"https:\/\/labvet.cz\/blog\/novela-zakona-o-veterinarni-peci\/#respond\"]}]},{\"@type\":\"WebPage\",\"@id\":\"https:\/\/labvet.cz\/blog\/novela-zakona-o-veterinarni-peci\/\",\"url\":\"https:\/\/labvet.cz\/blog\/novela-zakona-o-veterinarni-peci\/\",\"name\":\"Novela z\u00e1kona o veterin\u00e1rn\u00ed p\u00e9\u010di - Labvet blog\",\"isPartOf\":{\"@id\":\"https:\/\/labvet.cz\/blog\/#website\"},\"primaryImageOfPage\":{\"@id\":\"https:\/\/labvet.cz\/blog\/novela-zakona-o-veterinarni-peci\/#primaryimage\"},\"image\":{\"@id\":\"https:\/\/labvet.cz\/blog\/novela-zakona-o-veterinarni-peci\/#primaryimage\"},\"thumbnailUrl\":\"https:\/\/labvet.cz\/blog\/wp-content\/uploads\/2023\/05\/Labvet-alergologie-220-800-465-27.jpg\",\"datePublished\":\"2020-01-11T08:54:47+00:00\",\"dateModified\":\"2023-08-01T09:02:40+00:00\",\"breadcrumb\":{\"@id\":\"https:\/\/labvet.cz\/blog\/novela-zakona-o-veterinarni-peci\/#breadcrumb\"},\"inLanguage\":\"cs\",\"potentialAction\":[{\"@type\":\"ReadAction\",\"target\":[\"https:\/\/labvet.cz\/blog\/novela-zakona-o-veterinarni-peci\/\"]}]},{\"@type\":\"ImageObject\",\"inLanguage\":\"cs\",\"@id\":\"https:\/\/labvet.cz\/blog\/novela-zakona-o-veterinarni-peci\/#primaryimage\",\"url\":\"https:\/\/labvet.cz\/blog\/wp-content\/uploads\/2023\/05\/Labvet-alergologie-220-800-465-27.jpg\",\"contentUrl\":\"https:\/\/labvet.cz\/blog\/wp-content\/uploads\/2023\/05\/Labvet-alergologie-220-800-465-27.jpg\",\"width\":900,\"height\":140},{\"@type\":\"BreadcrumbList\",\"@id\":\"https:\/\/labvet.cz\/blog\/novela-zakona-o-veterinarni-peci\/#breadcrumb\",\"itemListElement\":[{\"@type\":\"ListItem\",\"position\":1,\"name\":\"Dom\u016f\",\"item\":\"https:\/\/labvet.cz\/blog\/\"},{\"@type\":\"ListItem\",\"position\":2,\"name\":\"Novela z\u00e1kona o veterin\u00e1rn\u00ed p\u00e9\u010di\"}]},{\"@type\":\"WebSite\",\"@id\":\"https:\/\/labvet.cz\/blog\/#website\",\"url\":\"https:\/\/labvet.cz\/blog\/\",\"name\":\"Labvet blog\",\"description\":\"pro chovatele i veterin\u00e1rn\u00ed l\u00e9ka\u0159e\",\"publisher\":{\"@id\":\"https:\/\/labvet.cz\/blog\/#organization\"},\"potentialAction\":[{\"@type\":\"SearchAction\",\"target\":{\"@type\":\"EntryPoint\",\"urlTemplate\":\"https:\/\/labvet.cz\/blog\/?s={search_term_string}\"},\"query-input\":{\"@type\":\"PropertyValueSpecification\",\"valueRequired\":true,\"valueName\":\"search_term_string\"}}],\"inLanguage\":\"cs\"},{\"@type\":\"Organization\",\"@id\":\"https:\/\/labvet.cz\/blog\/#organization\",\"name\":\"Labvet.cz\",\"url\":\"https:\/\/labvet.cz\/blog\/\",\"logo\":{\"@type\":\"ImageObject\",\"inLanguage\":\"cs\",\"@id\":\"https:\/\/labvet.cz\/blog\/#\/schema\/logo\/image\/\",\"url\":\"https:\/\/labvet.cz\/blog\/wp-content\/uploads\/2023\/08\/cropped-Navrh-bez-nazvu.png\",\"contentUrl\":\"https:\/\/labvet.cz\/blog\/wp-content\/uploads\/2023\/08\/cropped-Navrh-bez-nazvu.png\",\"width\":300,\"height\":300,\"caption\":\"Labvet.cz\"},\"image\":{\"@id\":\"https:\/\/labvet.cz\/blog\/#\/schema\/logo\/image\/\"},\"sameAs\":[\"https:\/\/www.facebook.com\/Labvet.cz\",\"https:\/\/www.instagram.com\/labvet.cz\/\",\"https:\/\/www.linkedin.com\/showcase\/94138348\/admin\/dashboard\/\"]},{\"@type\":\"Person\",\"@id\":\"https:\/\/labvet.cz\/blog\/#\/schema\/person\/bbad2f1a9452008dfc405633ccda24b2\",\"name\":\"Vladim\u00edra Tich\u00e1\",\"image\":{\"@type\":\"ImageObject\",\"inLanguage\":\"cs\",\"@id\":\"https:\/\/labvet.cz\/blog\/#\/schema\/person\/image\/\",\"url\":\"https:\/\/secure.gravatar.com\/avatar\/006249f2c43485b8397ae08eea7ba7f3e6b682795e8e33ea4c7dcf34d196813e?s=96&d=mm&r=g\",\"contentUrl\":\"https:\/\/secure.gravatar.com\/avatar\/006249f2c43485b8397ae08eea7ba7f3e6b682795e8e33ea4c7dcf34d196813e?s=96&d=mm&r=g\",\"caption\":\"Vladim\u00edra Tich\u00e1\"},\"url\":\"https:\/\/labvet.cz\/blog\/author\/vladimira\/\"}]}<\/script>\n<!-- \/ Yoast SEO plugin. -->","yoast_head_json":{"title":"Novela z\u00e1kona o veterin\u00e1rn\u00ed p\u00e9\u010di - Labvet blog","robots":{"index":"index","follow":"follow","max-snippet":"max-snippet:-1","max-image-preview":"max-image-preview:large","max-video-preview":"max-video-preview:-1"},"canonical":"https:\/\/labvet.cz\/blog\/novela-zakona-o-veterinarni-peci\/","og_locale":"cs_CZ","og_type":"article","og_title":"Novela z\u00e1kona o veterin\u00e1rn\u00ed p\u00e9\u010di - Labvet blog","og_description":"V&nbsp;dotazech kynolog\u016f se st\u00e1le je\u0161t\u011b pot\u00fdk\u00e1me s&nbsp;problematikou vztahu platnosti o\u010dkov\u00e1n\u00ed proti vzteklin\u011b v&nbsp;n\u00e1vaznosti na identifika\u010dn\u00ed ozna\u010den\u00ed psa. Jen pro p\u0159ipomenut\u00ed, za platn\u00e9 je pova\u017eov\u00e1no o\u010dkov\u00e1n\u00ed pouze v&nbsp;p\u0159\u00edpad\u011b, \u017ee pes je \u010dipov\u00e1n. V\u00fdjimku tvo\u0159\u00ed psi s&nbsp;\u010diteln\u00fdm tetov\u00e1n\u00edm narozen\u00ed p\u0159ed \u010dervencem 2011. 15. ledna 2020 vstupuje v&nbsp;platnost dal\u0161\u00ed novela z\u00e1kona o veterin\u00e1rn\u00ed p\u00e9\u010di. Je v&nbsp;n\u00ed zakotven po\u017eadavek &hellip; Pokra\u010dovat ve \u010dten\u00ed \"Novela z\u00e1kona o veterin\u00e1rn\u00ed p\u00e9\u010di\"","og_url":"https:\/\/labvet.cz\/blog\/novela-zakona-o-veterinarni-peci\/","og_site_name":"Labvet blog","article_publisher":"https:\/\/www.facebook.com\/Labvet.cz","article_published_time":"2020-01-11T08:54:47+00:00","article_modified_time":"2023-08-01T09:02:40+00:00","og_image":[{"url":"https:\/\/labvet.cz\/blog\/wp-content\/uploads\/2023\/05\/Labvet-alergologie-220-800-465-27.jpg","type":"","width":"","height":""}],"author":"Vladim\u00edra Tich\u00e1","twitter_card":"summary_large_image","twitter_misc":{"Napsal(a)":"Vladim\u00edra Tich\u00e1","Odhadovan\u00e1 doba \u010dten\u00ed":"2 minuty"},"schema":{"@context":"https:\/\/schema.org","@graph":[{"@type":"Article","@id":"https:\/\/labvet.cz\/blog\/novela-zakona-o-veterinarni-peci\/#article","isPartOf":{"@id":"https:\/\/labvet.cz\/blog\/novela-zakona-o-veterinarni-peci\/"},"author":{"name":"Vladim\u00edra Tich\u00e1","@id":"https:\/\/labvet.cz\/blog\/#\/schema\/person\/bbad2f1a9452008dfc405633ccda24b2"},"headline":"Novela z\u00e1kona o veterin\u00e1rn\u00ed p\u00e9\u010di","datePublished":"2020-01-11T08:54:47+00:00","dateModified":"2023-08-01T09:02:40+00:00","mainEntityOfPage":{"@id":"https:\/\/labvet.cz\/blog\/novela-zakona-o-veterinarni-peci\/"},"wordCount":485,"commentCount":1,"publisher":{"@id":"https:\/\/labvet.cz\/blog\/#organization"},"image":{"@id":"https:\/\/labvet.cz\/blog\/novela-zakona-o-veterinarni-peci\/#primaryimage"},"thumbnailUrl":"https:\/\/labvet.cz\/blog\/wp-content\/uploads\/2023\/05\/Labvet-alergologie-220-800-465-27.jpg","keywords":["\u010dipov\u00e1n\u00ed ps\u016f","\u010dipov\u00e1n\u00ed \u0161t\u011b\u0148at","veterin\u00e1rn\u00ed z\u00e1kon","Vladim\u00edra Tich\u00e1"],"inLanguage":"cs","potentialAction":[{"@type":"CommentAction","name":"Comment","target":["https:\/\/labvet.cz\/blog\/novela-zakona-o-veterinarni-peci\/#respond"]}]},{"@type":"WebPage","@id":"https:\/\/labvet.cz\/blog\/novela-zakona-o-veterinarni-peci\/","url":"https:\/\/labvet.cz\/blog\/novela-zakona-o-veterinarni-peci\/","name":"Novela z\u00e1kona o veterin\u00e1rn\u00ed p\u00e9\u010di - Labvet blog","isPartOf":{"@id":"https:\/\/labvet.cz\/blog\/#website"},"primaryImageOfPage":{"@id":"https:\/\/labvet.cz\/blog\/novela-zakona-o-veterinarni-peci\/#primaryimage"},"image":{"@id":"https:\/\/labvet.cz\/blog\/novela-zakona-o-veterinarni-peci\/#primaryimage"},"thumbnailUrl":"https:\/\/labvet.cz\/blog\/wp-content\/uploads\/2023\/05\/Labvet-alergologie-220-800-465-27.jpg","datePublished":"2020-01-11T08:54:47+00:00","dateModified":"2023-08-01T09:02:40+00:00","breadcrumb":{"@id":"https:\/\/labvet.cz\/blog\/novela-zakona-o-veterinarni-peci\/#breadcrumb"},"inLanguage":"cs","potentialAction":[{"@type":"ReadAction","target":["https:\/\/labvet.cz\/blog\/novela-zakona-o-veterinarni-peci\/"]}]},{"@type":"ImageObject","inLanguage":"cs","@id":"https:\/\/labvet.cz\/blog\/novela-zakona-o-veterinarni-peci\/#primaryimage","url":"https:\/\/labvet.cz\/blog\/wp-content\/uploads\/2023\/05\/Labvet-alergologie-220-800-465-27.jpg","contentUrl":"https:\/\/labvet.cz\/blog\/wp-content\/uploads\/2023\/05\/Labvet-alergologie-220-800-465-27.jpg","width":900,"height":140},{"@type":"BreadcrumbList","@id":"https:\/\/labvet.cz\/blog\/novela-zakona-o-veterinarni-peci\/#breadcrumb","itemListElement":[{"@type":"ListItem","position":1,"name":"Dom\u016f","item":"https:\/\/labvet.cz\/blog\/"},{"@type":"ListItem","position":2,"name":"Novela z\u00e1kona o veterin\u00e1rn\u00ed p\u00e9\u010di"}]},{"@type":"WebSite","@id":"https:\/\/labvet.cz\/blog\/#website","url":"https:\/\/labvet.cz\/blog\/","name":"Labvet blog","description":"pro chovatele i veterin\u00e1rn\u00ed l\u00e9ka\u0159e","publisher":{"@id":"https:\/\/labvet.cz\/blog\/#organization"},"potentialAction":[{"@type":"SearchAction","target":{"@type":"EntryPoint","urlTemplate":"https:\/\/labvet.cz\/blog\/?s={search_term_string}"},"query-input":{"@type":"PropertyValueSpecification","valueRequired":true,"valueName":"search_term_string"}}],"inLanguage":"cs"},{"@type":"Organization","@id":"https:\/\/labvet.cz\/blog\/#organization","name":"Labvet.cz","url":"https:\/\/labvet.cz\/blog\/","logo":{"@type":"ImageObject","inLanguage":"cs","@id":"https:\/\/labvet.cz\/blog\/#\/schema\/logo\/image\/","url":"https:\/\/labvet.cz\/blog\/wp-content\/uploads\/2023\/08\/cropped-Navrh-bez-nazvu.png","contentUrl":"https:\/\/labvet.cz\/blog\/wp-content\/uploads\/2023\/08\/cropped-Navrh-bez-nazvu.png","width":300,"height":300,"caption":"Labvet.cz"},"image":{"@id":"https:\/\/labvet.cz\/blog\/#\/schema\/logo\/image\/"},"sameAs":["https:\/\/www.facebook.com\/Labvet.cz","https:\/\/www.instagram.com\/labvet.cz\/","https:\/\/www.linkedin.com\/showcase\/94138348\/admin\/dashboard\/"]},{"@type":"Person","@id":"https:\/\/labvet.cz\/blog\/#\/schema\/person\/bbad2f1a9452008dfc405633ccda24b2","name":"Vladim\u00edra Tich\u00e1","image":{"@type":"ImageObject","inLanguage":"cs","@id":"https:\/\/labvet.cz\/blog\/#\/schema\/person\/image\/","url":"https:\/\/secure.gravatar.com\/avatar\/006249f2c43485b8397ae08eea7ba7f3e6b682795e8e33ea4c7dcf34d196813e?s=96&d=mm&r=g","contentUrl":"https:\/\/secure.gravatar.com\/avatar\/006249f2c43485b8397ae08eea7ba7f3e6b682795e8e33ea4c7dcf34d196813e?s=96&d=mm&r=g","caption":"Vladim\u00edra Tich\u00e1"},"url":"https:\/\/labvet.cz\/blog\/author\/vladimira\/"}]}},"_links":{"self":[{"href":"https:\/\/labvet.cz\/blog\/wp-json\/wp\/v2\/posts\/1279","targetHints":{"allow":["GET"]}}],"collection":[{"href":"https:\/\/labvet.cz\/blog\/wp-json\/wp\/v2\/posts"}],"about":[{"href":"https:\/\/labvet.cz\/blog\/wp-json\/wp\/v2\/types\/post"}],"author":[{"embeddable":true,"href":"https:\/\/labvet.cz\/blog\/wp-json\/wp\/v2\/users\/5"}],"replies":[{"embeddable":true,"href":"https:\/\/labvet.cz\/blog\/wp-json\/wp\/v2\/comments?post=1279"}],"version-history":[{"count":3,"href":"https:\/\/labvet.cz\/blog\/wp-json\/wp\/v2\/posts\/1279\/revisions"}],"predecessor-version":[{"id":5500,"href":"https:\/\/labvet.cz\/blog\/wp-json\/wp\/v2\/posts\/1279\/revisions\/5500"}],"wp:attachment":[{"href":"https:\/\/labvet.cz\/blog\/wp-json\/wp\/v2\/media?parent=1279"}],"wp:term":[{"taxonomy":"category","embeddable":true,"href":"https:\/\/labvet.cz\/blog\/wp-json\/wp\/v2\/categories?post=1279"},{"taxonomy":"post_tag","embeddable":true,"href":"https:\/\/labvet.cz\/blog\/wp-json\/wp\/v2\/tags?post=1279"}],"curies":[{"name":"wp","href":"https:\/\/api.w.org\/{rel}","templated":true}]}}