{"id":1838,"date":"2020-05-27T14:50:21","date_gmt":"2020-05-27T12:50:21","guid":{"rendered":"https:\/\/www.labvet.cz\/blog\/?p=1838"},"modified":"2025-03-10T23:27:19","modified_gmt":"2025-03-10T22:27:19","slug":"otazniky-kolem-genetickych-vysetreni","status":"publish","type":"post","link":"https:\/\/labvet.cz\/blog\/otazniky-kolem-genetickych-vysetreni\/","title":{"rendered":"Otazn\u00edky kolem genetick\u00fdch vy\u0161et\u0159en\u00ed"},"content":{"rendered":"\n<p>Na zdrav\u00ed ps\u016f je st\u00e1le v\u00edce zam\u011b\u0159ov\u00e1na pozornost chovatel\u016f a majitel\u016f  jednotliv\u00fdch plemen a tak\u00e9 kynologick\u00fdch organizac\u00ed od klub\u016f p\u0159es \u010ceskomoravskou kynologickou unii a\u017e po FCI. Psy tr\u00e1p\u00ed b\u011b\u017en\u00e1 onemocn\u011bn\u00ed,  tr\u00e1p\u00ed je ale i choroby, kter\u00e9 zd\u011bdili po rodi\u010d\u00edch, tedy choroby d\u011bdi\u010dn\u011b podm\u00edn\u011bn\u00e9. <\/p>\n\n\n\n<p>N\u00e1zev tohoto pov\u00edd\u00e1n\u00ed nen\u00ed \u00fapln\u011b p\u0159esn\u00fd. Spr\u00e1vn\u011b by m\u011bl zn\u00edt &#8222;Otazn\u00edky kolem prok\u00e1z\u00e1n\u00ed d\u011bdi\u010dn\u011b podm\u00edn\u011bn\u00fdch chorob.&#8220; <\/p>\n\n\n\n<p>Cel\u00e1 \u0159ada klub\u016f\nza\u0159azuje do podm\u00ednek pro za\u0159azen\u00ed do chovu po\u017eadavek na\nvy\u0161et\u0159en\u00ed zam\u011b\u0159en\u00e1 na uveden\u00fd typ probl\u00e9m\u016f. N\u011bkoho to t\u011b\u0161\u00ed,\nn\u011bkomu to vad\u00ed a mo\u017en\u00e1 tedy stoj\u00ed za to n\u011bco\nosv\u011btlit a upozornit na n\u011bkter\u00e9 probl\u00e9my, s kter\u00fdmi je\nt\u0159eba po\u010d\u00edtat.<\/p>\n\n\n\n<figure class=\"wp-block-image size-large\"><a href=\"https:\/\/labvet.online\/nase-sluzby\/webinare-labvetu\/webinar-priciny-nezabrezavani\/\" target=\"_blank\" rel=\"noopener\"><img loading=\"lazy\" decoding=\"async\" width=\"1024\" height=\"307\" src=\"https:\/\/labvet.cz\/blog\/wp-content\/uploads\/2023\/12\/Priciny-nezabrezavani-1024x307.jpg\" alt=\"\" class=\"wp-image-5810\" srcset=\"https:\/\/labvet.cz\/blog\/wp-content\/uploads\/2023\/12\/Priciny-nezabrezavani-1024x307.jpg 1024w, https:\/\/labvet.cz\/blog\/wp-content\/uploads\/2023\/12\/Priciny-nezabrezavani-300x90.jpg 300w, https:\/\/labvet.cz\/blog\/wp-content\/uploads\/2023\/12\/Priciny-nezabrezavani-768x230.jpg 768w, https:\/\/labvet.cz\/blog\/wp-content\/uploads\/2023\/12\/Priciny-nezabrezavani-1536x461.jpg 1536w, https:\/\/labvet.cz\/blog\/wp-content\/uploads\/2023\/12\/Priciny-nezabrezavani.jpg 2000w\" sizes=\"auto, (max-width: 767px) 89vw, (max-width: 1000px) 54vw, (max-width: 1071px) 543px, 580px\" \/><\/a><\/figure>\n\n\n\n<p>Vy\u0161et\u0159en\u00ed zam\u011b\u0159en\u00e1 na pr\u016fkaz d\u011bdi\u010dn\u011b podm\u00edn\u011bn\u00fdch onemocn\u011bn\u00ed se d\u011bl\u00ed do dvou kategori\u00ed. V\u00a0prvn\u00ed jsou zahrnuta genetick\u00e1 vy\u0161et\u0159en\u00ed, p\u0159i kter\u00fdch se ze vzorku krve, st\u011bru ze sliznice mordy nebo ze srsti stanov\u00ed, jak je z\u00a0pohledu ur\u010dit\u00e9 choroby pes zalo\u017een. V\u00a0druh\u00e9m p\u0159\u00edpad\u011b se jedn\u00e1 o vy\u0161et\u0159en\u00ed, p\u0159i kter\u00e9m se hledaj\u00ed p\u0159\u00edznaky dan\u00e9ho onemocn\u011bn\u00ed nebo p\u0159esn\u011bji zda se jedn\u00e1 o psa, u kter\u00e9ho se choroba projevila. V\u00a0odborn\u00e9 terminologii se pak pou\u017e\u00edv\u00e1 ozna\u010den\u00ed klinick\u00e9 vy\u0161et\u0159en\u00ed.<\/p>\n\n\n\n<p>\u0158ekne-li se d\u011bdi\u010dn\u011b podm\u00edn\u011bn\u00e1 choroba znamen\u00e1 to, \u017ee si potomek vlohu pro ni p\u0159inesl od obou rodi\u010d\u016f. Slovo obou je velmi d\u016fle\u017eit\u00e9, proto\u017ee jen minimum takov\u00fdch chorob m\u00e1 n\u011bjakou specifickou d\u011bdi\u010dnost nap\u0159. v\u00e1zanou na pohlav\u00ed a jen minimum m\u00e1 d\u011bdi\u010dnost dominatn\u00ed, tedy takovou, \u017ee sta\u010d\u00ed vloha od jednoho rodi\u010de a choroba se projev\u00ed.  <\/p>\n\n\n\n<p>U v\u011bt\u0161iny d\u011bdi\u010dn\u011b\npodm\u00edn\u011bn\u00fdch chorob je tak zvan\u00e1 recesivn\u00ed somatick\u00e1 d\u011bdi\u010dnost\na nesmysln\u00e9 z tohoto pohledu b\u00fdv\u00e1\nnap\u0159. tvrzen\u00ed, \u017ee &#8222;to zd\u011bdil po otci, moje fena nic\ntakov\u00e9ho ned\u00e1v\u00e1.&#8220; Z hlediska genetick\u00e9ho zalo\u017een\u00ed ve\nvztahu k ur\u010dit\u00e9mu d\u011bdi\u010dn\u011b podm\u00edn\u011bn\u00e9mu onemocn\u011bn\u00ed\nrozezn\u00e1v\u00e1me zhruba t\u0159i kategorie ps\u016f a fen:<\/p>\n\n\n\n<figure class=\"wp-block-image\"><img loading=\"lazy\" decoding=\"async\" width=\"810\" height=\"430\" src=\"https:\/\/www.labvet.cz\/blog\/wp-content\/uploads\/2020\/05\/Kopie-n\u00e1vrhu-Kopie-n\u00e1vrhu-Kopie-n\u00e1vrhu-Kopie-n\u00e1vrhu-Kopie-n\u00e1vrhu-N\u00e1vrh-bez-n\u00e1zvu3.png\" alt=\"genetika ps\u016f\" class=\"wp-image-1844\" srcset=\"https:\/\/labvet.cz\/blog\/wp-content\/uploads\/2020\/05\/Kopie-n\u00e1vrhu-Kopie-n\u00e1vrhu-Kopie-n\u00e1vrhu-Kopie-n\u00e1vrhu-Kopie-n\u00e1vrhu-N\u00e1vrh-bez-n\u00e1zvu3.png 810w, https:\/\/labvet.cz\/blog\/wp-content\/uploads\/2020\/05\/Kopie-n\u00e1vrhu-Kopie-n\u00e1vrhu-Kopie-n\u00e1vrhu-Kopie-n\u00e1vrhu-Kopie-n\u00e1vrhu-N\u00e1vrh-bez-n\u00e1zvu3-300x159.png 300w, https:\/\/labvet.cz\/blog\/wp-content\/uploads\/2020\/05\/Kopie-n\u00e1vrhu-Kopie-n\u00e1vrhu-Kopie-n\u00e1vrhu-Kopie-n\u00e1vrhu-Kopie-n\u00e1vrhu-N\u00e1vrh-bez-n\u00e1zvu3-768x408.png 768w\" sizes=\"auto, (max-width: 767px) 89vw, (max-width: 1000px) 54vw, (max-width: 1071px) 543px, 580px\" \/><figcaption class=\"wp-element-caption\">Foto Jan Tich\u00fd: cairn terier, chodsk\u00fd pes, staford\u0161\u00edrsk\u00fd bulteri\u00e9r<\/figcaption><\/figure>\n\n\n\n<p>1) jedinec je zdrav\u00fd\nklinicky i geneticky. Nemoc se u n\u011bj neprojev\u00ed a vlohu pro ni\nnem\u016f\u017ee p\u0159edat potomstvu. V\u00fdsledek genetick\u00e9ho vy\u0161et\u0159en\u00ed je\nuv\u00e1d\u011bn nap\u0159. jako clear\n(\u010dist\u00fd) nebo 0\/0.<\/p>\n\n\n\n<p>2) jedinec je\nklinicky zdrav\u00fd, ale pro dan\u00e9 onemocn\u011bn\u00ed m\u00e1 v sob\u011b vlohu,\nkterou m\u016f\u017ee p\u0159edat potomstvu. Takov\u00fd jedinec b\u00fdv\u00e1 ozna\u010dov\u00e1n\njako p\u0159ena\u0161e\u010d \u2013 carrier, a tak zn\u00ed i v\u00fdsledek genetick\u00e9ho\nvy\u0161et\u0159en\u00ed. P\u0159ena\u0161e\u010de nelze odhalit\nklinick\u00fdm vy\u0161et\u0159en\u00edm. Ne\u0159ekne n\u00e1m to tedy veterin\u00e1\u0159\np\u0159i b\u011b\u017en\u00e9 ani podrobn\u00e9 prohl\u00eddce psa,\nale chceme-li n\u011bco v\u011bd\u011bt, mus\u00edme poslat\nvzorky do specializovan\u00e9 laborato\u0159e<\/p>\n\n\n\n<p>3) jedinec je nemocn\u00fd nebo v pr\u016fb\u011bhu \u017eivota s nejv\u011bt\u0161\u00ed pravd\u011bpodobnost\u00ed onemocn\u00ed. V\u00fdsledek genetick\u00e9ho vy\u0161et\u0159en\u00ed zn\u00ed affected. Takov\u00fd jedinec v\u017edy vlohu pro onemocn\u011bn\u00ed p\u0159ed\u00e1v\u00e1 sv\u00fdm potomk\u016fm .  <\/p>\n\n\n\n<figure class=\"wp-block-image size-large\"><a href=\"https:\/\/labvet.online\/tahaky-1\/\" target=\"_blank\" rel=\"noopener\"><img loading=\"lazy\" decoding=\"async\" width=\"1024\" height=\"307\" src=\"https:\/\/labvet.cz\/blog\/wp-content\/uploads\/2023\/08\/BANNERY-E-book-1024x307.png\" alt=\"\" class=\"wp-image-5551\" srcset=\"https:\/\/labvet.cz\/blog\/wp-content\/uploads\/2023\/08\/BANNERY-E-book-1024x307.png 1024w, https:\/\/labvet.cz\/blog\/wp-content\/uploads\/2023\/08\/BANNERY-E-book-300x90.png 300w, https:\/\/labvet.cz\/blog\/wp-content\/uploads\/2023\/08\/BANNERY-E-book-768x230.png 768w, https:\/\/labvet.cz\/blog\/wp-content\/uploads\/2023\/08\/BANNERY-E-book-1536x461.png 1536w, https:\/\/labvet.cz\/blog\/wp-content\/uploads\/2023\/08\/BANNERY-E-book.png 2000w\" sizes=\"auto, (max-width: 767px) 89vw, (max-width: 1000px) 54vw, (max-width: 1071px) 543px, 580px\" \/><\/a><\/figure>\n\n\n\n<p>P\u0159ipomenout\nje asi t\u0159eba \u017ee to, \u017ee to, \u017ee je n\u00e1\u0161 pes nebo fenka schopen\np\u0159edat vlohu pro onemocn\u011bn\u00ed zjist\u00edme nejen genetick\u00fdm\nvy\u0161et\u0159en\u00edm. M\u016f\u017ee n\u00e1m to uk\u00e1zat i nep\u0159\u00edjemn\u00e1 situace, kdy se\npo n\u011bm \u010di po n\u00ed uk\u00e1\u017ee nemocn\u00fd jedinec. St\u00e1le ale plat\u00ed, \u017ee\na\u017e na mal\u00e9 v\u00fdjimky tuto vlohu z\u00edsk\u00e1v\u00e1 potomek od obou rodi\u010d\u016f.\n\n<\/p>\n\n\n\n<p>Z chovatelsk\u00e9ho\nhlediska jsou psi z prvn\u00ed kategorie pro chov ide\u00e1ln\u00ed. S druhou\nkategori\u00ed by se m\u011blo n\u011bjak\u00fdm zp\u016fsobem pracovat. Nab\u00edzej\u00ed se\ndv\u011b mo\u017enosti. Lze p\u0159ena\u0161e\u010de z chovu \u00fapln\u011b vylu\u010dovat nebo je\nmo\u017en\u00e9 stanovit pravidlo \u0159\u00edkaj\u00edc\u00ed, \u017ee p\u0159ena\u0161e\u010d m\u016f\u017ee b\u00fdt\nd\u00e1v\u00e1n do p\u00e1ru pouze s jedincem klinicky\ni geneticky zdrav\u00fdm. \n<\/p>\n\n\n\n<p>T\u0159et\u00ed kategorie by\nm\u011bla b\u00fdt z&nbsp;chovu vy\u0159azena. Probl\u00e9m\nnast\u00e1v\u00e1 tam, kde na dan\u00e9 onemocn\u011bn\u00ed nejsou k dispozici genetick\u00e1\nvy\u0161et\u0159en\u00ed. To se vztahuje nap\u0159. na celou \u0159adu o\u010dn\u00edch vad, na\nepilepsii nebo na cramp border teri\u00e9r\u016f. U t\u011bchto onemocn\u011bn\u00ed\nnepozn\u00e1me, zda je pes klinicky i geneticky zdrav\u00fd nebo zda se jedn\u00e1\no p\u0159ena\u0161e\u010de. \n<\/p>\n\n\n\n<figure class=\"wp-block-image\"><img loading=\"lazy\" decoding=\"async\" width=\"810\" height=\"430\" src=\"https:\/\/www.labvet.cz\/blog\/wp-content\/uploads\/2020\/05\/Kopie-n\u00e1vrhu-Kopie-n\u00e1vrhu-Kopie-n\u00e1vrhu-Kopie-n\u00e1vrhu-Kopie-n\u00e1vrhu-N\u00e1vrh-bez-n\u00e1zvu4.png\" alt=\"genetika ps\u016f\n\" class=\"wp-image-1849\" srcset=\"https:\/\/labvet.cz\/blog\/wp-content\/uploads\/2020\/05\/Kopie-n\u00e1vrhu-Kopie-n\u00e1vrhu-Kopie-n\u00e1vrhu-Kopie-n\u00e1vrhu-Kopie-n\u00e1vrhu-N\u00e1vrh-bez-n\u00e1zvu4.png 810w, https:\/\/labvet.cz\/blog\/wp-content\/uploads\/2020\/05\/Kopie-n\u00e1vrhu-Kopie-n\u00e1vrhu-Kopie-n\u00e1vrhu-Kopie-n\u00e1vrhu-Kopie-n\u00e1vrhu-N\u00e1vrh-bez-n\u00e1zvu4-300x159.png 300w, https:\/\/labvet.cz\/blog\/wp-content\/uploads\/2020\/05\/Kopie-n\u00e1vrhu-Kopie-n\u00e1vrhu-Kopie-n\u00e1vrhu-Kopie-n\u00e1vrhu-Kopie-n\u00e1vrhu-N\u00e1vrh-bez-n\u00e1zvu4-768x408.png 768w\" sizes=\"auto, (max-width: 767px) 89vw, (max-width: 1000px) 54vw, (max-width: 1071px) 543px, 580px\" \/><\/figure>\n\n\n\n<p>Do doby, ne\u017e se\np\u0159\u00edpadn\u00e9 onemocn\u011bn\u00ed projev\u00ed, nepozn\u00e1me ani, \u017ee je pes\ngeneticky a n\u00e1sledn\u011b i klinicky nemocn\u00fd. Typick\u00fdm p\u0159\u00edkladem je\nnap\u0159. vy\u0161et\u0159en\u00ed na d\u011bdi\u010dn\u011b podm\u00edn\u011bn\u00e9 o\u010dn\u00ed vady, kter\u00e9\nb\u00fdvaj\u00ed uv\u00e1d\u011bny pod zkratkou DOV. V jejich p\u0159\u00edpad\u011b se m\u016f\u017ee\nst\u00e1t, \u017ee nap\u0159. pes p\u016fsob\u00ed v chovu a kdy\u017e je mu p\u011bt let,\nchoroba se projev\u00ed. P\u0159itom se m\u016f\u017ee jednat o psa, kter\u00fd klinick\u00e9\nvy\u0161et\u0159en\u00ed o\u010dn\u00edm specialistou absolvoval p\u0159ed za\u0159azen\u00edm do\nchovu s v\u00fdsledkem \u2013 negativn\u00ed (zdrav\u00fd).<\/p>\n\n\n\n<p>Tolik n\u011bkolik vysv\u011bteln\u00ed \u00favodem. Omlouv\u00e1m se vzd\u011blan\u00fdm genetik\u016fm. Problematika d\u011bdi\u010dnosti je samoz\u0159ejm\u011b daleko slo\u017eit\u011bj\u0161\u00ed a vysv\u011btlov\u00e1n\u00ed v\u0161ech zp\u016fsob\u016f d\u011bdi\u010dnosti by se asi do kr\u00e1tk\u00e9ho \u010dl\u00e1nku neve\u0161lo.<\/p>\n\n\n\n<p>D\u011bdi\u010dn\u011b podm\u00edn\u011bn\u00e9 choroby postihuj\u00ed hodn\u011b plemen. U n\u011bkter\u00fdch plemen a n\u011bkter\u00fdch onemocn\u011bn\u00ed jsou vy\u0161et\u0159en\u00ed povinn\u00e1, v&nbsp;jin\u00fdch ne a majitel\u00e9 ps\u016f a fen se pak ptaj\u00ed: \u201e<em>Pro\u010d je po\u017eadov\u00e1no tak m\u00e1lo nebo naopak tak moc?\u201c<\/em><\/p>\n\n\n\n<figure class=\"wp-block-image size-full\"><img loading=\"lazy\" decoding=\"async\" width=\"900\" height=\"140\" src=\"https:\/\/labvet.cz\/blog\/wp-content\/uploads\/2023\/01\/Labvet-alergologie-220-800-465-13.jpg\" alt=\"labvet\" class=\"wp-image-4743\" srcset=\"https:\/\/labvet.cz\/blog\/wp-content\/uploads\/2023\/01\/Labvet-alergologie-220-800-465-13.jpg 900w, https:\/\/labvet.cz\/blog\/wp-content\/uploads\/2023\/01\/Labvet-alergologie-220-800-465-13-300x47.jpg 300w, https:\/\/labvet.cz\/blog\/wp-content\/uploads\/2023\/01\/Labvet-alergologie-220-800-465-13-768x119.jpg 768w\" sizes=\"auto, (max-width: 767px) 89vw, (max-width: 1000px) 54vw, (max-width: 1071px) 543px, 580px\" \/><\/figure>\n\n\n\n<p>Povinn\u00e9\nvy\u0161et\u0159ov\u00e1n\u00ed je v\u011bc velmi\nl\u00edbiv\u00e1. Hrajeme si ale &#8222;na p\u00edse\u010dku a v pen\u011b\u017eence&#8220;\nchovatel\u016f a je t\u0159eba rozhodnout, zda jde o pot\u0159ebn\u00e9 opat\u0159en\u00ed\nnebo o populistickou \u010d\u00e1rku. Ne\u017e se k\nn\u011b\u010demu takov\u00e9mu p\u0159istoup\u00ed, m\u011bla by b\u00fdt k dispozici cel\u00e1 \u0159ada\n\u00fadaj\u016f a d\u00e1na jasn\u00e1 pravidla.<\/p>\n\n\n\n<ol class=\"wp-block-list\">\n<li>M\u011blo\n\tby se ud\u011blat vy\u0161et\u0159en\u00ed co nejv\u011bt\u0161\u00ed \u010d\u00e1sti populace plemene,\n\tzat\u00edm bez restriktivn\u00edch opat\u0159en\u00ed, abychom v\u011bd\u011bli, u kolika\n\tps\u016f se dan\u00e9 onemocn\u011bn\u00ed vyskytuje a jak moc je z\u00e1va\u017en\u00e9\n\tz&nbsp;hlediska \u017eivota a vyu\u017eit\u00ed ps\u016f. Na z\u00e1klad\u011b v\u00fdsledk\u016f\n\tlze korektn\u011b rozhodnout, zda se opravdu jedn\u00e1 o probl\u00e9m,\n\tkter\u00fd je t\u0159eba plo\u0161n\u011b \u0159e\u0161it nebo o\n\tz\u00e1le\u017eitost preventivn\u00edho charakteru typu \u201eonemocn\u011bn\u00ed by se\n\tmohlo uk\u00e1zat, vy\u0161et\u0159en\u00ed mu p\u0159edch\u00e1z\u00ed.\u201c Je prost\u011b n\u011bco\n\tjin\u00e9ho, je-li posti\u017eeno 15-20% populace nebo se \u0159\u00eddit t\u00edm, \u017ee\n\tto n\u011bkde v&nbsp;zahrani\u010d\u00ed d\u011blaj\u00ed nebo \u017ee je nemoc u dan\u00e9ho\n\tplemene popisov\u00e1na.\n\t<\/li>\n\n\n\n<li>M\u011bli bychom\n\tv\u011bd\u011bt, zda existuje \u010di neexistuje genetick\u00e9 vy\u0161et\u0159en\u00ed a pokud\n\tano, zda jej prov\u00e1d\u00ed laborato\u0159, jej\u00ed\u017e v\u00fdsledky jsou obecn\u011b\n\tuzn\u00e1v\u00e1ny. V p\u0159\u00edpad\u011b, \u017ee neexistuje pro dan\u00e9\n\tonemocn\u011bn\u00ed genetick\u00e9 vy\u0161et\u0159en\u00ed a probl\u00e9m lze prok\u00e1zat\n\tvy\u0161et\u0159en\u00edm klinick\u00fdm, je t\u0159eba ur\u010dit, kdo je bude prov\u00e1d\u011bt a\n\tzda je t\u0159eba je v pravideln\u00fdch odstupech opakovat (DOV) nebo zda\n\tsta\u010d\u00ed jedno vy\u0161et\u0159en\u00ed (dysplazie ky\u010deln\u00edho kloubu, luxace\n\tpately). V&nbsp;p\u0159\u00edpad\u011b vy\u0161et\u0159en\u00ed je tady\n\tsituace trochu jednodu\u0161\u0161\u00ed. Komora veterin\u00e1rn\u00edch l\u00e9ka\u0159\u016f\n\tm\u00e1 na sv\u00fdch str\u00e1nk\u00e1ch seznam specialist\u016f, jejich\u017e verdikt\n\tlze uzn\u00e1vat.\n\t<\/li>\n\n\n\n<li>M\u011bli bychom\n\trozhodnout, kdo je opr\u00e1v\u011bn\u00fd vzorky na\n\tvy\u0161et\u0159en\u00ed odeb\u00edrat. Zat\u00edm to \u010dasto\n\td\u011blaj\u00ed majitel\u00e9 ps\u016f sami. Nechci podez\u0159\u00edvat n\u011bkoho z podvod\u016f,\n\tale jak zn\u00e1m \u010deskou vynal\u00e9zavost, ob\u010das\n\tto funguje tak, \u017ee se opakovan\u011b nab\u00edr\u00e1 jedinec, o kter\u00e9m se v\u00ed,\n\t\u017ee je geneticky i klinicky zdrav\u00fd a jeho\n\tv\u00fdsledky se pak ud\u00e1vaj\u00ed u jmen ps\u016f, kter\u00e9 v&nbsp;lep\u0161\u00edm\n\tp\u0159\u00edpad\u011b nikdo nevy\u0161et\u0159oval, v&nbsp;hor\u0161\u00edm se jedn\u00e1 o\n\tp\u0159ena\u0161e\u010de (carrier) nebo psy nemocn\u00e9 (affected). Ide\u00e1ln\u00ed je,\n\tkdy\u017e vzorky odeb\u00edr\u00e1 veterin\u00e1rn\u00ed l\u00e9ka\u0159, kter\u00fd z\u00e1rove\u0148\n\tpotvrzuje i identitu psa.\n\t<\/li>\n\n\n\n<li>Dal\u0161\u00edm\n\td\u016fle\u017eit\u00fdm faktorem je velikost chovn\u00e9 z\u00e1kladny plemene. Mohlo\n\tby se toti\u017e st\u00e1t, \u017ee jedno dobr\u00fdm \u00famyslem veden\u00e9 na\u0159\u00edzen\u00ed\n\tnatolik zmen\u0161\u00ed chovnou z\u00e1kladnu, \u017ee se nevyhneme p\u0159\u00edbuzensk\u00e9\n\tplemenitb\u011b. \u010cesk\u00e9 p\u0159\u00edslov\u00ed v\u00fdsti\u017en\u011b\n\thovo\u0159\u00ed o vylit\u00ed miminka se \u0161pinavou vodou z&nbsp;vani\u010dky.\n\tD\u016fvodem toho z\u00fa\u017een\u00ed nemus\u00ed b\u00fdt promo\u0159en\u00ed plemene chorobou,\n\tale prost\u00e1 neochota majitel\u016f ps\u016f je prov\u00e1d\u011bt.\n<\/li>\n<\/ol>\n\n\n\n<p>V\u00fd\u0161e uveden\u00e9 faktory jsou d\u016fvodem, pro\u010d je d\u016fle\u017eit\u00e9 zva\u017eovat, co je opravdu nutn\u00e9 a co ne.<\/p>\n\n\n\n<hr class=\"wp-block-separator has-css-opacity\"\/>\n\n\n\n<p>V Labvetu prov\u00e1d\u00edme odb\u011bry na genetick\u00e1 vy\u0161et\u0159en\u00ed a odes\u00edl\u00e1me vzorky na vy\u0161et\u0159en\u00ed podle po\u017eadavk\u016f majitel\u016f.<\/p>\n\n\n\n<figure class=\"wp-block-image size-full\"><a href=\"https:\/\/labvet.vetbook.eu\/kalendar.php\" target=\"_blank\" rel=\"noreferrer noopener\"><img loading=\"lazy\" decoding=\"async\" width=\"900\" height=\"140\" src=\"https:\/\/labvet.cz\/blog\/wp-content\/uploads\/2023\/05\/Labvet-alergologie-220-800-465-27.jpg\" alt=\"\" class=\"wp-image-5061\" srcset=\"https:\/\/labvet.cz\/blog\/wp-content\/uploads\/2023\/05\/Labvet-alergologie-220-800-465-27.jpg 900w, https:\/\/labvet.cz\/blog\/wp-content\/uploads\/2023\/05\/Labvet-alergologie-220-800-465-27-300x47.jpg 300w, https:\/\/labvet.cz\/blog\/wp-content\/uploads\/2023\/05\/Labvet-alergologie-220-800-465-27-768x119.jpg 768w\" sizes=\"auto, (max-width: 767px) 89vw, (max-width: 1000px) 54vw, (max-width: 1071px) 543px, 580px\" \/><\/a><\/figure>\n\n\n\n<h2 class=\"wp-block-heading\">veterinarniportal.cz: <a href=\"https:\/\/www.veterinarniportal.cz\/genetika-a-geneticke-vysetreni\/\" data-type=\"URL\" data-id=\"https:\/\/www.veterinarniportal.cz\/genetika-a-geneticke-vysetreni\/\" target=\"_blank\" rel=\"noreferrer noopener\">Genetika a genetick\u00e9 vy\u0161et\u0159en\u00ed<\/a><\/h2>\n\n\n\n<p><\/p>\n\n\n\n<figure class=\"wp-block-image size-full\"><a href=\"https:\/\/petshop.cymedica.cz\/labvet\/Shop?q=10%2B2\" target=\"_blank\" rel=\"noreferrer noopener\"><img loading=\"lazy\" decoding=\"async\" width=\"960\" height=\"240\" src=\"https:\/\/labvet.cz\/blog\/wp-content\/uploads\/2024\/01\/SPECIFIC-krmivo-pro-psy.jpg\" alt=\"krmiva specific\" class=\"wp-image-5951\" srcset=\"https:\/\/labvet.cz\/blog\/wp-content\/uploads\/2024\/01\/SPECIFIC-krmivo-pro-psy.jpg 960w, https:\/\/labvet.cz\/blog\/wp-content\/uploads\/2024\/01\/SPECIFIC-krmivo-pro-psy-300x75.jpg 300w, https:\/\/labvet.cz\/blog\/wp-content\/uploads\/2024\/01\/SPECIFIC-krmivo-pro-psy-768x192.jpg 768w\" sizes=\"auto, (max-width: 767px) 89vw, (max-width: 1000px) 54vw, (max-width: 1071px) 543px, 580px\" \/><\/a><figcaption class=\"wp-element-caption\">V\u00fdhodn\u00e9 cenov\u00e9 akce pr\u00e9miov\u00e9ho krmiva pro dosp\u011bl\u00e9 psy i \u0161t\u011b\u0148ata zna\u010dky Specific\u2122. V akci najdete i veterin\u00e1rn\u00ed dietu s n\u00edzk\u00fd obsahem tuk\u016f a kalori\u00ed pro psy s nadv\u00e1hou.<\/figcaption><\/figure>\n","protected":false},"excerpt":{"rendered":"<p>Cel\u00e1 \u0159ada klub\u016f za\u0159azuje do podm\u00ednek pro za\u0159azen\u00ed ps\u016f a fen do chovu po\u017eadavek na genetick\u00e1 vy\u0161et\u0159en\u00ed. <\/p>\n","protected":false},"author":5,"featured_media":5124,"comment_status":"open","ping_status":"open","sticky":false,"template":"","format":"standard","meta":{"_seopress_robots_primary_cat":"none","_seopress_titles_title":"Otazn\u00edky kolem genetick\u00fdch vy\u0161et\u0159en\u00ed | Labvet.cz","_seopress_titles_desc":"Cel\u00e1 \u0159ada klub\u016f za\u0159azuje do podm\u00ednek pro za\u0159azen\u00ed ps\u016f a fen do chovu po\u017eadavek na genetick\u00e1 vy\u0161et\u0159en\u00ed. ","_seopress_robots_index":"","footnotes":""},"categories":[10,126],"tags":[128,127,218,26],"class_list":["post-1838","post","type-post","status-publish","format-standard","has-post-thumbnail","hentry","category-reprodukce-psu","category-zdravy-pes","tag-geneticka-vysetreni-psu","tag-genetika-u-psu","tag-reprodukce-psu","tag-vladimira-ticha"],"yoast_head":"<!-- This site is optimized with the Yoast SEO plugin v25.2 - https:\/\/yoast.com\/wordpress\/plugins\/seo\/ -->\n<title>Otazn\u00edky kolem genetick\u00fdch vy\u0161et\u0159en\u00ed - Labvet blog<\/title>\n<meta name=\"robots\" content=\"index, follow, max-snippet:-1, max-image-preview:large, max-video-preview:-1\" \/>\n<link rel=\"canonical\" href=\"https:\/\/labvet.cz\/blog\/otazniky-kolem-genetickych-vysetreni\/\" \/>\n<meta property=\"og:locale\" content=\"cs_CZ\" \/>\n<meta property=\"og:type\" content=\"article\" \/>\n<meta property=\"og:title\" content=\"Otazn\u00edky kolem genetick\u00fdch vy\u0161et\u0159en\u00ed - Labvet blog\" \/>\n<meta property=\"og:description\" content=\"Cel\u00e1 \u0159ada klub\u016f za\u0159azuje do podm\u00ednek pro za\u0159azen\u00ed ps\u016f a fen do chovu po\u017eadavek na genetick\u00e1 vy\u0161et\u0159en\u00ed.\" \/>\n<meta property=\"og:url\" content=\"https:\/\/labvet.cz\/blog\/otazniky-kolem-genetickych-vysetreni\/\" \/>\n<meta property=\"og:site_name\" content=\"Labvet blog\" \/>\n<meta property=\"article:publisher\" content=\"https:\/\/www.facebook.com\/Labvet.cz\" \/>\n<meta property=\"article:published_time\" content=\"2020-05-27T12:50:21+00:00\" \/>\n<meta property=\"article:modified_time\" content=\"2025-03-10T22:27:19+00:00\" \/>\n<meta property=\"og:image\" content=\"https:\/\/labvet.cz\/blog\/wp-content\/uploads\/2020\/05\/Vyziva-brezi-fenky-1.png\" \/>\n\t<meta property=\"og:image:width\" content=\"820\" \/>\n\t<meta property=\"og:image:height\" content=\"462\" \/>\n\t<meta property=\"og:image:type\" content=\"image\/png\" \/>\n<meta name=\"author\" content=\"Vladim\u00edra Tich\u00e1\" \/>\n<meta name=\"twitter:card\" content=\"summary_large_image\" \/>\n<meta name=\"twitter:label1\" content=\"Napsal(a)\" \/>\n\t<meta name=\"twitter:data1\" content=\"Vladim\u00edra Tich\u00e1\" \/>\n\t<meta name=\"twitter:label2\" content=\"Odhadovan\u00e1 doba \u010dten\u00ed\" \/>\n\t<meta name=\"twitter:data2\" content=\"8 minut\" \/>\n<script type=\"application\/ld+json\" class=\"yoast-schema-graph\">{\"@context\":\"https:\/\/schema.org\",\"@graph\":[{\"@type\":\"Article\",\"@id\":\"https:\/\/labvet.cz\/blog\/otazniky-kolem-genetickych-vysetreni\/#article\",\"isPartOf\":{\"@id\":\"https:\/\/labvet.cz\/blog\/otazniky-kolem-genetickych-vysetreni\/\"},\"author\":{\"name\":\"Vladim\u00edra Tich\u00e1\",\"@id\":\"https:\/\/labvet.cz\/blog\/#\/schema\/person\/bbad2f1a9452008dfc405633ccda24b2\"},\"headline\":\"Otazn\u00edky kolem genetick\u00fdch vy\u0161et\u0159en\u00ed\",\"datePublished\":\"2020-05-27T12:50:21+00:00\",\"dateModified\":\"2025-03-10T22:27:19+00:00\",\"mainEntityOfPage\":{\"@id\":\"https:\/\/labvet.cz\/blog\/otazniky-kolem-genetickych-vysetreni\/\"},\"wordCount\":1605,\"commentCount\":0,\"publisher\":{\"@id\":\"https:\/\/labvet.cz\/blog\/#organization\"},\"image\":{\"@id\":\"https:\/\/labvet.cz\/blog\/otazniky-kolem-genetickych-vysetreni\/#primaryimage\"},\"thumbnailUrl\":\"https:\/\/labvet.cz\/blog\/wp-content\/uploads\/2020\/05\/Vyziva-brezi-fenky-1.png\",\"keywords\":[\"genetick\u00e1 vy\u0161et\u0159en\u00ed ps\u016f\",\"genetika u ps\u016f\",\"reprodukce ps\u016f\",\"Vladim\u00edra Tich\u00e1\"],\"articleSection\":[\"Reprodukce ps\u016f\",\"Zdrav\u00fd pes\"],\"inLanguage\":\"cs\",\"potentialAction\":[{\"@type\":\"CommentAction\",\"name\":\"Comment\",\"target\":[\"https:\/\/labvet.cz\/blog\/otazniky-kolem-genetickych-vysetreni\/#respond\"]}]},{\"@type\":\"WebPage\",\"@id\":\"https:\/\/labvet.cz\/blog\/otazniky-kolem-genetickych-vysetreni\/\",\"url\":\"https:\/\/labvet.cz\/blog\/otazniky-kolem-genetickych-vysetreni\/\",\"name\":\"Otazn\u00edky kolem genetick\u00fdch vy\u0161et\u0159en\u00ed - Labvet blog\",\"isPartOf\":{\"@id\":\"https:\/\/labvet.cz\/blog\/#website\"},\"primaryImageOfPage\":{\"@id\":\"https:\/\/labvet.cz\/blog\/otazniky-kolem-genetickych-vysetreni\/#primaryimage\"},\"image\":{\"@id\":\"https:\/\/labvet.cz\/blog\/otazniky-kolem-genetickych-vysetreni\/#primaryimage\"},\"thumbnailUrl\":\"https:\/\/labvet.cz\/blog\/wp-content\/uploads\/2020\/05\/Vyziva-brezi-fenky-1.png\",\"datePublished\":\"2020-05-27T12:50:21+00:00\",\"dateModified\":\"2025-03-10T22:27:19+00:00\",\"breadcrumb\":{\"@id\":\"https:\/\/labvet.cz\/blog\/otazniky-kolem-genetickych-vysetreni\/#breadcrumb\"},\"inLanguage\":\"cs\",\"potentialAction\":[{\"@type\":\"ReadAction\",\"target\":[\"https:\/\/labvet.cz\/blog\/otazniky-kolem-genetickych-vysetreni\/\"]}]},{\"@type\":\"ImageObject\",\"inLanguage\":\"cs\",\"@id\":\"https:\/\/labvet.cz\/blog\/otazniky-kolem-genetickych-vysetreni\/#primaryimage\",\"url\":\"https:\/\/labvet.cz\/blog\/wp-content\/uploads\/2020\/05\/Vyziva-brezi-fenky-1.png\",\"contentUrl\":\"https:\/\/labvet.cz\/blog\/wp-content\/uploads\/2020\/05\/Vyziva-brezi-fenky-1.png\",\"width\":820,\"height\":462},{\"@type\":\"BreadcrumbList\",\"@id\":\"https:\/\/labvet.cz\/blog\/otazniky-kolem-genetickych-vysetreni\/#breadcrumb\",\"itemListElement\":[{\"@type\":\"ListItem\",\"position\":1,\"name\":\"Dom\u016f\",\"item\":\"https:\/\/labvet.cz\/blog\/\"},{\"@type\":\"ListItem\",\"position\":2,\"name\":\"Otazn\u00edky kolem genetick\u00fdch vy\u0161et\u0159en\u00ed\"}]},{\"@type\":\"WebSite\",\"@id\":\"https:\/\/labvet.cz\/blog\/#website\",\"url\":\"https:\/\/labvet.cz\/blog\/\",\"name\":\"Labvet blog\",\"description\":\"pro chovatele i veterin\u00e1rn\u00ed l\u00e9ka\u0159e\",\"publisher\":{\"@id\":\"https:\/\/labvet.cz\/blog\/#organization\"},\"potentialAction\":[{\"@type\":\"SearchAction\",\"target\":{\"@type\":\"EntryPoint\",\"urlTemplate\":\"https:\/\/labvet.cz\/blog\/?s={search_term_string}\"},\"query-input\":{\"@type\":\"PropertyValueSpecification\",\"valueRequired\":true,\"valueName\":\"search_term_string\"}}],\"inLanguage\":\"cs\"},{\"@type\":\"Organization\",\"@id\":\"https:\/\/labvet.cz\/blog\/#organization\",\"name\":\"Labvet.cz\",\"url\":\"https:\/\/labvet.cz\/blog\/\",\"logo\":{\"@type\":\"ImageObject\",\"inLanguage\":\"cs\",\"@id\":\"https:\/\/labvet.cz\/blog\/#\/schema\/logo\/image\/\",\"url\":\"https:\/\/labvet.cz\/blog\/wp-content\/uploads\/2023\/08\/cropped-Navrh-bez-nazvu.png\",\"contentUrl\":\"https:\/\/labvet.cz\/blog\/wp-content\/uploads\/2023\/08\/cropped-Navrh-bez-nazvu.png\",\"width\":300,\"height\":300,\"caption\":\"Labvet.cz\"},\"image\":{\"@id\":\"https:\/\/labvet.cz\/blog\/#\/schema\/logo\/image\/\"},\"sameAs\":[\"https:\/\/www.facebook.com\/Labvet.cz\",\"https:\/\/www.instagram.com\/labvet.cz\/\",\"https:\/\/www.linkedin.com\/showcase\/94138348\/admin\/dashboard\/\"]},{\"@type\":\"Person\",\"@id\":\"https:\/\/labvet.cz\/blog\/#\/schema\/person\/bbad2f1a9452008dfc405633ccda24b2\",\"name\":\"Vladim\u00edra Tich\u00e1\",\"image\":{\"@type\":\"ImageObject\",\"inLanguage\":\"cs\",\"@id\":\"https:\/\/labvet.cz\/blog\/#\/schema\/person\/image\/\",\"url\":\"https:\/\/secure.gravatar.com\/avatar\/006249f2c43485b8397ae08eea7ba7f3e6b682795e8e33ea4c7dcf34d196813e?s=96&d=mm&r=g\",\"contentUrl\":\"https:\/\/secure.gravatar.com\/avatar\/006249f2c43485b8397ae08eea7ba7f3e6b682795e8e33ea4c7dcf34d196813e?s=96&d=mm&r=g\",\"caption\":\"Vladim\u00edra Tich\u00e1\"},\"url\":\"https:\/\/labvet.cz\/blog\/author\/vladimira\/\"}]}<\/script>\n<!-- \/ Yoast SEO plugin. -->","yoast_head_json":{"title":"Otazn\u00edky kolem genetick\u00fdch vy\u0161et\u0159en\u00ed - Labvet blog","robots":{"index":"index","follow":"follow","max-snippet":"max-snippet:-1","max-image-preview":"max-image-preview:large","max-video-preview":"max-video-preview:-1"},"canonical":"https:\/\/labvet.cz\/blog\/otazniky-kolem-genetickych-vysetreni\/","og_locale":"cs_CZ","og_type":"article","og_title":"Otazn\u00edky kolem genetick\u00fdch vy\u0161et\u0159en\u00ed - Labvet blog","og_description":"Cel\u00e1 \u0159ada klub\u016f za\u0159azuje do podm\u00ednek pro za\u0159azen\u00ed ps\u016f a fen do chovu po\u017eadavek na genetick\u00e1 vy\u0161et\u0159en\u00ed.","og_url":"https:\/\/labvet.cz\/blog\/otazniky-kolem-genetickych-vysetreni\/","og_site_name":"Labvet blog","article_publisher":"https:\/\/www.facebook.com\/Labvet.cz","article_published_time":"2020-05-27T12:50:21+00:00","article_modified_time":"2025-03-10T22:27:19+00:00","og_image":[{"width":820,"height":462,"url":"https:\/\/labvet.cz\/blog\/wp-content\/uploads\/2020\/05\/Vyziva-brezi-fenky-1.png","type":"image\/png"}],"author":"Vladim\u00edra Tich\u00e1","twitter_card":"summary_large_image","twitter_misc":{"Napsal(a)":"Vladim\u00edra Tich\u00e1","Odhadovan\u00e1 doba \u010dten\u00ed":"8 minut"},"schema":{"@context":"https:\/\/schema.org","@graph":[{"@type":"Article","@id":"https:\/\/labvet.cz\/blog\/otazniky-kolem-genetickych-vysetreni\/#article","isPartOf":{"@id":"https:\/\/labvet.cz\/blog\/otazniky-kolem-genetickych-vysetreni\/"},"author":{"name":"Vladim\u00edra Tich\u00e1","@id":"https:\/\/labvet.cz\/blog\/#\/schema\/person\/bbad2f1a9452008dfc405633ccda24b2"},"headline":"Otazn\u00edky kolem genetick\u00fdch vy\u0161et\u0159en\u00ed","datePublished":"2020-05-27T12:50:21+00:00","dateModified":"2025-03-10T22:27:19+00:00","mainEntityOfPage":{"@id":"https:\/\/labvet.cz\/blog\/otazniky-kolem-genetickych-vysetreni\/"},"wordCount":1605,"commentCount":0,"publisher":{"@id":"https:\/\/labvet.cz\/blog\/#organization"},"image":{"@id":"https:\/\/labvet.cz\/blog\/otazniky-kolem-genetickych-vysetreni\/#primaryimage"},"thumbnailUrl":"https:\/\/labvet.cz\/blog\/wp-content\/uploads\/2020\/05\/Vyziva-brezi-fenky-1.png","keywords":["genetick\u00e1 vy\u0161et\u0159en\u00ed ps\u016f","genetika u ps\u016f","reprodukce ps\u016f","Vladim\u00edra Tich\u00e1"],"articleSection":["Reprodukce ps\u016f","Zdrav\u00fd pes"],"inLanguage":"cs","potentialAction":[{"@type":"CommentAction","name":"Comment","target":["https:\/\/labvet.cz\/blog\/otazniky-kolem-genetickych-vysetreni\/#respond"]}]},{"@type":"WebPage","@id":"https:\/\/labvet.cz\/blog\/otazniky-kolem-genetickych-vysetreni\/","url":"https:\/\/labvet.cz\/blog\/otazniky-kolem-genetickych-vysetreni\/","name":"Otazn\u00edky kolem genetick\u00fdch vy\u0161et\u0159en\u00ed - Labvet blog","isPartOf":{"@id":"https:\/\/labvet.cz\/blog\/#website"},"primaryImageOfPage":{"@id":"https:\/\/labvet.cz\/blog\/otazniky-kolem-genetickych-vysetreni\/#primaryimage"},"image":{"@id":"https:\/\/labvet.cz\/blog\/otazniky-kolem-genetickych-vysetreni\/#primaryimage"},"thumbnailUrl":"https:\/\/labvet.cz\/blog\/wp-content\/uploads\/2020\/05\/Vyziva-brezi-fenky-1.png","datePublished":"2020-05-27T12:50:21+00:00","dateModified":"2025-03-10T22:27:19+00:00","breadcrumb":{"@id":"https:\/\/labvet.cz\/blog\/otazniky-kolem-genetickych-vysetreni\/#breadcrumb"},"inLanguage":"cs","potentialAction":[{"@type":"ReadAction","target":["https:\/\/labvet.cz\/blog\/otazniky-kolem-genetickych-vysetreni\/"]}]},{"@type":"ImageObject","inLanguage":"cs","@id":"https:\/\/labvet.cz\/blog\/otazniky-kolem-genetickych-vysetreni\/#primaryimage","url":"https:\/\/labvet.cz\/blog\/wp-content\/uploads\/2020\/05\/Vyziva-brezi-fenky-1.png","contentUrl":"https:\/\/labvet.cz\/blog\/wp-content\/uploads\/2020\/05\/Vyziva-brezi-fenky-1.png","width":820,"height":462},{"@type":"BreadcrumbList","@id":"https:\/\/labvet.cz\/blog\/otazniky-kolem-genetickych-vysetreni\/#breadcrumb","itemListElement":[{"@type":"ListItem","position":1,"name":"Dom\u016f","item":"https:\/\/labvet.cz\/blog\/"},{"@type":"ListItem","position":2,"name":"Otazn\u00edky kolem genetick\u00fdch vy\u0161et\u0159en\u00ed"}]},{"@type":"WebSite","@id":"https:\/\/labvet.cz\/blog\/#website","url":"https:\/\/labvet.cz\/blog\/","name":"Labvet blog","description":"pro chovatele i veterin\u00e1rn\u00ed l\u00e9ka\u0159e","publisher":{"@id":"https:\/\/labvet.cz\/blog\/#organization"},"potentialAction":[{"@type":"SearchAction","target":{"@type":"EntryPoint","urlTemplate":"https:\/\/labvet.cz\/blog\/?s={search_term_string}"},"query-input":{"@type":"PropertyValueSpecification","valueRequired":true,"valueName":"search_term_string"}}],"inLanguage":"cs"},{"@type":"Organization","@id":"https:\/\/labvet.cz\/blog\/#organization","name":"Labvet.cz","url":"https:\/\/labvet.cz\/blog\/","logo":{"@type":"ImageObject","inLanguage":"cs","@id":"https:\/\/labvet.cz\/blog\/#\/schema\/logo\/image\/","url":"https:\/\/labvet.cz\/blog\/wp-content\/uploads\/2023\/08\/cropped-Navrh-bez-nazvu.png","contentUrl":"https:\/\/labvet.cz\/blog\/wp-content\/uploads\/2023\/08\/cropped-Navrh-bez-nazvu.png","width":300,"height":300,"caption":"Labvet.cz"},"image":{"@id":"https:\/\/labvet.cz\/blog\/#\/schema\/logo\/image\/"},"sameAs":["https:\/\/www.facebook.com\/Labvet.cz","https:\/\/www.instagram.com\/labvet.cz\/","https:\/\/www.linkedin.com\/showcase\/94138348\/admin\/dashboard\/"]},{"@type":"Person","@id":"https:\/\/labvet.cz\/blog\/#\/schema\/person\/bbad2f1a9452008dfc405633ccda24b2","name":"Vladim\u00edra Tich\u00e1","image":{"@type":"ImageObject","inLanguage":"cs","@id":"https:\/\/labvet.cz\/blog\/#\/schema\/person\/image\/","url":"https:\/\/secure.gravatar.com\/avatar\/006249f2c43485b8397ae08eea7ba7f3e6b682795e8e33ea4c7dcf34d196813e?s=96&d=mm&r=g","contentUrl":"https:\/\/secure.gravatar.com\/avatar\/006249f2c43485b8397ae08eea7ba7f3e6b682795e8e33ea4c7dcf34d196813e?s=96&d=mm&r=g","caption":"Vladim\u00edra Tich\u00e1"},"url":"https:\/\/labvet.cz\/blog\/author\/vladimira\/"}]}},"_links":{"self":[{"href":"https:\/\/labvet.cz\/blog\/wp-json\/wp\/v2\/posts\/1838","targetHints":{"allow":["GET"]}}],"collection":[{"href":"https:\/\/labvet.cz\/blog\/wp-json\/wp\/v2\/posts"}],"about":[{"href":"https:\/\/labvet.cz\/blog\/wp-json\/wp\/v2\/types\/post"}],"author":[{"embeddable":true,"href":"https:\/\/labvet.cz\/blog\/wp-json\/wp\/v2\/users\/5"}],"replies":[{"embeddable":true,"href":"https:\/\/labvet.cz\/blog\/wp-json\/wp\/v2\/comments?post=1838"}],"version-history":[{"count":20,"href":"https:\/\/labvet.cz\/blog\/wp-json\/wp\/v2\/posts\/1838\/revisions"}],"predecessor-version":[{"id":6625,"href":"https:\/\/labvet.cz\/blog\/wp-json\/wp\/v2\/posts\/1838\/revisions\/6625"}],"wp:featuredmedia":[{"embeddable":true,"href":"https:\/\/labvet.cz\/blog\/wp-json\/wp\/v2\/media\/5124"}],"wp:attachment":[{"href":"https:\/\/labvet.cz\/blog\/wp-json\/wp\/v2\/media?parent=1838"}],"wp:term":[{"taxonomy":"category","embeddable":true,"href":"https:\/\/labvet.cz\/blog\/wp-json\/wp\/v2\/categories?post=1838"},{"taxonomy":"post_tag","embeddable":true,"href":"https:\/\/labvet.cz\/blog\/wp-json\/wp\/v2\/tags?post=1838"}],"curies":[{"name":"wp","href":"https:\/\/api.w.org\/{rel}","templated":true}]}}