{"id":2597,"date":"2020-11-17T15:40:20","date_gmt":"2020-11-17T14:40:20","guid":{"rendered":"https:\/\/www.labvet.cz\/blog\/?p=2597"},"modified":"2025-03-07T19:16:48","modified_gmt":"2025-03-07T18:16:48","slug":"pes-v-zime","status":"publish","type":"post","link":"https:\/\/labvet.cz\/blog\/pes-v-zime\/","title":{"rendered":"Pes v zim\u011b"},"content":{"rendered":"\n<p>Svat\u00fd Martin letos na b\u00edl\u00e9m koni nep\u0159ijel, p\u0159esto je mo\u017en\u00e1 rozumn\u00e9 se trochu zamyslet nad p\u00e9\u010d\u00ed o psa v&nbsp;zim\u011b. Ve fyziologii zv\u00ed\u0159at i lid\u00ed se pou\u017e\u00edv\u00e1 term\u00edn <strong>termoregulace<\/strong>. Do srozumiteln\u00e9 \u0159e\u010di p\u0159evedeno je to schopnost \u017eiv\u00e9ho organizmu kontrolovat a ovliv\u0148ovat svoj\u00ed t\u011blesnou teplotu. Ta se u r\u016fzn\u00fdch druh\u016f zv\u00ed\u0159at li\u0161\u00ed a m\u016f\u017ee se li\u0161it i v&nbsp;r\u00e1mci plemen, pohlav\u00ed nebo pr\u016fb\u011bhu dne.<\/p>\n\n\n\n<p>Pan William O. Reece ve sv\u00e9 publikaci Fysiologie dom\u00e1c\u00edch zv\u00ed\u0159at uv\u00e1d\u00ed u psa rozmez\u00ed t\u011blesn\u00e9 teploty 37,9-39,9 <sup>o<\/sup>C, u slepice 40,6-43,0 <sup>o<\/sup>C a u velblouda 34,2-40,7<sup> o<\/sup>C . Pravdou je, \u017ee pokud p\u0159ijde k&nbsp;veterin\u00e1\u0159i pes s&nbsp;teplotou nad 39 <sup>o<\/sup>C, pova\u017euje se to za zv\u00fd\u0161enou teplotu a zva\u017euje se, \u010d\u00edm je zp\u016fsobena, zda chorobou nebo nap\u0159. roz\u010dilen\u00edm.<\/p>\n\n\n\n<figure class=\"wp-block-image size-large\"><a href=\"https:\/\/labvet.vetbook.eu\/kalendar.php\" target=\"_blank\" rel=\"noreferrer noopener\"><img loading=\"lazy\" decoding=\"async\" width=\"1024\" height=\"256\" src=\"https:\/\/labvet.cz\/blog\/wp-content\/uploads\/2019\/08\/dermatologie-1024x256.png\" alt=\"\" class=\"wp-image-5746\" srcset=\"https:\/\/labvet.cz\/blog\/wp-content\/uploads\/2019\/08\/dermatologie-1024x256.png 1024w, https:\/\/labvet.cz\/blog\/wp-content\/uploads\/2019\/08\/dermatologie-300x75.png 300w, https:\/\/labvet.cz\/blog\/wp-content\/uploads\/2019\/08\/dermatologie-768x192.png 768w, https:\/\/labvet.cz\/blog\/wp-content\/uploads\/2019\/08\/dermatologie-1536x384.png 1536w, https:\/\/labvet.cz\/blog\/wp-content\/uploads\/2019\/08\/dermatologie.png 1584w\" sizes=\"auto, (max-width: 767px) 89vw, (max-width: 1000px) 54vw, (max-width: 1071px) 543px, 580px\" \/><\/a><figcaption class=\"wp-element-caption\">Pes v zim\u011b, dlouhosrst\u00fd vipet &#8211; foto Jan Tich\u00fd<\/figcaption><\/figure>\n\n\n\n<p>Zp\u016fsoby termoregulace u \u010dlov\u011bka a psa se li\u0161\u00ed. \u010clov\u011bk se mimo jin\u00e9 ochlazuje pocen\u00edm \u010d\u00e1st\u00ed nebo cel\u00e9ho t\u011bla. Pes se pot\u00ed pouze na tlapk\u00e1ch, ale se sn\u00ed\u017een\u00edm teploty organizmu to nem\u00e1 moc spole\u010dn\u00e9ho. Naopak i mal\u00e9 d\u00edt\u011b v\u00ed, \u017ee rychle d\u00fdchaj\u00edc\u00ed pes s&nbsp;vyplazen\u00fdm jazykem je asi pes, kter\u00fd pot\u0159ebuje sv\u016fj organizmus ochladit. D\u011bl\u00e1 to pomoc\u00ed rychl\u00e9 v\u00fdm\u011bny vzduchu, kter\u00fd svoj\u00ed cestou d\u00fdchac\u00edm \u00fastroj\u00edm p\u0159in\u00e1\u0161\u00ed chlad a odn\u00e1\u0161\u00ed teplo. To, \u017ee je d\u00fdch\u00e1n\u00ed zrychlen\u00e9, m\u00e1 praktick\u00fd podklad. Chladn\u011bj\u0161\u00ed vzduch se nedost\u00e1v\u00e1 a\u017e do plicn\u00edch skl\u00edpk\u016f a nedoch\u00e1z\u00ed k&nbsp;jejich hyperventilaci.<\/p>\n\n\n\n<p>Velk\u00fd v\u00fdznam p\u0159i termoregulaci m\u00e1 krev. Pr\u00e1v\u011b ona je t\u00edm, kdo rozn\u00e1\u0161\u00ed teplo z&nbsp;vnit\u0159ku t\u011bla a\u017e na povrch k\u016f\u017ee. D\u016fle\u017eitou \u00falohu hraje hust\u00e1 s\u00ed\u0165 krevn\u00edch vl\u00e1se\u010dnic v&nbsp;k\u016f\u017ei psa. Cel\u00fd proces je velmi slo\u017eit\u00fd, ale stru\u010dn\u011b \u0159e\u010deno kdy\u017e je psovi horko, c\u00e9vky se roz\u0161i\u0159uj\u00ed a umo\u017e\u0148uj\u00ed tak v\u011bt\u0161\u00ed v\u00fddej tepla. Kdy\u017e je psovi naopak zima z\u00fa\u017e\u00ed se a v\u00fddej tepla se omez\u00ed.<\/p>\n\n\n\n<figure class=\"wp-block-image size-large\"><img loading=\"lazy\" decoding=\"async\" width=\"940\" height=\"788\" src=\"https:\/\/www.labvet.cz\/blog\/wp-content\/uploads\/2020\/11\/Schematick\u00e9-zn\u00e1zorn\u011bn\u00ed-nerv\u016f-a-\u017el\u00e1z-na-\u0159ezu-k\u016f\u017e\u00ed-psa..png\" alt=\"\" class=\"wp-image-2607\" srcset=\"https:\/\/labvet.cz\/blog\/wp-content\/uploads\/2020\/11\/Schematick\u00e9-zn\u00e1zorn\u011bn\u00ed-nerv\u016f-a-\u017el\u00e1z-na-\u0159ezu-k\u016f\u017e\u00ed-psa..png 940w, https:\/\/labvet.cz\/blog\/wp-content\/uploads\/2020\/11\/Schematick\u00e9-zn\u00e1zorn\u011bn\u00ed-nerv\u016f-a-\u017el\u00e1z-na-\u0159ezu-k\u016f\u017e\u00ed-psa.-300x251.png 300w, https:\/\/labvet.cz\/blog\/wp-content\/uploads\/2020\/11\/Schematick\u00e9-zn\u00e1zorn\u011bn\u00ed-nerv\u016f-a-\u017el\u00e1z-na-\u0159ezu-k\u016f\u017e\u00ed-psa.-768x644.png 768w\" sizes=\"auto, (max-width: 767px) 89vw, (max-width: 1000px) 54vw, (max-width: 1071px) 543px, 580px\" \/><figcaption class=\"wp-element-caption\">Schematick\u00e9 zn\u00e1zorn\u011bn\u00ed nerv\u016f a \u017el\u00e1z na \u0159ezu k\u016f\u017e\u00ed psa. Krevn\u00ed z\u00e1soben\u00ed nen\u00ed uvedeno; a, b &#8211; sou\u010d\u00e1sti nervov\u00e9 pleten\u011b v k\u016f\u017ei a chlupov\u00e9m v\u00e1\u010dku; c &#8211; specializovan\u00fd senzorick\u00fd org\u00e1n (typick\u00fd pro chlad nebo teplo). Smr\u0161t\u011bn\u00edm svalu nap\u0159imova\u010de chlupu se nap\u0159\u00edm\u00ed chlupov\u00fd folikul. P\u0159evzato z Muller GH, Kirk RW, Scott DW &#8211;  Small animal dermatology.<\/figcaption><\/figure>\n\n\n\n<p>Z\u00fa\u017een\u00ed \u010di roz\u0161\u00ed\u0159en\u00ed krevn\u00edch vl\u00e1se\u010dnic nen\u00ed jedin\u00fdm termoregula\u010dn\u00edm n\u00e1strojem. Mezi ty br\u00e1n\u00edc\u00ed v\u00fddeji tepla nap\u0159. pat\u0159\u00ed:<\/p>\n\n\n\n<ul class=\"wp-block-list\">\n<li>schopnost psa se schoulit a tak omezit plochu t\u011bla p\u0159ich\u00e1zej\u00edc\u00ed do kontaktu se zevn\u00edm chladem<\/li>\n\n\n\n<li>zv\u00fd\u0161en\u00ed objemu izola\u010dn\u00ed vrstvy tvo\u0159en\u00e9 srst\u00ed. Je-li psovi zima, srst se naje\u017e\u00ed a vzduchov\u00e1 izola\u010dn\u00ed vrstva se zv\u011bt\u0161\u00ed. Odborn\u011b se tomu \u0159\u00edk\u00e1 piloerekce<\/li>\n\n\n\n<li>zv\u011bt\u0161en\u00e1 vrstva podko\u017en\u00edho tuku. To je n\u011bco, co u v&nbsp;byt\u011b \u017eij\u00edc\u00edch ps\u016f asi moc nevid\u00edme. U nich jsou tukov\u00e9 vrstvy v\u00edce n\u00e1sledkem loud\u011bn\u00ed a nadm\u00edry dobrot ne\u017e zimy.<\/li>\n\n\n\n<li>zaj\u00edmav\u00fd je zp\u016fsob \u00faspory tepla v&nbsp;p\u0159\u00edpad\u011b kon\u010detin. Tepny, kter\u00e9 vedou od srdce oh\u0159\u00e1tou krev jsou ulo\u017eeny bl\u00edzko \u017eil, v&nbsp;kter\u00fdch je naopak krev chladn\u011bj\u0161\u00ed. D\u00edky bl\u00edzk\u00e9mu ulo\u017een\u00ed \u010d\u00e1st tepla p\u0159ech\u00e1z\u00ed z&nbsp;tepen do \u017eil a naopak<\/li>\n\n\n\n<li>podchlazen\u00ed organizmu do ur\u010dit\u00e9 m\u00edry br\u00e1n\u00ed i t\u0159es t\u011bla<\/li>\n<\/ul>\n\n\n\n<p>Obecn\u011b plat\u00ed, \u017ee ps\u016fm zima nevad\u00ed, i kdy\u017e je to pro n\u011b stejn\u011b jako pro ostatn\u00ed \u017eiv\u00e9 tvory n\u00e1ro\u010dn\u011bj\u0161\u00ed obdob\u00ed a z\u00e1le\u017e\u00ed na n\u00e1s lidech, jak jim ho svoj\u00ed p\u00e9\u010d\u00ed usnadn\u00edme \u010di naopak zkomplikujeme.<\/p>\n\n\n\n<figure class=\"wp-block-image size-large\"><a href=\"https:\/\/labvet.online\/nase-sluzby\/ke-stazeni\/tahak-kozni-a-plisnova-onemocneni\/\" target=\"_blank\" rel=\"noreferrer noopener\"><img loading=\"lazy\" decoding=\"async\" width=\"1024\" height=\"307\" src=\"https:\/\/labvet.cz\/blog\/wp-content\/uploads\/2023\/02\/2-1024x307.png\" alt=\"\" class=\"wp-image-4927\" srcset=\"https:\/\/labvet.cz\/blog\/wp-content\/uploads\/2023\/02\/2-1024x307.png 1024w, https:\/\/labvet.cz\/blog\/wp-content\/uploads\/2023\/02\/2-300x90.png 300w, https:\/\/labvet.cz\/blog\/wp-content\/uploads\/2023\/02\/2-768x230.png 768w, https:\/\/labvet.cz\/blog\/wp-content\/uploads\/2023\/02\/2-1536x461.png 1536w, https:\/\/labvet.cz\/blog\/wp-content\/uploads\/2023\/02\/2.png 2000w\" sizes=\"auto, (max-width: 767px) 89vw, (max-width: 1000px) 54vw, (max-width: 1071px) 543px, 580px\" \/><\/a><\/figure>\n\n\n\n<p>Majitel\u00e9 ps\u016f se \u010dasto ptaj\u00ed, zda i v&nbsp;zim\u011b m\u00e1 m\u00edt pes hodn\u011b pohybu nebo zda jsou vhodn\u011bj\u0161\u00ed kr\u00e1tk\u00e9 proch\u00e1zky. Odpov\u011b\u010f na uvedenou ot\u00e1zku nen\u00ed jednozna\u010dn\u00e1. Velmi z\u00e1le\u017e\u00ed na pov\u011btrnostn\u00edch podm\u00ednk\u00e1ch. Nad zkr\u00e1cen\u00edm norm\u00e1ln\u00ed d\u00e9lky proch\u00e1zky bychom m\u011bli uva\u017eovat snad a\u017e v p\u0159\u00edpad\u011b siln\u00fdch mraz\u016f a ani pro psy nejsou p\u0159\u00edjemn\u00e9 studen\u00e9 de\u0161t\u011b kombinovan\u00e9 s v\u011btrem. D\u016fle\u017eit\u00e1 je i forma ven\u010den\u00ed. N\u011bco jin\u00e9ho je ve sn\u011bhu radostn\u011b pob\u00edhaj\u00edc\u00ed pes a n\u011bco jin\u00e9ho pes na vod\u00edtku, kter\u00fd mezi lou\u017eemi a zmrazky pomalou ch\u016fz\u00ed doprov\u00e1z\u00ed sv\u00e9ho majitele.<\/p>\n\n\n\n<p>Velmi z\u00e1le\u017e\u00ed tak\u00e9 na v\u011bku a plemeni psa. Jin\u00e1 je situace star\u0161\u00edch a h\u016f\u0159e se pohybuj\u00edc\u00edch ps\u016f, mal\u00fdch \u0161t\u011b\u0148at nebo plemen nah\u00e1\u010d\u016f. Roli samoz\u0159ejm\u011b hraje i zdrav\u00ed psa.<\/p>\n\n\n\n<figure class=\"wp-block-image size-large\"><img loading=\"lazy\" decoding=\"async\" width=\"810\" height=\"430\" src=\"https:\/\/www.labvet.cz\/blog\/wp-content\/uploads\/2020\/11\/Kopie-n\u00e1vrhu-Kopie-n\u00e1vrhu-Kopie-n\u00e1vrhu-Kopie-n\u00e1vrhu-Kopie-n\u00e1vrhu-Kopie-n\u00e1vrhu-Kopie-n\u00e1vrhu-Kopie-n\u00e1vrhu-N\u00e1vrh-bez-n\u00e1zvu11.png\" alt=\"\" class=\"wp-image-2609\" srcset=\"https:\/\/labvet.cz\/blog\/wp-content\/uploads\/2020\/11\/Kopie-n\u00e1vrhu-Kopie-n\u00e1vrhu-Kopie-n\u00e1vrhu-Kopie-n\u00e1vrhu-Kopie-n\u00e1vrhu-Kopie-n\u00e1vrhu-Kopie-n\u00e1vrhu-Kopie-n\u00e1vrhu-N\u00e1vrh-bez-n\u00e1zvu11.png 810w, https:\/\/labvet.cz\/blog\/wp-content\/uploads\/2020\/11\/Kopie-n\u00e1vrhu-Kopie-n\u00e1vrhu-Kopie-n\u00e1vrhu-Kopie-n\u00e1vrhu-Kopie-n\u00e1vrhu-Kopie-n\u00e1vrhu-Kopie-n\u00e1vrhu-Kopie-n\u00e1vrhu-N\u00e1vrh-bez-n\u00e1zvu11-300x159.png 300w, https:\/\/labvet.cz\/blog\/wp-content\/uploads\/2020\/11\/Kopie-n\u00e1vrhu-Kopie-n\u00e1vrhu-Kopie-n\u00e1vrhu-Kopie-n\u00e1vrhu-Kopie-n\u00e1vrhu-Kopie-n\u00e1vrhu-Kopie-n\u00e1vrhu-Kopie-n\u00e1vrhu-N\u00e1vrh-bez-n\u00e1zvu11-768x408.png 768w\" sizes=\"auto, (max-width: 767px) 89vw, (max-width: 1000px) 54vw, (max-width: 1071px) 543px, 580px\" \/><figcaption class=\"wp-element-caption\">Bordfer teri\u00e9r, Jack Russell teri\u00e9r &#8211; foto Jan Tich\u00fd<\/figcaption><\/figure>\n\n\n\n<p>Pokud je sn\u00edh, m\u011bli bychom v\u011bnovat v pr\u016fb\u011bhu proch\u00e1zky pozornost ps\u016fm se st\u0159edn\u011b dlouhou nebo dlouhou srst\u00ed. Sn\u00edh m\u00e1 nep\u0159\u00edjemnou schopnost se na srst psa nalepit a vytv\u00e1\u0159et zledovat\u011bl\u00e9 koule nap\u0159. mezi prsty na tlapk\u00e1ch. Psovi to ur\u010dit\u011b nen\u00ed p\u0159\u00edjemn\u00e9 a velmi snadno dojde k poran\u011bn\u00ed m\u011bkk\u00e9 a citliv\u00e9 k\u016f\u017ee v meziprst\u00ed.<\/p>\n\n\n\n<p>Zasn\u011b\u017eenou krajinu p\u0159iv\u00edtaj\u00ed d\u011bti i dosp\u011bl\u00ed a sn\u00edh se nadm\u00edru l\u00edb\u00ed i cel\u00e9 \u0159ad\u011b ps\u016f. Sn\u00edh ale neznamen\u00e1 jen b\u00edlou \u010distou kr\u00e1su. Mohou se pod n\u00edm skr\u00fdvat i v\u011bci ps\u016fm a hlavn\u011b jejich tlapk\u00e1m nebezpe\u010dn\u00e9. Do t\u00e9to kategorie pat\u0159\u00ed ostr\u00e9 st\u0159epy nebo zbytky plechovek, kter\u00e9 nejsou ve sn\u011bhu vid\u011bt, a pes se jim nem\u00e1 mo\u017enost vyhnout. V&nbsp;zimn\u00edm obdob\u00ed stoup\u00e1 i po\u010det \u00faraz\u016f zp\u016fsoben\u00fdch ly\u017eemi, s\u00e1\u0148kami nebo bruslemi<\/p>\n\n\n\n<p>My lid\u00e9 jsme asi r\u00e1di, \u017ee jsou silnice a chodn\u00edky zbavov\u00e1ny sn\u011bhu a ledu. Trochu jin\u00e9 to je v&nbsp;p\u0159\u00edpad\u011b ps\u00edch tlapek. Posypov\u00e9 materi\u00e1ly jsou z&nbsp;jejich pohledu a nakonec i z&nbsp;pohledu na\u0161\u00ed obuvi hodn\u011b agresivn\u00ed. O\u010di\u0161t\u011bn\u00ed tlapek od posypov\u00e9 soli je rozumn\u00e9, mus\u00ed se ale d\u011blat tak, aby to psovi neubl\u00ed\u017eilo. Vhodn\u00e9 je tlapky o\u0161et\u0159it p\u0159ed proch\u00e1zkou. N\u011bkdy sta\u010d\u00ed nat\u0159\u00edt pol\u0161t\u00e1\u0159ky indulonou, k&nbsp;dispozici je i cel\u00e1 \u0159ada speci\u00e1ln\u00edch p\u0159\u00edpravk\u016f.<\/p>\n\n\n\n<figure class=\"wp-block-image size-full\"><a href=\"https:\/\/open.spotify.com\/episode\/3jiASptEJF18MDrm44tw0c\" target=\"_blank\" rel=\"noreferrer noopener\"><img loading=\"lazy\" decoding=\"async\" width=\"900\" height=\"140\" src=\"https:\/\/labvet.cz\/blog\/wp-content\/uploads\/2023\/02\/problemy-se-psi-kuzi-1.jpg\" alt=\"\" class=\"wp-image-4834\" srcset=\"https:\/\/labvet.cz\/blog\/wp-content\/uploads\/2023\/02\/problemy-se-psi-kuzi-1.jpg 900w, https:\/\/labvet.cz\/blog\/wp-content\/uploads\/2023\/02\/problemy-se-psi-kuzi-1-300x47.jpg 300w, https:\/\/labvet.cz\/blog\/wp-content\/uploads\/2023\/02\/problemy-se-psi-kuzi-1-768x119.jpg 768w\" sizes=\"auto, (max-width: 767px) 89vw, (max-width: 1000px) 54vw, (max-width: 1071px) 543px, 580px\" \/><\/a><\/figure>\n\n\n\n<p>\u010casto se lid\u00e9 ptaj\u00ed i na to, zda v&nbsp;zim\u011b upravovat krmnou d\u00e1vku. Pokud zrovna nem\u00e1me sp\u0159e\u017een\u00ed sa\u0148ov\u00fdch ps\u016f, s kter\u00fdm jezd\u00edme na z\u00e1vody, nen\u00ed d\u016fvod v pr\u016fb\u011bhu zimy krmnou d\u00e1vku psa upravovat. Vyj\u00edmku mohou tvo\u0159it psi ust\u00e1jen\u00ed v kotc\u00edch, pro kter\u00e9 studen\u00e9 obdob\u00ed znamen\u00e1 zv\u00fd\u0161en\u00fd v\u00fddej energie, kterou je pak t\u0159eba nahradit. U ps\u016f v kotci je nutn\u00e9 kontrolovat misky s vodou, kter\u00e9 snadno zamrzaj\u00ed. Ot\u00e1zku tekutin je t\u0159eba \u0159e\u0161it i u ps\u016f bytov\u00fdch, proto\u017ee p\u0159etopen\u00e9 prost\u0159ed\u00ed se v\u011bt\u0161inou projev\u00ed v\u011bt\u0161\u00ed \u017e\u00edznivost\u00ed.<\/p>\n\n\n\n<h2 class=\"wp-block-heading\">Majitel\u00e9 ps\u016f v&nbsp;zim\u011b sv\u00fdm ps\u016fm asi ne\u00famysln\u011b ubli\u017euj\u00ed. Mezi nej\u010dast\u011bj\u0161\u00ed chyby pat\u0159\u00ed:<\/h2>\n\n\n\n<ul class=\"wp-block-list\">\n<li>Uvazov\u00e1n\u00ed ps\u016f p\u0159ed obchody. Rozumn\u00e9 je odd\u011blit n\u00e1kupy od proch\u00e1zek se psem.<\/li>\n\n\n\n<li>Obl\u00e9k\u00e1n\u00ed ps\u016f. Tepl\u00e1 de\u010dka u jezev\u010d\u00edka vy\u0161\u0161\u00edho v\u011bku s bolav\u00fdmi z\u00e1dy je ur\u010dit\u011b rozumn\u00fdm opat\u0159en\u00edm. Mlad\u00fd temperamentn\u00ed labrador v elegantn\u00edm svetru p\u0159\u00edli\u0161 spokojen\u00fd nebude a dokonce m\u016f\u017ee hrozit nebezpe\u010d\u00ed, \u017ee se p\u0159eh\u0159eje, za\u010dne zrychlen\u011b d\u00fdchat a velk\u00fd p\u0159\u00edsun studen\u00e9ho vzduchu do p\u0159eh\u0159\u00e1t\u00e9ho organizmu m\u016f\u017ee m\u00edt velmi nep\u0159\u00edjemn\u00e9 n\u00e1sledky. Majitel\u00e9 ps\u016f by m\u011bli zva\u017eovat, kdy je obl\u00e9k\u00e1n\u00ed jejich \u010dty\u0159noh\u00fdch p\u0159\u00e1tel vhodn\u00e9 a kdy je v\u00fdsledkem p\u0159en\u00e1\u0161en\u00edm lidsk\u00fdch p\u0159edstav do ps\u00edho \u017eivota.<\/li>\n\n\n\n<li>Psi n\u00e1s doprov\u00e1zej\u00ed v\u0161ude, tedy i na zimn\u00ed dovolenou. Je ale t\u0159eba zva\u017eovat, zda je rozumn\u00e9 psa br\u00e1t na sjezdovku, zda m\u00e1 takov\u00fd fyzick\u00fd fond, aby dok\u00e1zal tahat san\u011b, zda jeho s\u00edly sta\u010d\u00ed na 50 km dlouh\u00fd v\u00fdlet na b\u011b\u017ek\u00e1ch a zda opravdu mus\u00edme na \u010daj do restaurace, kam na\u0161eho psa nevezmou a on na n\u00e1s \u010dek\u00e1 venku v mrazu.<\/li>\n\n\n\n<li>Myt\u00ed ps\u00edch tlapek je z\u00e1le\u017eitost zd\u00e1nliv\u011b b\u011b\u017en\u00e1 a \u017e\u00e1douc\u00ed. Je ale t\u0159eba po\u010d\u00edtat s t\u00edm, \u017ee m\u00e9n\u011b n\u011bkdy znamen\u00e1 v\u00edce a \u017ee tlapky je t\u0159eba nejen um\u00fdt, ale tak\u00e9 d\u016fkladn\u011b vysu\u0161it.<\/li>\n\n\n\n<li>N\u011bkter\u00e1 plemena se bez \u00fapravy srsti neobejdou. Je ale t\u0159eba zva\u017eovat, kdy na\u0161emu psovi sest\u0159ih zvan\u00fd \u201edohola\u201c nech\u00e1me ud\u011blat. Zimn\u00ed m\u011bs\u00edce proto ur\u010dit\u011b vhodn\u00e9 nejsou. P\u0159esto, \u017ee ps\u016fm zima p\u0159\u00edli\u0161 nevad\u00ed, i oni se mohou nastydnout a i pro n\u011b to m\u016f\u017ee m\u00edt v\u00e1\u017en\u00e9 n\u00e1sledky.<\/li>\n<\/ul>\n\n\n\n<hr class=\"wp-block-separator has-css-opacity\"\/>\n\n\n\n<figure class=\"wp-block-image size-full\"><a href=\"https:\/\/labvet.vetbook.eu\/kalendar.php\"><img loading=\"lazy\" decoding=\"async\" width=\"900\" height=\"140\" src=\"https:\/\/labvet.cz\/blog\/wp-content\/uploads\/2023\/05\/Labvet-alergologie-220-800-465-27.jpg\" alt=\"\" class=\"wp-image-5061\" srcset=\"https:\/\/labvet.cz\/blog\/wp-content\/uploads\/2023\/05\/Labvet-alergologie-220-800-465-27.jpg 900w, https:\/\/labvet.cz\/blog\/wp-content\/uploads\/2023\/05\/Labvet-alergologie-220-800-465-27-300x47.jpg 300w, https:\/\/labvet.cz\/blog\/wp-content\/uploads\/2023\/05\/Labvet-alergologie-220-800-465-27-768x119.jpg 768w\" sizes=\"auto, (max-width: 767px) 89vw, (max-width: 1000px) 54vw, (max-width: 1071px) 543px, 580px\" \/><\/a><\/figure>\n\n\n\n<h3 class=\"wp-block-heading\"><a href=\"https:\/\/www.labvet.cz\/pro-chovatele.php\"><strong>\u010ct\u011bte tak\u00e9:<\/strong> <\/a><a rel=\"noreferrer noopener\" href=\"https:\/\/www.labvet.cz\/blog\/co-mi-dnes-oblecou-sukynku-overal-nebo-svetr\/\" target=\"_blank\">Co mi dnes oble\u010dou? Suk\u00fdnku, overal nebo svetr?<\/a><\/h3>\n\n\n\n<hr class=\"wp-block-separator has-css-opacity\"\/>\n\n\n\n<figure class=\"wp-block-image size-full\"><a href=\"https:\/\/petshop.cymedica.cz\/labvet\/Shop?q=10%2B2\" target=\"_blank\" rel=\"noreferrer noopener\"><img loading=\"lazy\" decoding=\"async\" width=\"960\" height=\"240\" src=\"https:\/\/labvet.cz\/blog\/wp-content\/uploads\/2024\/01\/SPECIFIC-krmivo-pro-psy.jpg\" alt=\"\" class=\"wp-image-5951\" srcset=\"https:\/\/labvet.cz\/blog\/wp-content\/uploads\/2024\/01\/SPECIFIC-krmivo-pro-psy.jpg 960w, https:\/\/labvet.cz\/blog\/wp-content\/uploads\/2024\/01\/SPECIFIC-krmivo-pro-psy-300x75.jpg 300w, https:\/\/labvet.cz\/blog\/wp-content\/uploads\/2024\/01\/SPECIFIC-krmivo-pro-psy-768x192.jpg 768w\" sizes=\"auto, (max-width: 767px) 89vw, (max-width: 1000px) 54vw, (max-width: 1071px) 543px, 580px\" \/><\/a><figcaption class=\"wp-element-caption\"><em>Vyu\u017eijte nab\u00eddku 10+2 kg kvalitn\u00edch granul\u00ed pro psy a \u0161t\u011b\u0148ata zdarma a s dopravou rovn\u011b\u017e zdarma.<\/em><\/figcaption><\/figure>\n","protected":false},"excerpt":{"rendered":"<p>Svat\u00fd Martin letos na b\u00edl\u00e9m koni nep\u0159ijel, p\u0159esto je mo\u017en\u00e1 rozumn\u00e9 se trochu zamyslet nad p\u00e9\u010d\u00ed o psa v&nbsp;zim\u011b. Ve fyziologii zv\u00ed\u0159at i lid\u00ed se pou\u017e\u00edv\u00e1 term\u00edn termoregulace. Do srozumiteln\u00e9 \u0159e\u010di p\u0159evedeno je to schopnost \u017eiv\u00e9ho organizmu kontrolovat a ovliv\u0148ovat svoj\u00ed t\u011blesnou teplotu. Ta se u r\u016fzn\u00fdch druh\u016f zv\u00ed\u0159at li\u0161\u00ed a m\u016f\u017ee se li\u0161it i &hellip; <\/p>\n<p class=\"link-more\"><a href=\"https:\/\/labvet.cz\/blog\/pes-v-zime\/\" class=\"more-link\">Pokra\u010dovat ve \u010dten\u00ed<span class=\"screen-reader-text\"> &#8222;Pes v zim\u011b&#8220;<\/span><\/a><\/p>\n","protected":false},"author":2,"featured_media":5891,"comment_status":"open","ping_status":"open","sticky":false,"template":"","format":"standard","meta":{"_seopress_robots_primary_cat":"none","_seopress_titles_title":"Pes v zim\u011b | Labvet.cz","_seopress_titles_desc":"Jak psi reguluj\u00ed t\u011blesnou teplotu v zim\u011b? Jak jim m\u016f\u017eete pomoci zvl\u00e1dnout chladn\u00e9 po\u010das\u00ed.","_seopress_robots_index":"","footnotes":""},"categories":[126],"tags":[26],"class_list":["post-2597","post","type-post","status-publish","format-standard","has-post-thumbnail","hentry","category-zdravy-pes","tag-vladimira-ticha"],"yoast_head":"<!-- This site is optimized with the Yoast SEO plugin v25.2 - https:\/\/yoast.com\/wordpress\/plugins\/seo\/ -->\n<title>Pes v zim\u011b - Labvet blog<\/title>\n<meta name=\"robots\" content=\"index, follow, max-snippet:-1, max-image-preview:large, max-video-preview:-1\" \/>\n<link rel=\"canonical\" href=\"https:\/\/labvet.cz\/blog\/pes-v-zime\/\" \/>\n<meta property=\"og:locale\" content=\"cs_CZ\" \/>\n<meta property=\"og:type\" content=\"article\" \/>\n<meta property=\"og:title\" content=\"Pes v zim\u011b - Labvet blog\" \/>\n<meta property=\"og:description\" content=\"Svat\u00fd Martin letos na b\u00edl\u00e9m koni nep\u0159ijel, p\u0159esto je mo\u017en\u00e1 rozumn\u00e9 se trochu zamyslet nad p\u00e9\u010d\u00ed o psa v&nbsp;zim\u011b. Ve fyziologii zv\u00ed\u0159at i lid\u00ed se pou\u017e\u00edv\u00e1 term\u00edn termoregulace. Do srozumiteln\u00e9 \u0159e\u010di p\u0159evedeno je to schopnost \u017eiv\u00e9ho organizmu kontrolovat a ovliv\u0148ovat svoj\u00ed t\u011blesnou teplotu. Ta se u r\u016fzn\u00fdch druh\u016f zv\u00ed\u0159at li\u0161\u00ed a m\u016f\u017ee se li\u0161it i &hellip; Pokra\u010dovat ve \u010dten\u00ed &quot;Pes v zim\u011b&quot;\" \/>\n<meta property=\"og:url\" content=\"https:\/\/labvet.cz\/blog\/pes-v-zime\/\" \/>\n<meta property=\"og:site_name\" content=\"Labvet blog\" \/>\n<meta property=\"article:publisher\" content=\"https:\/\/www.facebook.com\/Labvet.cz\" \/>\n<meta property=\"article:published_time\" content=\"2020-11-17T14:40:20+00:00\" \/>\n<meta property=\"article:modified_time\" content=\"2025-03-07T18:16:48+00:00\" \/>\n<meta property=\"og:image\" content=\"https:\/\/labvet.cz\/blog\/wp-content\/uploads\/2020\/11\/proc-se-ten-nas-pes-porad-drbe-e1702321913353.jpg\" \/>\n\t<meta property=\"og:image:width\" content=\"820\" \/>\n\t<meta property=\"og:image:height\" content=\"462\" \/>\n\t<meta property=\"og:image:type\" content=\"image\/jpeg\" \/>\n<meta name=\"author\" content=\"Labvet\" \/>\n<meta name=\"twitter:card\" content=\"summary_large_image\" \/>\n<meta name=\"twitter:label1\" content=\"Napsal(a)\" \/>\n\t<meta name=\"twitter:data1\" content=\"Labvet\" \/>\n\t<meta name=\"twitter:label2\" content=\"Odhadovan\u00e1 doba \u010dten\u00ed\" \/>\n\t<meta name=\"twitter:data2\" content=\"8 minut\" \/>\n<script type=\"application\/ld+json\" class=\"yoast-schema-graph\">{\"@context\":\"https:\/\/schema.org\",\"@graph\":[{\"@type\":\"Article\",\"@id\":\"https:\/\/labvet.cz\/blog\/pes-v-zime\/#article\",\"isPartOf\":{\"@id\":\"https:\/\/labvet.cz\/blog\/pes-v-zime\/\"},\"author\":{\"name\":\"Labvet\",\"@id\":\"https:\/\/labvet.cz\/blog\/#\/schema\/person\/0fb2cb2037055a5fe330a0fcdcbfa0f9\"},\"headline\":\"Pes v zim\u011b\",\"datePublished\":\"2020-11-17T14:40:20+00:00\",\"dateModified\":\"2025-03-07T18:16:48+00:00\",\"mainEntityOfPage\":{\"@id\":\"https:\/\/labvet.cz\/blog\/pes-v-zime\/\"},\"wordCount\":1592,\"commentCount\":2,\"publisher\":{\"@id\":\"https:\/\/labvet.cz\/blog\/#organization\"},\"image\":{\"@id\":\"https:\/\/labvet.cz\/blog\/pes-v-zime\/#primaryimage\"},\"thumbnailUrl\":\"https:\/\/labvet.cz\/blog\/wp-content\/uploads\/2020\/11\/proc-se-ten-nas-pes-porad-drbe-e1702321913353.jpg\",\"keywords\":[\"Vladim\u00edra Tich\u00e1\"],\"articleSection\":[\"Zdrav\u00fd pes\"],\"inLanguage\":\"cs\",\"potentialAction\":[{\"@type\":\"CommentAction\",\"name\":\"Comment\",\"target\":[\"https:\/\/labvet.cz\/blog\/pes-v-zime\/#respond\"]}]},{\"@type\":\"WebPage\",\"@id\":\"https:\/\/labvet.cz\/blog\/pes-v-zime\/\",\"url\":\"https:\/\/labvet.cz\/blog\/pes-v-zime\/\",\"name\":\"Pes v zim\u011b - Labvet blog\",\"isPartOf\":{\"@id\":\"https:\/\/labvet.cz\/blog\/#website\"},\"primaryImageOfPage\":{\"@id\":\"https:\/\/labvet.cz\/blog\/pes-v-zime\/#primaryimage\"},\"image\":{\"@id\":\"https:\/\/labvet.cz\/blog\/pes-v-zime\/#primaryimage\"},\"thumbnailUrl\":\"https:\/\/labvet.cz\/blog\/wp-content\/uploads\/2020\/11\/proc-se-ten-nas-pes-porad-drbe-e1702321913353.jpg\",\"datePublished\":\"2020-11-17T14:40:20+00:00\",\"dateModified\":\"2025-03-07T18:16:48+00:00\",\"breadcrumb\":{\"@id\":\"https:\/\/labvet.cz\/blog\/pes-v-zime\/#breadcrumb\"},\"inLanguage\":\"cs\",\"potentialAction\":[{\"@type\":\"ReadAction\",\"target\":[\"https:\/\/labvet.cz\/blog\/pes-v-zime\/\"]}]},{\"@type\":\"ImageObject\",\"inLanguage\":\"cs\",\"@id\":\"https:\/\/labvet.cz\/blog\/pes-v-zime\/#primaryimage\",\"url\":\"https:\/\/labvet.cz\/blog\/wp-content\/uploads\/2020\/11\/proc-se-ten-nas-pes-porad-drbe-e1702321913353.jpg\",\"contentUrl\":\"https:\/\/labvet.cz\/blog\/wp-content\/uploads\/2020\/11\/proc-se-ten-nas-pes-porad-drbe-e1702321913353.jpg\",\"width\":820,\"height\":462},{\"@type\":\"BreadcrumbList\",\"@id\":\"https:\/\/labvet.cz\/blog\/pes-v-zime\/#breadcrumb\",\"itemListElement\":[{\"@type\":\"ListItem\",\"position\":1,\"name\":\"Dom\u016f\",\"item\":\"https:\/\/labvet.cz\/blog\/\"},{\"@type\":\"ListItem\",\"position\":2,\"name\":\"Pes v zim\u011b\"}]},{\"@type\":\"WebSite\",\"@id\":\"https:\/\/labvet.cz\/blog\/#website\",\"url\":\"https:\/\/labvet.cz\/blog\/\",\"name\":\"Labvet blog\",\"description\":\"pro chovatele i veterin\u00e1rn\u00ed l\u00e9ka\u0159e\",\"publisher\":{\"@id\":\"https:\/\/labvet.cz\/blog\/#organization\"},\"potentialAction\":[{\"@type\":\"SearchAction\",\"target\":{\"@type\":\"EntryPoint\",\"urlTemplate\":\"https:\/\/labvet.cz\/blog\/?s={search_term_string}\"},\"query-input\":{\"@type\":\"PropertyValueSpecification\",\"valueRequired\":true,\"valueName\":\"search_term_string\"}}],\"inLanguage\":\"cs\"},{\"@type\":\"Organization\",\"@id\":\"https:\/\/labvet.cz\/blog\/#organization\",\"name\":\"Labvet.cz\",\"url\":\"https:\/\/labvet.cz\/blog\/\",\"logo\":{\"@type\":\"ImageObject\",\"inLanguage\":\"cs\",\"@id\":\"https:\/\/labvet.cz\/blog\/#\/schema\/logo\/image\/\",\"url\":\"https:\/\/labvet.cz\/blog\/wp-content\/uploads\/2023\/08\/cropped-Navrh-bez-nazvu.png\",\"contentUrl\":\"https:\/\/labvet.cz\/blog\/wp-content\/uploads\/2023\/08\/cropped-Navrh-bez-nazvu.png\",\"width\":300,\"height\":300,\"caption\":\"Labvet.cz\"},\"image\":{\"@id\":\"https:\/\/labvet.cz\/blog\/#\/schema\/logo\/image\/\"},\"sameAs\":[\"https:\/\/www.facebook.com\/Labvet.cz\",\"https:\/\/www.instagram.com\/labvet.cz\/\",\"https:\/\/www.linkedin.com\/showcase\/94138348\/admin\/dashboard\/\"]},{\"@type\":\"Person\",\"@id\":\"https:\/\/labvet.cz\/blog\/#\/schema\/person\/0fb2cb2037055a5fe330a0fcdcbfa0f9\",\"name\":\"Labvet\",\"image\":{\"@type\":\"ImageObject\",\"inLanguage\":\"cs\",\"@id\":\"https:\/\/labvet.cz\/blog\/#\/schema\/person\/image\/\",\"url\":\"https:\/\/secure.gravatar.com\/avatar\/425b28876aa89c1e221e7aec3e7e99c5629d2cab8c0bed239aedebf83ce5fedd?s=96&d=mm&r=g\",\"contentUrl\":\"https:\/\/secure.gravatar.com\/avatar\/425b28876aa89c1e221e7aec3e7e99c5629d2cab8c0bed239aedebf83ce5fedd?s=96&d=mm&r=g\",\"caption\":\"Labvet\"},\"url\":\"https:\/\/labvet.cz\/blog\/author\/labvet\/\"}]}<\/script>\n<!-- \/ Yoast SEO plugin. -->","yoast_head_json":{"title":"Pes v zim\u011b - Labvet blog","robots":{"index":"index","follow":"follow","max-snippet":"max-snippet:-1","max-image-preview":"max-image-preview:large","max-video-preview":"max-video-preview:-1"},"canonical":"https:\/\/labvet.cz\/blog\/pes-v-zime\/","og_locale":"cs_CZ","og_type":"article","og_title":"Pes v zim\u011b - Labvet blog","og_description":"Svat\u00fd Martin letos na b\u00edl\u00e9m koni nep\u0159ijel, p\u0159esto je mo\u017en\u00e1 rozumn\u00e9 se trochu zamyslet nad p\u00e9\u010d\u00ed o psa v&nbsp;zim\u011b. Ve fyziologii zv\u00ed\u0159at i lid\u00ed se pou\u017e\u00edv\u00e1 term\u00edn termoregulace. Do srozumiteln\u00e9 \u0159e\u010di p\u0159evedeno je to schopnost \u017eiv\u00e9ho organizmu kontrolovat a ovliv\u0148ovat svoj\u00ed t\u011blesnou teplotu. Ta se u r\u016fzn\u00fdch druh\u016f zv\u00ed\u0159at li\u0161\u00ed a m\u016f\u017ee se li\u0161it i &hellip; Pokra\u010dovat ve \u010dten\u00ed \"Pes v zim\u011b\"","og_url":"https:\/\/labvet.cz\/blog\/pes-v-zime\/","og_site_name":"Labvet blog","article_publisher":"https:\/\/www.facebook.com\/Labvet.cz","article_published_time":"2020-11-17T14:40:20+00:00","article_modified_time":"2025-03-07T18:16:48+00:00","og_image":[{"width":820,"height":462,"url":"https:\/\/labvet.cz\/blog\/wp-content\/uploads\/2020\/11\/proc-se-ten-nas-pes-porad-drbe-e1702321913353.jpg","type":"image\/jpeg"}],"author":"Labvet","twitter_card":"summary_large_image","twitter_misc":{"Napsal(a)":"Labvet","Odhadovan\u00e1 doba \u010dten\u00ed":"8 minut"},"schema":{"@context":"https:\/\/schema.org","@graph":[{"@type":"Article","@id":"https:\/\/labvet.cz\/blog\/pes-v-zime\/#article","isPartOf":{"@id":"https:\/\/labvet.cz\/blog\/pes-v-zime\/"},"author":{"name":"Labvet","@id":"https:\/\/labvet.cz\/blog\/#\/schema\/person\/0fb2cb2037055a5fe330a0fcdcbfa0f9"},"headline":"Pes v zim\u011b","datePublished":"2020-11-17T14:40:20+00:00","dateModified":"2025-03-07T18:16:48+00:00","mainEntityOfPage":{"@id":"https:\/\/labvet.cz\/blog\/pes-v-zime\/"},"wordCount":1592,"commentCount":2,"publisher":{"@id":"https:\/\/labvet.cz\/blog\/#organization"},"image":{"@id":"https:\/\/labvet.cz\/blog\/pes-v-zime\/#primaryimage"},"thumbnailUrl":"https:\/\/labvet.cz\/blog\/wp-content\/uploads\/2020\/11\/proc-se-ten-nas-pes-porad-drbe-e1702321913353.jpg","keywords":["Vladim\u00edra Tich\u00e1"],"articleSection":["Zdrav\u00fd pes"],"inLanguage":"cs","potentialAction":[{"@type":"CommentAction","name":"Comment","target":["https:\/\/labvet.cz\/blog\/pes-v-zime\/#respond"]}]},{"@type":"WebPage","@id":"https:\/\/labvet.cz\/blog\/pes-v-zime\/","url":"https:\/\/labvet.cz\/blog\/pes-v-zime\/","name":"Pes v zim\u011b - Labvet blog","isPartOf":{"@id":"https:\/\/labvet.cz\/blog\/#website"},"primaryImageOfPage":{"@id":"https:\/\/labvet.cz\/blog\/pes-v-zime\/#primaryimage"},"image":{"@id":"https:\/\/labvet.cz\/blog\/pes-v-zime\/#primaryimage"},"thumbnailUrl":"https:\/\/labvet.cz\/blog\/wp-content\/uploads\/2020\/11\/proc-se-ten-nas-pes-porad-drbe-e1702321913353.jpg","datePublished":"2020-11-17T14:40:20+00:00","dateModified":"2025-03-07T18:16:48+00:00","breadcrumb":{"@id":"https:\/\/labvet.cz\/blog\/pes-v-zime\/#breadcrumb"},"inLanguage":"cs","potentialAction":[{"@type":"ReadAction","target":["https:\/\/labvet.cz\/blog\/pes-v-zime\/"]}]},{"@type":"ImageObject","inLanguage":"cs","@id":"https:\/\/labvet.cz\/blog\/pes-v-zime\/#primaryimage","url":"https:\/\/labvet.cz\/blog\/wp-content\/uploads\/2020\/11\/proc-se-ten-nas-pes-porad-drbe-e1702321913353.jpg","contentUrl":"https:\/\/labvet.cz\/blog\/wp-content\/uploads\/2020\/11\/proc-se-ten-nas-pes-porad-drbe-e1702321913353.jpg","width":820,"height":462},{"@type":"BreadcrumbList","@id":"https:\/\/labvet.cz\/blog\/pes-v-zime\/#breadcrumb","itemListElement":[{"@type":"ListItem","position":1,"name":"Dom\u016f","item":"https:\/\/labvet.cz\/blog\/"},{"@type":"ListItem","position":2,"name":"Pes v zim\u011b"}]},{"@type":"WebSite","@id":"https:\/\/labvet.cz\/blog\/#website","url":"https:\/\/labvet.cz\/blog\/","name":"Labvet blog","description":"pro chovatele i veterin\u00e1rn\u00ed l\u00e9ka\u0159e","publisher":{"@id":"https:\/\/labvet.cz\/blog\/#organization"},"potentialAction":[{"@type":"SearchAction","target":{"@type":"EntryPoint","urlTemplate":"https:\/\/labvet.cz\/blog\/?s={search_term_string}"},"query-input":{"@type":"PropertyValueSpecification","valueRequired":true,"valueName":"search_term_string"}}],"inLanguage":"cs"},{"@type":"Organization","@id":"https:\/\/labvet.cz\/blog\/#organization","name":"Labvet.cz","url":"https:\/\/labvet.cz\/blog\/","logo":{"@type":"ImageObject","inLanguage":"cs","@id":"https:\/\/labvet.cz\/blog\/#\/schema\/logo\/image\/","url":"https:\/\/labvet.cz\/blog\/wp-content\/uploads\/2023\/08\/cropped-Navrh-bez-nazvu.png","contentUrl":"https:\/\/labvet.cz\/blog\/wp-content\/uploads\/2023\/08\/cropped-Navrh-bez-nazvu.png","width":300,"height":300,"caption":"Labvet.cz"},"image":{"@id":"https:\/\/labvet.cz\/blog\/#\/schema\/logo\/image\/"},"sameAs":["https:\/\/www.facebook.com\/Labvet.cz","https:\/\/www.instagram.com\/labvet.cz\/","https:\/\/www.linkedin.com\/showcase\/94138348\/admin\/dashboard\/"]},{"@type":"Person","@id":"https:\/\/labvet.cz\/blog\/#\/schema\/person\/0fb2cb2037055a5fe330a0fcdcbfa0f9","name":"Labvet","image":{"@type":"ImageObject","inLanguage":"cs","@id":"https:\/\/labvet.cz\/blog\/#\/schema\/person\/image\/","url":"https:\/\/secure.gravatar.com\/avatar\/425b28876aa89c1e221e7aec3e7e99c5629d2cab8c0bed239aedebf83ce5fedd?s=96&d=mm&r=g","contentUrl":"https:\/\/secure.gravatar.com\/avatar\/425b28876aa89c1e221e7aec3e7e99c5629d2cab8c0bed239aedebf83ce5fedd?s=96&d=mm&r=g","caption":"Labvet"},"url":"https:\/\/labvet.cz\/blog\/author\/labvet\/"}]}},"_links":{"self":[{"href":"https:\/\/labvet.cz\/blog\/wp-json\/wp\/v2\/posts\/2597","targetHints":{"allow":["GET"]}}],"collection":[{"href":"https:\/\/labvet.cz\/blog\/wp-json\/wp\/v2\/posts"}],"about":[{"href":"https:\/\/labvet.cz\/blog\/wp-json\/wp\/v2\/types\/post"}],"author":[{"embeddable":true,"href":"https:\/\/labvet.cz\/blog\/wp-json\/wp\/v2\/users\/2"}],"replies":[{"embeddable":true,"href":"https:\/\/labvet.cz\/blog\/wp-json\/wp\/v2\/comments?post=2597"}],"version-history":[{"count":6,"href":"https:\/\/labvet.cz\/blog\/wp-json\/wp\/v2\/posts\/2597\/revisions"}],"predecessor-version":[{"id":5976,"href":"https:\/\/labvet.cz\/blog\/wp-json\/wp\/v2\/posts\/2597\/revisions\/5976"}],"wp:featuredmedia":[{"embeddable":true,"href":"https:\/\/labvet.cz\/blog\/wp-json\/wp\/v2\/media\/5891"}],"wp:attachment":[{"href":"https:\/\/labvet.cz\/blog\/wp-json\/wp\/v2\/media?parent=2597"}],"wp:term":[{"taxonomy":"category","embeddable":true,"href":"https:\/\/labvet.cz\/blog\/wp-json\/wp\/v2\/categories?post=2597"},{"taxonomy":"post_tag","embeddable":true,"href":"https:\/\/labvet.cz\/blog\/wp-json\/wp\/v2\/tags?post=2597"}],"curies":[{"name":"wp","href":"https:\/\/api.w.org\/{rel}","templated":true}]}}