{"id":2940,"date":"2021-02-01T15:18:26","date_gmt":"2021-02-01T14:18:26","guid":{"rendered":"https:\/\/www.labvet.cz\/blog\/?p=2940"},"modified":"2025-04-08T11:18:08","modified_gmt":"2025-04-08T09:18:08","slug":"par-slov-o-brezosti-aneb-co-se-deje-v-nasi-fence-po-kryti","status":"publish","type":"post","link":"https:\/\/labvet.cz\/blog\/par-slov-o-brezosti-aneb-co-se-deje-v-nasi-fence-po-kryti\/","title":{"rendered":"B\u0159ezost feny aneb co se d\u011bje v\u00a0na\u0161\u00ed fence po kryt\u00ed?"},"content":{"rendered":"\n<h4 class=\"wp-block-heading\">\u201e<em>Dob\u0159e jsme nakryli, tak te\u010f u\u017e je to jen na v\u00e1s. Hlavn\u011b fenu hl\u00eddejte z\u00edtra. To se vaj\u00ed\u010dka zavrt\u00e1vaj\u00ed do d\u011blohy. Kdyby moc sk\u00e1kala, tak vypadnou<\/em>,&#8220; <em>r\u00e1doby vzd\u011blan\u00fd majitel kryc\u00edho psa<\/em>.<\/h4>\n\n\n\n<h2 class=\"wp-block-heading\">Putov\u00e1n\u00ed spermi\u00ed a oplodn\u011bn\u00ed<\/h2>\n\n\n\n<p>Po sp\u00e1\u0159en\u00ed spermie psa putuj\u00ed p\u0159es d\u011blo\u017en\u00ed kr\u010dek, d\u011blo\u017en\u00ed t\u011blo a d\u011blo\u017en\u00ed rohy a\u017e k&nbsp;vejcovod\u016fm, kde \u010dekaj\u00ed na vaj\u00ed\u010dka. \u00dadajn\u011b jsou spermie v&nbsp;pohlavn\u00edch org\u00e1nech fenky schopn\u00e9 oplodnit vaj\u00ed\u010dko 4-5 dn\u016f.<\/p>\n\n\n\n<figure class=\"wp-block-image size-full\"><a href=\"https:\/\/labvet.online\/nase-sluzby\/webinare-labvetu\/webinar-priciny-nezabrezavani\/\"><img loading=\"lazy\" decoding=\"async\" width=\"2000\" height=\"600\" src=\"https:\/\/labvet.cz\/blog\/wp-content\/uploads\/2021\/02\/Priciny-nezabrezavani.jpg\" alt=\"\" class=\"wp-image-6379\" srcset=\"https:\/\/labvet.cz\/blog\/wp-content\/uploads\/2021\/02\/Priciny-nezabrezavani.jpg 2000w, https:\/\/labvet.cz\/blog\/wp-content\/uploads\/2021\/02\/Priciny-nezabrezavani-300x90.jpg 300w, https:\/\/labvet.cz\/blog\/wp-content\/uploads\/2021\/02\/Priciny-nezabrezavani-1024x307.jpg 1024w, https:\/\/labvet.cz\/blog\/wp-content\/uploads\/2021\/02\/Priciny-nezabrezavani-768x230.jpg 768w, https:\/\/labvet.cz\/blog\/wp-content\/uploads\/2021\/02\/Priciny-nezabrezavani-1536x461.jpg 1536w\" sizes=\"auto, (max-width: 767px) 89vw, (max-width: 1000px) 54vw, (max-width: 1071px) 543px, 580px\" \/><\/a><figcaption class=\"wp-element-caption\">Nej\u010dast\u011bj\u0161\u00ed infek\u010dn\u00ed p\u0159\u00ed\u010diny reproduk\u010dn\u00edch poruch u&nbsp;ps\u016f a jak se jim vyhnout &#8211; webin\u00e1\u0159 Labvetu<\/figcaption><\/figure>\n\n\n\n<p>Zaj\u00edmav\u00e1 je rychlost, jakou spermie putuj\u00ed. <a href=\"https:\/\/www.databazeknih.cz\/zivotopis\/jan-koller-22990\" target=\"_blank\" rel=\"noreferrer noopener\">MVDr. Jan Koller<\/a> uv\u00e1d\u011bl, \u017ee spermie se pohybuje rychlost\u00ed 3 &#8211; 5 mm za minutu. D\u011blo\u017en\u00ed t\u011blo s d\u011blo\u017en\u00edmi rohy u feny pr\u016fm\u011brn\u00e9 velikosti (beagle, kokr\u0161pan\u011bl, st\u0159edn\u00ed pudl) jsou dlouh\u00e9 zhruba okolo 220 mm. Znamen\u00e1 to, \u017ee <strong>spermie se s vaj\u00ed\u010dky mohou setkat ji\u017e hodinu po uskute\u010dn\u011bn\u00e9m kryt\u00ed.<\/strong> <\/p>\n\n\n\n<p>V pr\u016fb\u011bhu t\u00e9to doby prod\u011bl\u00e1v\u00e1 spermie dal\u0161\u00ed v\u00fdvoj, kter\u00fd ji p\u0159ipravuje na celkem slo\u017eit\u00fd \u00fakol &#8211; proniknout do vaj\u00ed\u010dka p\u0159es obt\u00ed\u017en\u011b pr\u016fchodnou obranou bari\u00e9ru.<\/p>\n\n\n\n<p>Schopnost spermie tuto bari\u00e9ru p\u0159ekonat je d\u00e1na biochemick\u00fdmi pochody naru\u0161uj\u00edc\u00edmi st\u011bnu vaj\u00ed\u010dka a aktivn\u00edm pohybem spermie. Po spojen\u00ed spermie s vaj\u00ed\u010dkem splynou i prvoj\u00e1dra obou pohlavn\u00edch bun\u011bk. Jedn\u00e1 se o velmi slo\u017eit\u00fd proces, jeho\u017e v\u00fdsledkem je oplozen\u00e1 vaje\u010dn\u00e1 bu\u0148ka &#8211; zygota.<\/p>\n\n\n\n<iframe loading=\"lazy\" src=\"https:\/\/www.facebook.com\/plugins\/post.php?href=https%3A%2F%2Fwww.facebook.com%2Frenata.hrabcova%2Fposts%2F4723561577772981&#038;show_text=true&#038;width=500\" width=\"500\" height=\"247\" style=\"border:none;overflow:hidden\" scrolling=\"no\" frameborder=\"0\" allowfullscreen=\"true\" allow=\"autoplay; clipboard-write; encrypted-media; picture-in-picture; web-share\"><\/iframe>\n\n\n\n<p>Zygota postupuje vejcovodem sm\u011brem k d\u011bloze a p\u0159itom prod\u011bl\u00e1v\u00e1 prvn\u00ed st\u00e1dia r\u016fstu. Z p\u016fvodn\u00edho jednobun\u011b\u010dn\u00e9ho \u00fatvaru se st\u00e1v\u00e1 \u00fatvar dvoubun\u011b\u010dn\u00fd, \u010dty\u0159bun\u011b\u010dn\u00fd, osmibun\u011b\u010dn\u00fd, \u0161estn\u00e1ctibun\u011b\u010dn\u00fd atd. Cel\u00fd proces se naz\u00fdv\u00e1 r\u00fdhov\u00e1n\u00edm vaj\u00ed\u010dka. V dob\u011b, kdy zygota sestoup\u00ed a\u017e do d\u011blohy, vypad\u00e1 jako z mnoha bun\u011bk slo\u017een\u00e1 kuli\u010dka. Jej\u00ed ozna\u010den\u00ed &#8211; morula &#8211; je odvozeno od latinsk\u00e9ho n\u00e1zvu plodu moru\u0161e (morulla), kter\u00fd sv\u00fdm tvarem p\u0159ipom\u00edn\u00e1.<\/p>\n\n\n\n<h2 class=\"wp-block-heading\">V\u00fdvoj z\u00e1rodku a nidace<\/h2>\n\n\n\n<p>Jednotliv\u00e9 z\u00e1rodky se v d\u011blo\u017en\u00edch roz\u00edch rozpt\u00fdl\u00ed a za\u010d\u00edn\u00e1 prob\u00edhat proces ozna\u010dovan\u00fd <strong>nidace nebo implantace. \u010cesky by se toto d\u011bn\u00ed dalo nazvat usazov\u00e1n\u00edm nebo zahn\u00edzd\u011bn\u00edm z\u00e1rodk\u016f ve sliznici d\u011blo\u017en\u00ed.<\/strong> U psa k n\u011bmu doch\u00e1z\u00ed p\u0159ibli\u017en\u011b 16. &#8211; 17. den po kryt\u00ed. Proces je to velmi slo\u017eit\u00fd a b\u0159ez\u00ed fena by m\u011bla m\u00edt n\u00e1le\u017eitou p\u00e9\u010di. V tomto obdob\u00ed by nem\u011bla b\u00fdt vystavov\u00e1na p\u0159\u00edli\u0161 velk\u00e9 z\u00e1t\u011b\u017ei ani stres\u016fm.<\/p>\n\n\n\n<figure class=\"wp-block-image size-full\"><a href=\"https:\/\/petshop.cymedica.cz\/labvet\/Shop?q=SPECIFIC+CPD-M+Puppy+Medium\" target=\"_blank\" rel=\"noreferrer noopener\"><img loading=\"lazy\" decoding=\"async\" width=\"960\" height=\"240\" src=\"https:\/\/labvet.cz\/blog\/wp-content\/uploads\/2024\/01\/SPECIFIC-CPD-M-Puppy-Medium-Breed.jpg\" alt=\"\" class=\"wp-image-5936\" srcset=\"https:\/\/labvet.cz\/blog\/wp-content\/uploads\/2024\/01\/SPECIFIC-CPD-M-Puppy-Medium-Breed.jpg 960w, https:\/\/labvet.cz\/blog\/wp-content\/uploads\/2024\/01\/SPECIFIC-CPD-M-Puppy-Medium-Breed-300x75.jpg 300w, https:\/\/labvet.cz\/blog\/wp-content\/uploads\/2024\/01\/SPECIFIC-CPD-M-Puppy-Medium-Breed-768x192.jpg 768w\" sizes=\"auto, (max-width: 767px) 89vw, (max-width: 1000px) 54vw, (max-width: 1071px) 543px, 580px\" \/><\/a><figcaption class=\"wp-element-caption\">B\u011bhem b\u0159ezosti a&nbsp;kojen\u00ed se u&nbsp;fen zvy\u0161uj\u00ed energetick\u00e9 a&nbsp;\u017eivinov\u00e9 po\u017eadavky. Z&nbsp;tohoto d\u016fvodu je SPECIFIC\u2122 CPD-M Puppy Medium Breed vhodn\u00fdm krmivem i pro b\u0159ez\u00ed a koj\u00edc\u00ed feny v\u0161ech plemen.<\/figcaption><\/figure>\n\n\n\n<p>Na nidaci z\u00e1rodk\u016f reaguje d\u011bloha, kter\u00e1 se v pr\u016fb\u011bhu b\u0159ezosti n\u011bkolikan\u00e1sobn\u011b zv\u011bt\u0161\u00ed. Zv\u011bt\u0161uje se i \u017elut\u00e9 t\u011bl\u00edsko, kter\u00e9 mimo jin\u00e9 produkuje tolikr\u00e1t citovan\u00fd progesteron, kter\u00fd v&nbsp;pr\u016fb\u011bhu b\u0159ezosti zabra\u0148uje jej\u00edmu p\u0159eru\u0161en\u00ed. Dal\u0161\u00ed prom\u011bny prod\u011bl\u00e1v\u00e1 i samotn\u00fd z\u00e1rodek. Vytv\u00e1\u0159ej\u00ed se v n\u011bm t\u0159i bun\u011b\u010dn\u00e9 vrstvy &#8211; z\u00e1rode\u010dn\u00e9 listy, kter\u00e9 tvo\u0159\u00ed z\u00e1klad pro v\u00fdvoj tk\u00e1n\u00ed a org\u00e1n\u016f budouc\u00edho ml\u00e1d\u011bte.<\/p>\n\n\n\n<p>V po\u010d\u00e1tku v\u00fdvoje si jsou z\u00e1rodky savc\u016f, ryb a pt\u00e1k\u016f velmi podobn\u00e9. V ur\u010dit\u00e9m obdob\u00ed se i u savc\u016f objevuj\u00ed n\u00e1znaky \u017eaber, kter\u00e9 postupn\u011b vymiz\u00ed. Dokud nejsou vyj\u00e1d\u0159eny z\u0159eteln\u00e9 znaky druhov\u00e9, to je p\u0159ibli\u017en\u011b v 1\/3 doby nitrod\u011blo\u017en\u00edho v\u00fdvoje, je vznikaj\u00edc\u00ed organizmus naz\u00fdv\u00e1n z\u00e1rodkem (embryem). <strong>V dob\u011b, kdy u\u017e je poznat, co \u017ee ze z\u00e1rodku vyroste, mluv\u00edme o plodu (fetu).<\/strong><\/p>\n\n\n\n<figure class=\"wp-block-image size-large\"><a href=\"https:\/\/labvet.online\/nase-sluzby\/ke-stazeni\/tahaky-1\/\" target=\"_blank\" rel=\"noreferrer noopener\"><img loading=\"lazy\" decoding=\"async\" width=\"1024\" height=\"307\" src=\"https:\/\/labvet.cz\/blog\/wp-content\/uploads\/2021\/02\/jak-ma-parazity-u-stenat-1024x307.jpg\" alt=\"\" class=\"wp-image-6376\" srcset=\"https:\/\/labvet.cz\/blog\/wp-content\/uploads\/2021\/02\/jak-ma-parazity-u-stenat-1024x307.jpg 1024w, https:\/\/labvet.cz\/blog\/wp-content\/uploads\/2021\/02\/jak-ma-parazity-u-stenat-300x90.jpg 300w, https:\/\/labvet.cz\/blog\/wp-content\/uploads\/2021\/02\/jak-ma-parazity-u-stenat-768x230.jpg 768w, https:\/\/labvet.cz\/blog\/wp-content\/uploads\/2021\/02\/jak-ma-parazity-u-stenat-1536x461.jpg 1536w, https:\/\/labvet.cz\/blog\/wp-content\/uploads\/2021\/02\/jak-ma-parazity-u-stenat.jpg 2000w\" sizes=\"auto, (max-width: 767px) 89vw, (max-width: 1000px) 54vw, (max-width: 1071px) 543px, 580px\" \/><\/a><\/figure>\n\n\n\n<p>Prost\u00e9 zahn\u00edzd\u011bn\u00ed z\u00e1rodku v d\u011blo\u017en\u00ed sliznici nesta\u010d\u00ed k jeho dal\u0161\u00edmu zd\u00e1rn\u00e9mu v\u00fdvoji. K tomu je t\u0159eba daleko pevn\u011bj\u0161\u00edho spojen\u00ed z\u00e1rodku a matky. <strong>Za\u010d\u00ednaj\u00ed vznikat tak zvan\u00e9 plodov\u00e9 obaly. Jsou to blanit\u00e9 vaky, kter\u00e9 z\u00e1rodek a pozd\u011bji plod chr\u00e1n\u00ed, umo\u017e\u0148uj\u00ed jeho v\u00fd\u017eivu, d\u00fdch\u00e1n\u00ed a tak\u00e9 vym\u011b\u0161ov\u00e1n\u00ed.<\/strong> Spojen\u00ed plodov\u00fdch obal\u016f s plodem zaji\u0161\u0165uje pupe\u010dn\u00ed provazec.<\/p>\n\n\n\n<p>Vn\u011bj\u0161\u00ed plodov\u00fd obal b\u00fdv\u00e1 naz\u00fdv\u00e1n \u201eklkat\u00fd\u201c. Sv\u016fj n\u00e1zev m\u00e1 podle v\u00fdr\u016fstk\u016f &#8211; klk\u016f, kter\u00e9 lze naj\u00edt na jeho vn\u011bj\u0161\u00ed \u010d\u00e1sti a kter\u00e9 pror\u016fstaj\u00ed do d\u011blo\u017en\u00ed sliznice. Klky obsahuj\u00ed jemn\u00e9 vl\u00e1se\u010dnice, kter\u00e9 do nich byly p\u0159ivedeny z pupe\u010dn\u00edho provazce. Jejich jemn\u00fdmi st\u011bnami prol\u00edn\u00e1 krevn\u00ed plazma z t\u011bla matky do t\u011bla plodu.<\/p>\n\n\n\n<figure class=\"wp-block-image size-large\"><img loading=\"lazy\" decoding=\"async\" width=\"600\" height=\"750\" src=\"https:\/\/www.labvet.cz\/blog\/wp-content\/uploads\/2021\/02\/N\u00e1vrh-bez-n\u00e1zvu.png\" alt=\"B\u0159ezost feny\" class=\"wp-image-2944\" srcset=\"https:\/\/labvet.cz\/blog\/wp-content\/uploads\/2021\/02\/N\u00e1vrh-bez-n\u00e1zvu.png 600w, https:\/\/labvet.cz\/blog\/wp-content\/uploads\/2021\/02\/N\u00e1vrh-bez-n\u00e1zvu-240x300.png 240w\" sizes=\"auto, (max-width: 600px) 100vw, 600px\" \/><figcaption class=\"wp-element-caption\">V b\u0159ezosti z\u016fst\u00e1v\u00e1 p\u0159ezka povolen\u00e1 a pros\u00e1kl\u00e1.<\/figcaption><\/figure>\n\n\n\n<p>Podle rozlo\u017een\u00ed klk\u016f se rozezn\u00e1vaj\u00ed typy placent (l\u016f\u017eek). Nap\u0159. opice a hlodavci maj\u00ed klky rozlo\u017een\u00e9 do kruhu a jejich placenta se naz\u00fdv\u00e1 discoidea. \u0160elmy, tedy i pes, maj\u00ed tak zvanou placentu p\u00e1sovou (placenta zonaria). Klky v n\u00ed tvo\u0159\u00ed jak\u00fdsi p\u00e1s ulo\u017een\u00fd kolmo na plod. V&nbsp;praxi to znamen\u00e1 opravdu pevn\u00e9 usazen\u00ed plod\u016f v&nbsp;d\u011bloze, kter\u00e9 umo\u017e\u0148ovalo \u0161elm\u00e1m matk\u00e1m lovit. Plodov\u00e9 obaly jednotliv\u00fdch \u0161t\u011b\u0148at se mohou v d\u011bloze matky dot\u00fdkat, ale nesr\u016fstaj\u00ed. <strong>Ka\u017ed\u00e9 \u0161t\u011bn\u011b m\u00e1 tedy svoje plodov\u00e9 obaly i sv\u00e9 vlastn\u00ed l\u016f\u017eko.<\/strong><\/p>\n\n\n\n<p>Pl\u00edce plodu jsou v dob\u011b nitrod\u011blo\u017en\u00edho v\u00fdvoje nefunk\u010dn\u00ed a jeho krevn\u00ed ob\u011bh je jin\u00fd ne\u017e u narozen\u00fdch jedinc\u016f. O p\u0159\u00edsun pot\u0159ebn\u00e9ho kysl\u00edku se star\u00e1 matka. P\u0159esto tvo\u0159\u00ed krevn\u00ed ob\u011bh matky i plodu dva samostatn\u00e9 celky, proto\u017ee jejich c\u00e9vy na sebe p\u0159\u00edmo nenavazuj\u00ed.<\/p>\n\n\n\n<p><strong>Zhruba okolo 28 dne b\u0159ezosti maj\u00ed z\u00e1rodky kulovit\u00fd tvar<\/strong> a d\u011bloha p\u0159ipom\u00edn\u00e1 r\u016f\u017eenec, v kter\u00e9m po\u010det navle\u010den\u00fdch kor\u00e1lk\u016f odpov\u00edd\u00e1 po\u010dtu \u0161t\u011b\u0148at. Dokud nebyl k&nbsp;dispozici ultrazvuk, bylo nahmat\u00e1n\u00ed \u201er\u016f\u017eence\u201c jedn\u00edm ze zp\u016fsob\u016f potvrzen\u00ed b\u0159ezosti feny. Dnes se v&nbsp;tomto obdob\u00ed d\u011bl\u00e1 sonografick\u00e9 vy\u0161et\u0159en\u00ed. Upozornit je asi t\u0159eba na to, \u017ee radost z&nbsp;potvrzen\u00ed \u0161t\u011b\u0148at m\u016f\u017ee b\u00fdt p\u0159ed\u010dasn\u00e1, a \u017ee i v&nbsp;pozd\u011bj\u0161\u00edm obdob\u00ed je fenka schopn\u00e1 plody vst\u0159ebat.<\/p>\n\n\n\n<h2 class=\"wp-block-heading\">Viditeln\u00e9 zm\u011bny u b\u0159ez\u00ed feny<\/h2>\n\n\n\n<p>V\u011bt\u0161ina d\u011bn\u00ed b\u011bhem b\u0159ezosti feny prob\u00edh\u00e1 skryt\u00e1 p\u0159ed zv\u011bdav\u00fdm pohledem chovatele. Jsou ov\u0161em ur\u010dit\u00e9 zn\u00e1mky, kter\u00e9 m\u016f\u017eeme vid\u011bt. U \u0159ady fen se po kryt\u00ed nevrac\u00ed p\u0159ezka do norm\u00e1ln\u00edho stavu. Stejn\u011b jako dal\u0161\u00ed \u010d\u00e1sti pohlavn\u00edho \u00fastroj\u00ed feny z\u016fst\u00e1v\u00e1 m\u00edrn\u011b zdu\u0159el\u00e1, jakoby pros\u00e1knut\u00e1. U v\u011bt\u0161iny fen se objevuje hlenovit\u00fd \u010dir\u00fd nebo lehce zabarven\u00fd v\u00fdtok.<\/p>\n\n\n\n<p><strong>Chovatel\u00e9 se d\u011bs\u00ed a maj\u00ed podez\u0159en\u00ed na onemocn\u011bn\u00ed typu z\u00e1n\u011btu d\u011blohy. Pokud v\u00fdtok nen\u00ed hnisav\u00fd a p\u00e1chnouc\u00ed, nen\u00ed \u017e\u00e1dn\u00fd d\u016fvod k obav\u00e1m. <\/strong>P\u0159\u00edroda chr\u00e1n\u00ed nenarozen\u00e9 potomstvo proti v\u0161em mo\u017en\u00fdm nebezpe\u010d\u00edm a tedy i proti infekci. Jednou z obrann\u00fdch bari\u00e9r je i zv\u00fd\u0161en\u00e1 sekrece v oblasti pochvy.<\/p>\n\n\n\n<figure class=\"wp-block-image size-large\"><a href=\"https:\/\/open.spotify.com\/episode\/1yczfsIAFs19Ayw9rcI9qa\" target=\"_blank\" rel=\"noopener\"><img loading=\"lazy\" decoding=\"async\" width=\"900\" height=\"140\" src=\"https:\/\/www.labvet.cz\/blog\/wp-content\/uploads\/2021\/05\/Labvet-alergologie-220-800-465-1.png\" alt=\"Spr\u00e1vn\u00e9 ur\u010den\u00ed dne kryt\u00ed zajist\u00ed b\u0159ezost feny\" class=\"wp-image-3291\" srcset=\"https:\/\/labvet.cz\/blog\/wp-content\/uploads\/2021\/05\/Labvet-alergologie-220-800-465-1.png 900w, https:\/\/labvet.cz\/blog\/wp-content\/uploads\/2021\/05\/Labvet-alergologie-220-800-465-1-300x47.png 300w, https:\/\/labvet.cz\/blog\/wp-content\/uploads\/2021\/05\/Labvet-alergologie-220-800-465-1-768x119.png 768w\" sizes=\"auto, (max-width: 767px) 89vw, (max-width: 1000px) 54vw, (max-width: 1071px) 543px, 580px\" \/><\/a><\/figure>\n\n\n\n<p>Asi <strong>po t\u0159ech a\u017e \u010dty\u0159ech t\u00fddnech se za\u010d\u00edn\u00e1 projevovat reakce ml\u00e9\u010dn\u00e9 \u017el\u00e1zy.<\/strong> Struky jsou zar\u016f\u017eov\u011bl\u00e9, m\u00edrn\u011b zv\u011bt\u0161en\u00e9 a jakoby ztuhl\u00e9. P\u0159ipom\u00ednaj\u00ed mal\u00e9 gumov\u00e9 z\u00e1tky tr\u010d\u00edc\u00ed do prostoru. <\/p>\n\n\n\n<p>Postupn\u011b se za\u010d\u00edn\u00e1 zv\u011bt\u0161ovat objem feny v krajin\u011b posledn\u00edch \u017eeber. Tam se toti\u017e v prvn\u00ed polovin\u011b b\u0159ezosti d\u011bloha skr\u00fdv\u00e1. V druh\u00e9 polovin\u011b b\u0159ezosti se zv\u011bt\u0161uje objem cel\u00e9 dutiny b\u0159i\u0161n\u00ed.<\/p>\n\n\n\n<p>Zhruba 10 &#8211; 7 dn\u00ed p\u0159ed porodem lze p\u0159es st\u011bnu b\u0159i\u0161n\u00ed nahmatat pohyby plod\u016f. Asi t\u00fdden p\u0159ed porodem v\u00fdrazn\u011b zdu\u0159\u00ed ml\u00e9\u010dn\u00e1 \u017el\u00e1za, u n\u011bkter\u00fdch fen se v tomto obdob\u00ed objevuje prvn\u00ed sekret. Ve stejn\u00e9m obdob\u00ed se b\u0159i\u0161n\u00ed svaly feny povoluj\u00ed, d\u011bloha kles\u00e1 a v\u0161e se chyst\u00e1 k porodu.<\/p>\n\n\n\n<p>K uveden\u00fdm zm\u011bn\u00e1m nedoch\u00e1z\u00ed u v\u0161ech fen ve stejn\u00e9 m\u00ed\u0159e. Velmi z\u00e1le\u017e\u00ed na typu plemene, po\u010dtu \u0161t\u011b\u0148at ve vrhu i na tom, kolik\u00e1t\u00fd vrh fena \u010dek\u00e1. <\/p>\n\n\n\n<p>Jinak bude reagovat svalovina b\u0159i\u0161n\u00ed st\u011bny u mal\u00e9ho kvadratick\u00e9ho plemene, nap\u0159. west highland white teri\u00e9ra p\u0159i prvn\u00edm porodu feny a t\u0159ech \u0161t\u011b\u0148atech a jinak bude vypadat sedmilet\u00e1 fenka \u010desk\u00e9ho fouska, kter\u00e1 na sv\u011bt p\u0159ivedla ji\u017e dva po\u010detn\u00e9 vrhy a pr\u00e1v\u011b \u010dek\u00e1 dal\u0161\u00edch osm \u0161t\u011b\u0148at.<\/p>\n\n\n\n<p>N\u011bkter\u00fdm fen\u00e1m se v&nbsp;pr\u016fb\u011bhu b\u0159ezosti nevyh\u00fdbaj\u00ed pot\u00ed\u017ee, odpov\u00eddaj\u00edc\u00ed nevolnostem nast\u00e1vaj\u00edc\u00ed lidsk\u00e9 maminky. Jsou feny, kter\u00e9 trp\u00ed zvracen\u00edm nebo nechutenstv\u00edm, jsou i feny, kter\u00e9 v dob\u011b b\u0159ezosti projevuj\u00ed doposud skryt\u00e9 chut\u011b.<\/p>\n\n\n\n<figure class=\"wp-block-image size-large\"><img loading=\"lazy\" decoding=\"async\" width=\"810\" height=\"430\" src=\"https:\/\/www.labvet.cz\/blog\/wp-content\/uploads\/2021\/02\/Kopie-n\u00e1vrhu-Kopie-n\u00e1vrhu-Kopie-n\u00e1vrhu-Kopie-n\u00e1vrhu-Kopie-n\u00e1vrhu-Kopie-n\u00e1vrhu-Kopie-n\u00e1vrhu-N\u00e1vrh-bez-n\u00e1zvu-1.png\" alt=\"\" class=\"wp-image-2943\" srcset=\"https:\/\/labvet.cz\/blog\/wp-content\/uploads\/2021\/02\/Kopie-n\u00e1vrhu-Kopie-n\u00e1vrhu-Kopie-n\u00e1vrhu-Kopie-n\u00e1vrhu-Kopie-n\u00e1vrhu-Kopie-n\u00e1vrhu-Kopie-n\u00e1vrhu-N\u00e1vrh-bez-n\u00e1zvu-1.png 810w, https:\/\/labvet.cz\/blog\/wp-content\/uploads\/2021\/02\/Kopie-n\u00e1vrhu-Kopie-n\u00e1vrhu-Kopie-n\u00e1vrhu-Kopie-n\u00e1vrhu-Kopie-n\u00e1vrhu-Kopie-n\u00e1vrhu-Kopie-n\u00e1vrhu-N\u00e1vrh-bez-n\u00e1zvu-1-300x159.png 300w, https:\/\/labvet.cz\/blog\/wp-content\/uploads\/2021\/02\/Kopie-n\u00e1vrhu-Kopie-n\u00e1vrhu-Kopie-n\u00e1vrhu-Kopie-n\u00e1vrhu-Kopie-n\u00e1vrhu-Kopie-n\u00e1vrhu-Kopie-n\u00e1vrhu-N\u00e1vrh-bez-n\u00e1zvu-1-768x408.png 768w\" sizes=\"auto, (max-width: 767px) 89vw, (max-width: 1000px) 54vw, (max-width: 1071px) 543px, 580px\" \/><figcaption class=\"wp-element-caption\">Highland white teri\u00e9r, \u010desk\u00fd housek &#8211; foto Jan Tich\u00fd<\/figcaption><\/figure>\n\n\n\n<h2 class=\"wp-block-heading\">I chu\u0165 na mrkev m\u016f\u017ee znamenat b\u0159ezost feny<\/h2>\n\n\n\n<p>M\u011bla jsem fenku, u kter\u00e9 nejlep\u0161\u00edm zp\u016fsobem potvrzen\u00ed b\u0159ezosti byla jej\u00ed neukojiteln\u00e1 touha po mrkvi. Jinak ji s p\u0159esv\u011bd\u010den\u00edm maso\u017eravce odm\u00edtala a s pe\u010dlivost\u00ed Popelky odd\u011blila sebemen\u0161\u00ed kousky zeleniny od ostatn\u00edho krmiva. Do t\u00fddne po kryt\u00ed zapomn\u011bla na slu\u0161n\u00e9 vychov\u00e1n\u00ed a speci\u00e1ln\u011b mrkev byla ochotna ukr\u00e1st v kr\u00e1m\u011b nebo soused\u016fm ji vytahat ze z\u00e1honu.<\/p>\n\n\n\n<p><strong>Hodn\u011b chovatel\u016f uv\u00e1d\u00ed zm\u011bny v chov\u00e1n\u00ed b\u0159ez\u00edch fen. Nast\u00e1vaj\u00edc\u00ed ps\u00ed matky b\u00fdvaj\u00ed spav\u00e9, l\u00edn\u011bj\u0161\u00ed, celkov\u011b na sebe opatrn\u011bj\u0161\u00ed a \u0159ada z nich tou\u017e\u00ed po lidsk\u00e9 spole\u010dnosti a pohlazen\u00ed daleko v\u00edce, ne\u017e jindy.<\/strong> Na n\u011bkter\u00e9 fen\u011b nen\u00ed poznat v\u016fbec nic. D\u016fstojnost mate\u0159stv\u00ed se j\u00ed vyh\u00fdb\u00e1 a ani rostouc\u00ed objem nen\u00ed d\u016fvodem k tomu, aby p\u0159estala honit ko\u010dky a plavat v ka\u017ed\u00e9 lou\u017ei, kter\u00e1 se j\u00ed naskytne.<\/p>\n\n\n\n<hr class=\"wp-block-separator has-css-opacity\"\/>\n\n\n\n<h2 class=\"wp-block-heading\">\u010ct\u011bte tak\u00e9:\u00a0<a href=\"https:\/\/labvet.cz\/blog\/pece-o-brezi-fenku-ockovani-a-odcerveni\/\">P\u00e9\u010de o b\u0159ez\u00ed fenu<\/a><\/h2>\n\n\n\n<figure class=\"wp-block-image size-full\"><a href=\"https:\/\/labvet.vetbook.eu\/kalendar.php\" target=\"_blank\" rel=\"noreferrer noopener\"><img loading=\"lazy\" decoding=\"async\" width=\"900\" height=\"140\" src=\"https:\/\/labvet.cz\/blog\/wp-content\/uploads\/2023\/05\/Labvet-alergologie-220-800-465-27.jpg\" alt=\"\" class=\"wp-image-5061\" srcset=\"https:\/\/labvet.cz\/blog\/wp-content\/uploads\/2023\/05\/Labvet-alergologie-220-800-465-27.jpg 900w, https:\/\/labvet.cz\/blog\/wp-content\/uploads\/2023\/05\/Labvet-alergologie-220-800-465-27-300x47.jpg 300w, https:\/\/labvet.cz\/blog\/wp-content\/uploads\/2023\/05\/Labvet-alergologie-220-800-465-27-768x119.jpg 768w\" sizes=\"auto, (max-width: 767px) 89vw, (max-width: 1000px) 54vw, (max-width: 1071px) 543px, 580px\" \/><\/a><\/figure>\n\n\n\n<a href=\"https:\/\/www.firmy.cz\/detail\/13103986-veterina-labvet-cz-praha.html#hodnoceni\" target=\"_blank\" rel=\"noopener\"><img decoding=\"async\" src=\"https:\/\/www.firmy.cz\/img-stars\/light-13103986.svg\" alt=\"Veterina Labvet.cz na Firmy.cz\" \/><\/a>\n\n\n\n<figure class=\"wp-block-image size-full\"><a href=\"https:\/\/petshop.cymedica.cz\/labvet\/Shop?q=12+kg\" target=\"_blank\" rel=\"noreferrer noopener\"><img loading=\"lazy\" decoding=\"async\" width=\"960\" height=\"240\" src=\"https:\/\/labvet.cz\/blog\/wp-content\/uploads\/2024\/05\/SPECIFIC-CPD-M-Puppy-Medium-Breed.png\" alt=\"\" class=\"wp-image-6216\" srcset=\"https:\/\/labvet.cz\/blog\/wp-content\/uploads\/2024\/05\/SPECIFIC-CPD-M-Puppy-Medium-Breed.png 960w, https:\/\/labvet.cz\/blog\/wp-content\/uploads\/2024\/05\/SPECIFIC-CPD-M-Puppy-Medium-Breed-300x75.png 300w, https:\/\/labvet.cz\/blog\/wp-content\/uploads\/2024\/05\/SPECIFIC-CPD-M-Puppy-Medium-Breed-768x192.png 768w\" sizes=\"auto, (max-width: 767px) 89vw, (max-width: 1000px) 54vw, (max-width: 1071px) 543px, 580px\" \/><\/a><\/figure>\n\n\n\n<div class=\"wp-block-group\"><div class=\"wp-block-group__inner-container is-layout-constrained wp-block-group-is-layout-constrained\">\n<hr class=\"wp-block-separator has-css-opacity\"\/>\n<\/div><\/div>\n\n\n<p><script src=\"https:\/\/se-forms.cz\/\/public\/web-forms-v2\/subscribe\/586351-xofohp9d4gib737hjb2t8c51hckqra2jeqrd4hc8w0kyadr2nk8wwh1ar0q53glhoskiyn31x7rkgkhvlbx5m39798nezaawnl1c\" id=\"se-webformScriptLoader-586351-xofohp9d4gib737hjb2t8c51hckqra2jeqrd4hc8w0kyadr2nk8wwh1ar0q53glhoskiyn31x7rkgkhvlbx5m39798nezaawnl1c\" async=\"\" defer=\"\"><\/script><\/p>","protected":false},"excerpt":{"rendered":"<p>\u201eDob\u0159e jsme nakryli, tak te\u010f u\u017e je to jen na v\u00e1s. Hlavn\u011b fenu hl\u00eddejte z\u00edtra. To se vaj\u00ed\u010dka zavrt\u00e1vaj\u00ed do d\u011blohy. Kdyby moc sk\u00e1kala, tak vypadnou,&#8220; r\u00e1doby vzd\u011blan\u00fd majitel kryc\u00edho psa. Putov\u00e1n\u00ed spermi\u00ed a oplodn\u011bn\u00ed Po sp\u00e1\u0159en\u00ed spermie psa putuj\u00ed p\u0159es d\u011blo\u017en\u00ed kr\u010dek, d\u011blo\u017en\u00ed t\u011blo a d\u011blo\u017en\u00ed rohy a\u017e k&nbsp;vejcovod\u016fm, kde \u010dekaj\u00ed na vaj\u00ed\u010dka. \u00dadajn\u011b &hellip; <\/p>\n<p class=\"link-more\"><a href=\"https:\/\/labvet.cz\/blog\/par-slov-o-brezosti-aneb-co-se-deje-v-nasi-fence-po-kryti\/\" class=\"more-link\">Pokra\u010dovat ve \u010dten\u00ed<span class=\"screen-reader-text\"> &#8222;B\u0159ezost feny aneb co se d\u011bje v\u00a0na\u0161\u00ed fence po kryt\u00ed?&#8220;<\/span><\/a><\/p>\n","protected":false},"author":5,"featured_media":6114,"comment_status":"open","ping_status":"open","sticky":false,"template":"","format":"standard","meta":{"_seopress_robots_primary_cat":"none","_seopress_titles_title":"B\u0159ezost feny: Co se d\u011bje po kryt\u00ed? | Labvet.cz","_seopress_titles_desc":"Zjist\u011bte, co se d\u011bje v t\u011ble feny po kryt\u00ed. P\u0159ehledn\u00fd pr\u016fvodce b\u0159ezost\u00ed feny a viditeln\u00fdmi zm\u011bnami, kter\u00fdch si m\u016f\u017eete v\u0161imnout.","_seopress_robots_index":"","footnotes":""},"categories":[10],"tags":[218,26],"class_list":["post-2940","post","type-post","status-publish","format-standard","has-post-thumbnail","hentry","category-reprodukce-psu","tag-reprodukce-psu","tag-vladimira-ticha"],"yoast_head":"<!-- This site is optimized with the Yoast SEO plugin v25.2 - https:\/\/yoast.com\/wordpress\/plugins\/seo\/ -->\n<title>B\u0159ezost feny aneb co se d\u011bje v\u00a0na\u0161\u00ed fence po kryt\u00ed? - Labvet blog<\/title>\n<meta name=\"robots\" content=\"index, follow, max-snippet:-1, max-image-preview:large, max-video-preview:-1\" \/>\n<link rel=\"canonical\" href=\"https:\/\/labvet.cz\/blog\/par-slov-o-brezosti-aneb-co-se-deje-v-nasi-fence-po-kryti\/\" \/>\n<meta property=\"og:locale\" content=\"cs_CZ\" \/>\n<meta property=\"og:type\" content=\"article\" \/>\n<meta property=\"og:title\" content=\"B\u0159ezost feny aneb co se d\u011bje v\u00a0na\u0161\u00ed fence po kryt\u00ed? - Labvet blog\" \/>\n<meta property=\"og:description\" content=\"\u201eDob\u0159e jsme nakryli, tak te\u010f u\u017e je to jen na v\u00e1s. Hlavn\u011b fenu hl\u00eddejte z\u00edtra. To se vaj\u00ed\u010dka zavrt\u00e1vaj\u00ed do d\u011blohy. Kdyby moc sk\u00e1kala, tak vypadnou,&#8220; r\u00e1doby vzd\u011blan\u00fd majitel kryc\u00edho psa. Putov\u00e1n\u00ed spermi\u00ed a oplodn\u011bn\u00ed Po sp\u00e1\u0159en\u00ed spermie psa putuj\u00ed p\u0159es d\u011blo\u017en\u00ed kr\u010dek, d\u011blo\u017en\u00ed t\u011blo a d\u011blo\u017en\u00ed rohy a\u017e k&nbsp;vejcovod\u016fm, kde \u010dekaj\u00ed na vaj\u00ed\u010dka. \u00dadajn\u011b &hellip; Pokra\u010dovat ve \u010dten\u00ed &quot;B\u0159ezost feny aneb co se d\u011bje v\u00a0na\u0161\u00ed fence po kryt\u00ed?&quot;\" \/>\n<meta property=\"og:url\" content=\"https:\/\/labvet.cz\/blog\/par-slov-o-brezosti-aneb-co-se-deje-v-nasi-fence-po-kryti\/\" \/>\n<meta property=\"og:site_name\" content=\"Labvet blog\" \/>\n<meta property=\"article:publisher\" content=\"https:\/\/www.facebook.com\/Labvet.cz\" \/>\n<meta property=\"article:published_time\" content=\"2021-02-01T14:18:26+00:00\" \/>\n<meta property=\"article:modified_time\" content=\"2025-04-08T09:18:08+00:00\" \/>\n<meta property=\"og:image\" content=\"https:\/\/labvet.cz\/blog\/wp-content\/uploads\/2021\/02\/Par-slov-o-brezosti-e1706107821967.png\" \/>\n\t<meta property=\"og:image:width\" content=\"820\" \/>\n\t<meta property=\"og:image:height\" content=\"462\" \/>\n\t<meta property=\"og:image:type\" content=\"image\/png\" \/>\n<meta name=\"author\" content=\"Vladim\u00edra Tich\u00e1\" \/>\n<meta name=\"twitter:card\" content=\"summary_large_image\" \/>\n<meta name=\"twitter:label1\" content=\"Napsal(a)\" \/>\n\t<meta name=\"twitter:data1\" content=\"Vladim\u00edra Tich\u00e1\" \/>\n\t<meta name=\"twitter:label2\" content=\"Odhadovan\u00e1 doba \u010dten\u00ed\" \/>\n\t<meta name=\"twitter:data2\" content=\"9 minut\" \/>\n<script type=\"application\/ld+json\" class=\"yoast-schema-graph\">{\"@context\":\"https:\/\/schema.org\",\"@graph\":[{\"@type\":\"Article\",\"@id\":\"https:\/\/labvet.cz\/blog\/par-slov-o-brezosti-aneb-co-se-deje-v-nasi-fence-po-kryti\/#article\",\"isPartOf\":{\"@id\":\"https:\/\/labvet.cz\/blog\/par-slov-o-brezosti-aneb-co-se-deje-v-nasi-fence-po-kryti\/\"},\"author\":{\"name\":\"Vladim\u00edra Tich\u00e1\",\"@id\":\"https:\/\/labvet.cz\/blog\/#\/schema\/person\/bbad2f1a9452008dfc405633ccda24b2\"},\"headline\":\"B\u0159ezost feny aneb co se d\u011bje v\u00a0na\u0161\u00ed fence po kryt\u00ed?\",\"datePublished\":\"2021-02-01T14:18:26+00:00\",\"dateModified\":\"2025-04-08T09:18:08+00:00\",\"mainEntityOfPage\":{\"@id\":\"https:\/\/labvet.cz\/blog\/par-slov-o-brezosti-aneb-co-se-deje-v-nasi-fence-po-kryti\/\"},\"wordCount\":1782,\"commentCount\":0,\"publisher\":{\"@id\":\"https:\/\/labvet.cz\/blog\/#organization\"},\"image\":{\"@id\":\"https:\/\/labvet.cz\/blog\/par-slov-o-brezosti-aneb-co-se-deje-v-nasi-fence-po-kryti\/#primaryimage\"},\"thumbnailUrl\":\"https:\/\/labvet.cz\/blog\/wp-content\/uploads\/2021\/02\/Par-slov-o-brezosti-e1706107821967.png\",\"keywords\":[\"reprodukce ps\u016f\",\"Vladim\u00edra Tich\u00e1\"],\"articleSection\":[\"Reprodukce ps\u016f\"],\"inLanguage\":\"cs\",\"potentialAction\":[{\"@type\":\"CommentAction\",\"name\":\"Comment\",\"target\":[\"https:\/\/labvet.cz\/blog\/par-slov-o-brezosti-aneb-co-se-deje-v-nasi-fence-po-kryti\/#respond\"]}]},{\"@type\":\"WebPage\",\"@id\":\"https:\/\/labvet.cz\/blog\/par-slov-o-brezosti-aneb-co-se-deje-v-nasi-fence-po-kryti\/\",\"url\":\"https:\/\/labvet.cz\/blog\/par-slov-o-brezosti-aneb-co-se-deje-v-nasi-fence-po-kryti\/\",\"name\":\"B\u0159ezost feny aneb co se d\u011bje v\u00a0na\u0161\u00ed fence po kryt\u00ed? - Labvet blog\",\"isPartOf\":{\"@id\":\"https:\/\/labvet.cz\/blog\/#website\"},\"primaryImageOfPage\":{\"@id\":\"https:\/\/labvet.cz\/blog\/par-slov-o-brezosti-aneb-co-se-deje-v-nasi-fence-po-kryti\/#primaryimage\"},\"image\":{\"@id\":\"https:\/\/labvet.cz\/blog\/par-slov-o-brezosti-aneb-co-se-deje-v-nasi-fence-po-kryti\/#primaryimage\"},\"thumbnailUrl\":\"https:\/\/labvet.cz\/blog\/wp-content\/uploads\/2021\/02\/Par-slov-o-brezosti-e1706107821967.png\",\"datePublished\":\"2021-02-01T14:18:26+00:00\",\"dateModified\":\"2025-04-08T09:18:08+00:00\",\"breadcrumb\":{\"@id\":\"https:\/\/labvet.cz\/blog\/par-slov-o-brezosti-aneb-co-se-deje-v-nasi-fence-po-kryti\/#breadcrumb\"},\"inLanguage\":\"cs\",\"potentialAction\":[{\"@type\":\"ReadAction\",\"target\":[\"https:\/\/labvet.cz\/blog\/par-slov-o-brezosti-aneb-co-se-deje-v-nasi-fence-po-kryti\/\"]}]},{\"@type\":\"ImageObject\",\"inLanguage\":\"cs\",\"@id\":\"https:\/\/labvet.cz\/blog\/par-slov-o-brezosti-aneb-co-se-deje-v-nasi-fence-po-kryti\/#primaryimage\",\"url\":\"https:\/\/labvet.cz\/blog\/wp-content\/uploads\/2021\/02\/Par-slov-o-brezosti-e1706107821967.png\",\"contentUrl\":\"https:\/\/labvet.cz\/blog\/wp-content\/uploads\/2021\/02\/Par-slov-o-brezosti-e1706107821967.png\",\"width\":820,\"height\":462},{\"@type\":\"BreadcrumbList\",\"@id\":\"https:\/\/labvet.cz\/blog\/par-slov-o-brezosti-aneb-co-se-deje-v-nasi-fence-po-kryti\/#breadcrumb\",\"itemListElement\":[{\"@type\":\"ListItem\",\"position\":1,\"name\":\"Dom\u016f\",\"item\":\"https:\/\/labvet.cz\/blog\/\"},{\"@type\":\"ListItem\",\"position\":2,\"name\":\"B\u0159ezost feny aneb co se d\u011bje v\u00a0na\u0161\u00ed fence po kryt\u00ed?\"}]},{\"@type\":\"WebSite\",\"@id\":\"https:\/\/labvet.cz\/blog\/#website\",\"url\":\"https:\/\/labvet.cz\/blog\/\",\"name\":\"Labvet blog\",\"description\":\"pro chovatele i veterin\u00e1rn\u00ed l\u00e9ka\u0159e\",\"publisher\":{\"@id\":\"https:\/\/labvet.cz\/blog\/#organization\"},\"potentialAction\":[{\"@type\":\"SearchAction\",\"target\":{\"@type\":\"EntryPoint\",\"urlTemplate\":\"https:\/\/labvet.cz\/blog\/?s={search_term_string}\"},\"query-input\":{\"@type\":\"PropertyValueSpecification\",\"valueRequired\":true,\"valueName\":\"search_term_string\"}}],\"inLanguage\":\"cs\"},{\"@type\":\"Organization\",\"@id\":\"https:\/\/labvet.cz\/blog\/#organization\",\"name\":\"Labvet.cz\",\"url\":\"https:\/\/labvet.cz\/blog\/\",\"logo\":{\"@type\":\"ImageObject\",\"inLanguage\":\"cs\",\"@id\":\"https:\/\/labvet.cz\/blog\/#\/schema\/logo\/image\/\",\"url\":\"https:\/\/labvet.cz\/blog\/wp-content\/uploads\/2023\/08\/cropped-Navrh-bez-nazvu.png\",\"contentUrl\":\"https:\/\/labvet.cz\/blog\/wp-content\/uploads\/2023\/08\/cropped-Navrh-bez-nazvu.png\",\"width\":300,\"height\":300,\"caption\":\"Labvet.cz\"},\"image\":{\"@id\":\"https:\/\/labvet.cz\/blog\/#\/schema\/logo\/image\/\"},\"sameAs\":[\"https:\/\/www.facebook.com\/Labvet.cz\",\"https:\/\/www.instagram.com\/labvet.cz\/\",\"https:\/\/www.linkedin.com\/showcase\/94138348\/admin\/dashboard\/\"]},{\"@type\":\"Person\",\"@id\":\"https:\/\/labvet.cz\/blog\/#\/schema\/person\/bbad2f1a9452008dfc405633ccda24b2\",\"name\":\"Vladim\u00edra Tich\u00e1\",\"image\":{\"@type\":\"ImageObject\",\"inLanguage\":\"cs\",\"@id\":\"https:\/\/labvet.cz\/blog\/#\/schema\/person\/image\/\",\"url\":\"https:\/\/secure.gravatar.com\/avatar\/006249f2c43485b8397ae08eea7ba7f3e6b682795e8e33ea4c7dcf34d196813e?s=96&d=mm&r=g\",\"contentUrl\":\"https:\/\/secure.gravatar.com\/avatar\/006249f2c43485b8397ae08eea7ba7f3e6b682795e8e33ea4c7dcf34d196813e?s=96&d=mm&r=g\",\"caption\":\"Vladim\u00edra Tich\u00e1\"},\"url\":\"https:\/\/labvet.cz\/blog\/author\/vladimira\/\"}]}<\/script>\n<!-- \/ Yoast SEO plugin. -->","yoast_head_json":{"title":"B\u0159ezost feny aneb co se d\u011bje v\u00a0na\u0161\u00ed fence po kryt\u00ed? - Labvet blog","robots":{"index":"index","follow":"follow","max-snippet":"max-snippet:-1","max-image-preview":"max-image-preview:large","max-video-preview":"max-video-preview:-1"},"canonical":"https:\/\/labvet.cz\/blog\/par-slov-o-brezosti-aneb-co-se-deje-v-nasi-fence-po-kryti\/","og_locale":"cs_CZ","og_type":"article","og_title":"B\u0159ezost feny aneb co se d\u011bje v\u00a0na\u0161\u00ed fence po kryt\u00ed? - Labvet blog","og_description":"\u201eDob\u0159e jsme nakryli, tak te\u010f u\u017e je to jen na v\u00e1s. Hlavn\u011b fenu hl\u00eddejte z\u00edtra. To se vaj\u00ed\u010dka zavrt\u00e1vaj\u00ed do d\u011blohy. Kdyby moc sk\u00e1kala, tak vypadnou,&#8220; r\u00e1doby vzd\u011blan\u00fd majitel kryc\u00edho psa. Putov\u00e1n\u00ed spermi\u00ed a oplodn\u011bn\u00ed Po sp\u00e1\u0159en\u00ed spermie psa putuj\u00ed p\u0159es d\u011blo\u017en\u00ed kr\u010dek, d\u011blo\u017en\u00ed t\u011blo a d\u011blo\u017en\u00ed rohy a\u017e k&nbsp;vejcovod\u016fm, kde \u010dekaj\u00ed na vaj\u00ed\u010dka. \u00dadajn\u011b &hellip; Pokra\u010dovat ve \u010dten\u00ed \"B\u0159ezost feny aneb co se d\u011bje v\u00a0na\u0161\u00ed fence po kryt\u00ed?\"","og_url":"https:\/\/labvet.cz\/blog\/par-slov-o-brezosti-aneb-co-se-deje-v-nasi-fence-po-kryti\/","og_site_name":"Labvet blog","article_publisher":"https:\/\/www.facebook.com\/Labvet.cz","article_published_time":"2021-02-01T14:18:26+00:00","article_modified_time":"2025-04-08T09:18:08+00:00","og_image":[{"width":820,"height":462,"url":"https:\/\/labvet.cz\/blog\/wp-content\/uploads\/2021\/02\/Par-slov-o-brezosti-e1706107821967.png","type":"image\/png"}],"author":"Vladim\u00edra Tich\u00e1","twitter_card":"summary_large_image","twitter_misc":{"Napsal(a)":"Vladim\u00edra Tich\u00e1","Odhadovan\u00e1 doba \u010dten\u00ed":"9 minut"},"schema":{"@context":"https:\/\/schema.org","@graph":[{"@type":"Article","@id":"https:\/\/labvet.cz\/blog\/par-slov-o-brezosti-aneb-co-se-deje-v-nasi-fence-po-kryti\/#article","isPartOf":{"@id":"https:\/\/labvet.cz\/blog\/par-slov-o-brezosti-aneb-co-se-deje-v-nasi-fence-po-kryti\/"},"author":{"name":"Vladim\u00edra Tich\u00e1","@id":"https:\/\/labvet.cz\/blog\/#\/schema\/person\/bbad2f1a9452008dfc405633ccda24b2"},"headline":"B\u0159ezost feny aneb co se d\u011bje v\u00a0na\u0161\u00ed fence po kryt\u00ed?","datePublished":"2021-02-01T14:18:26+00:00","dateModified":"2025-04-08T09:18:08+00:00","mainEntityOfPage":{"@id":"https:\/\/labvet.cz\/blog\/par-slov-o-brezosti-aneb-co-se-deje-v-nasi-fence-po-kryti\/"},"wordCount":1782,"commentCount":0,"publisher":{"@id":"https:\/\/labvet.cz\/blog\/#organization"},"image":{"@id":"https:\/\/labvet.cz\/blog\/par-slov-o-brezosti-aneb-co-se-deje-v-nasi-fence-po-kryti\/#primaryimage"},"thumbnailUrl":"https:\/\/labvet.cz\/blog\/wp-content\/uploads\/2021\/02\/Par-slov-o-brezosti-e1706107821967.png","keywords":["reprodukce ps\u016f","Vladim\u00edra Tich\u00e1"],"articleSection":["Reprodukce ps\u016f"],"inLanguage":"cs","potentialAction":[{"@type":"CommentAction","name":"Comment","target":["https:\/\/labvet.cz\/blog\/par-slov-o-brezosti-aneb-co-se-deje-v-nasi-fence-po-kryti\/#respond"]}]},{"@type":"WebPage","@id":"https:\/\/labvet.cz\/blog\/par-slov-o-brezosti-aneb-co-se-deje-v-nasi-fence-po-kryti\/","url":"https:\/\/labvet.cz\/blog\/par-slov-o-brezosti-aneb-co-se-deje-v-nasi-fence-po-kryti\/","name":"B\u0159ezost feny aneb co se d\u011bje v\u00a0na\u0161\u00ed fence po kryt\u00ed? - Labvet blog","isPartOf":{"@id":"https:\/\/labvet.cz\/blog\/#website"},"primaryImageOfPage":{"@id":"https:\/\/labvet.cz\/blog\/par-slov-o-brezosti-aneb-co-se-deje-v-nasi-fence-po-kryti\/#primaryimage"},"image":{"@id":"https:\/\/labvet.cz\/blog\/par-slov-o-brezosti-aneb-co-se-deje-v-nasi-fence-po-kryti\/#primaryimage"},"thumbnailUrl":"https:\/\/labvet.cz\/blog\/wp-content\/uploads\/2021\/02\/Par-slov-o-brezosti-e1706107821967.png","datePublished":"2021-02-01T14:18:26+00:00","dateModified":"2025-04-08T09:18:08+00:00","breadcrumb":{"@id":"https:\/\/labvet.cz\/blog\/par-slov-o-brezosti-aneb-co-se-deje-v-nasi-fence-po-kryti\/#breadcrumb"},"inLanguage":"cs","potentialAction":[{"@type":"ReadAction","target":["https:\/\/labvet.cz\/blog\/par-slov-o-brezosti-aneb-co-se-deje-v-nasi-fence-po-kryti\/"]}]},{"@type":"ImageObject","inLanguage":"cs","@id":"https:\/\/labvet.cz\/blog\/par-slov-o-brezosti-aneb-co-se-deje-v-nasi-fence-po-kryti\/#primaryimage","url":"https:\/\/labvet.cz\/blog\/wp-content\/uploads\/2021\/02\/Par-slov-o-brezosti-e1706107821967.png","contentUrl":"https:\/\/labvet.cz\/blog\/wp-content\/uploads\/2021\/02\/Par-slov-o-brezosti-e1706107821967.png","width":820,"height":462},{"@type":"BreadcrumbList","@id":"https:\/\/labvet.cz\/blog\/par-slov-o-brezosti-aneb-co-se-deje-v-nasi-fence-po-kryti\/#breadcrumb","itemListElement":[{"@type":"ListItem","position":1,"name":"Dom\u016f","item":"https:\/\/labvet.cz\/blog\/"},{"@type":"ListItem","position":2,"name":"B\u0159ezost feny aneb co se d\u011bje v\u00a0na\u0161\u00ed fence po kryt\u00ed?"}]},{"@type":"WebSite","@id":"https:\/\/labvet.cz\/blog\/#website","url":"https:\/\/labvet.cz\/blog\/","name":"Labvet blog","description":"pro chovatele i veterin\u00e1rn\u00ed l\u00e9ka\u0159e","publisher":{"@id":"https:\/\/labvet.cz\/blog\/#organization"},"potentialAction":[{"@type":"SearchAction","target":{"@type":"EntryPoint","urlTemplate":"https:\/\/labvet.cz\/blog\/?s={search_term_string}"},"query-input":{"@type":"PropertyValueSpecification","valueRequired":true,"valueName":"search_term_string"}}],"inLanguage":"cs"},{"@type":"Organization","@id":"https:\/\/labvet.cz\/blog\/#organization","name":"Labvet.cz","url":"https:\/\/labvet.cz\/blog\/","logo":{"@type":"ImageObject","inLanguage":"cs","@id":"https:\/\/labvet.cz\/blog\/#\/schema\/logo\/image\/","url":"https:\/\/labvet.cz\/blog\/wp-content\/uploads\/2023\/08\/cropped-Navrh-bez-nazvu.png","contentUrl":"https:\/\/labvet.cz\/blog\/wp-content\/uploads\/2023\/08\/cropped-Navrh-bez-nazvu.png","width":300,"height":300,"caption":"Labvet.cz"},"image":{"@id":"https:\/\/labvet.cz\/blog\/#\/schema\/logo\/image\/"},"sameAs":["https:\/\/www.facebook.com\/Labvet.cz","https:\/\/www.instagram.com\/labvet.cz\/","https:\/\/www.linkedin.com\/showcase\/94138348\/admin\/dashboard\/"]},{"@type":"Person","@id":"https:\/\/labvet.cz\/blog\/#\/schema\/person\/bbad2f1a9452008dfc405633ccda24b2","name":"Vladim\u00edra Tich\u00e1","image":{"@type":"ImageObject","inLanguage":"cs","@id":"https:\/\/labvet.cz\/blog\/#\/schema\/person\/image\/","url":"https:\/\/secure.gravatar.com\/avatar\/006249f2c43485b8397ae08eea7ba7f3e6b682795e8e33ea4c7dcf34d196813e?s=96&d=mm&r=g","contentUrl":"https:\/\/secure.gravatar.com\/avatar\/006249f2c43485b8397ae08eea7ba7f3e6b682795e8e33ea4c7dcf34d196813e?s=96&d=mm&r=g","caption":"Vladim\u00edra Tich\u00e1"},"url":"https:\/\/labvet.cz\/blog\/author\/vladimira\/"}]}},"_links":{"self":[{"href":"https:\/\/labvet.cz\/blog\/wp-json\/wp\/v2\/posts\/2940","targetHints":{"allow":["GET"]}}],"collection":[{"href":"https:\/\/labvet.cz\/blog\/wp-json\/wp\/v2\/posts"}],"about":[{"href":"https:\/\/labvet.cz\/blog\/wp-json\/wp\/v2\/types\/post"}],"author":[{"embeddable":true,"href":"https:\/\/labvet.cz\/blog\/wp-json\/wp\/v2\/users\/5"}],"replies":[{"embeddable":true,"href":"https:\/\/labvet.cz\/blog\/wp-json\/wp\/v2\/comments?post=2940"}],"version-history":[{"count":42,"href":"https:\/\/labvet.cz\/blog\/wp-json\/wp\/v2\/posts\/2940\/revisions"}],"predecessor-version":[{"id":6716,"href":"https:\/\/labvet.cz\/blog\/wp-json\/wp\/v2\/posts\/2940\/revisions\/6716"}],"wp:featuredmedia":[{"embeddable":true,"href":"https:\/\/labvet.cz\/blog\/wp-json\/wp\/v2\/media\/6114"}],"wp:attachment":[{"href":"https:\/\/labvet.cz\/blog\/wp-json\/wp\/v2\/media?parent=2940"}],"wp:term":[{"taxonomy":"category","embeddable":true,"href":"https:\/\/labvet.cz\/blog\/wp-json\/wp\/v2\/categories?post=2940"},{"taxonomy":"post_tag","embeddable":true,"href":"https:\/\/labvet.cz\/blog\/wp-json\/wp\/v2\/tags?post=2940"}],"curies":[{"name":"wp","href":"https:\/\/api.w.org\/{rel}","templated":true}]}}