{"id":3142,"date":"2021-04-12T14:43:07","date_gmt":"2021-04-12T12:43:07","guid":{"rendered":"https:\/\/www.labvet.cz\/blog\/?p=3142"},"modified":"2024-12-02T22:14:38","modified_gmt":"2024-12-02T21:14:38","slug":"pes-na-zahrade","status":"publish","type":"post","link":"https:\/\/labvet.cz\/blog\/pes-na-zahrade\/","title":{"rendered":"Pes na zahrad\u011b"},"content":{"rendered":"\n<p><em>\u201eBydl\u00edte v&nbsp;\u010din\u017e\u00e1ku a m\u00e1te psa? To bych nemohla, psa byste si p\u0159ece m\u011bli po\u0159izovat, jedin\u011b kdy\u017e m\u00e1te zahradu,\u201c \u201emoudr\u00e1\u201c pan\u00ed v&nbsp;parku.<\/em><\/p>\n\n\n\n<p>V\u00fd\u0161e uveden\u00e9, a dlu\u017eno \u0159\u00edci \u017ee nesmysln\u00e9, prohl\u00e1\u0161en\u00ed lze sl\u00fdchat pom\u011brn\u011b \u010dasto.  Pravdou ale je, \u017ee ot\u00e1zku, zda psa ust\u00e1jit doma nebo venku, \u0159e\u0161\u00ed cel\u00e1 \u0159ada majitel\u016f.<\/p>\n\n\n\n<figure class=\"wp-block-image size-large\"><a href=\"https:\/\/labvet.online\/webinar-paraziti\/\" target=\"_blank\" rel=\"noopener\"><img loading=\"lazy\" decoding=\"async\" width=\"1024\" height=\"307\" src=\"https:\/\/labvet.cz\/blog\/wp-content\/uploads\/2023\/12\/Paraziti-v-chovu-psu-1024x307.jpg\" alt=\"\" class=\"wp-image-5774\" srcset=\"https:\/\/labvet.cz\/blog\/wp-content\/uploads\/2023\/12\/Paraziti-v-chovu-psu-1024x307.jpg 1024w, https:\/\/labvet.cz\/blog\/wp-content\/uploads\/2023\/12\/Paraziti-v-chovu-psu-300x90.jpg 300w, https:\/\/labvet.cz\/blog\/wp-content\/uploads\/2023\/12\/Paraziti-v-chovu-psu-768x230.jpg 768w, https:\/\/labvet.cz\/blog\/wp-content\/uploads\/2023\/12\/Paraziti-v-chovu-psu-1536x461.jpg 1536w, https:\/\/labvet.cz\/blog\/wp-content\/uploads\/2023\/12\/Paraziti-v-chovu-psu.jpg 2000w\" sizes=\"auto, (max-width: 767px) 89vw, (max-width: 1000px) 54vw, (max-width: 1071px) 543px, 580px\" \/><\/a><\/figure>\n\n\n\n<p>Odpov\u011b\u010f nen\u00ed jednoduch\u00e1. Je toti\u017e t\u0159eba zv\u00e1\u017eit, zda se jedn\u00e1 o psa, kter\u00fd na zahrad\u011b pob\u00fdv\u00e1 p\u0159es den nebo ve spole\u010dnosti sv\u00e9ho majitele a jinak m\u00e1 sv\u00e9 \u201ebydli\u0161t\u011b&#8220; (pel\u00ed\u0161ek, misku na \u017er\u00e1dlo atd.) v&nbsp;dom\u011b nebo o psa, kter\u00fd je na zahrad\u011b trvale um\u00edst\u011bn. V&nbsp;druh\u00e9m p\u0159\u00edpad\u011b je t\u0159eba zva\u017eovat celou \u0159adu informac\u00ed.<\/p>\n\n\n\n<p>D\u016fle\u017eitou roli hraje m\u00edsto bydli\u0161t\u011b majitele. Jin\u00e1 to bude v&nbsp;teplej\u0161\u00ed n\u00ed\u017ein\u011b a jin\u00e9 na hor\u00e1ch. Obecn\u011b je ale mo\u017en\u00e9 \u0159\u00edci, \u017ee trvale m\u016f\u017ee b\u00fdt venku um\u00edst\u011bna v\u011bt\u0161ina plemen. V\u00fdjimku tvo\u0159\u00ed spole\u010densk\u00e1 plemena (nap\u0159. malt\u00e9zsk\u00fd ps\u00edk, \u010divava, \u010d\u00ednsk\u00fd chocholat\u00fd pes, pra\u017esk\u00fd krysa\u0159\u00edk atd.) a tak\u00e9 plemena nah\u00e1\u010d\u016f . Jsou to plemena bez srsti, tak\u017ee i laik pochop\u00ed, \u017ee je nem\u00e1 p\u0159ed nep\u0159\u00edzn\u00ed po\u010das\u00ed co chr\u00e1nit (jedn\u00e1 se nap\u0159. o peru\u00e1nsk\u00e9 nebo mexick\u00e9 nah\u00e1\u010de).<\/p>\n\n\n\n<figure class=\"wp-block-image size-large\"><img loading=\"lazy\" decoding=\"async\" width=\"820\" height=\"312\" src=\"https:\/\/www.labvet.cz\/blog\/wp-content\/uploads\/2021\/04\/Navrh-bez-nazvu-10.png\" alt=\"ilustra\u010dn\u00ed obr\u00e1zek: N\u011bmeck\u00fd kr\u00e1tkosrst\u00fd oha\u0159, pra\u017esk\u00fd krysa\u0159\u00edk - foto Jan Tich\u00fd\" class=\"wp-image-3145\" srcset=\"https:\/\/labvet.cz\/blog\/wp-content\/uploads\/2021\/04\/Navrh-bez-nazvu-10.png 820w, https:\/\/labvet.cz\/blog\/wp-content\/uploads\/2021\/04\/Navrh-bez-nazvu-10-300x114.png 300w, https:\/\/labvet.cz\/blog\/wp-content\/uploads\/2021\/04\/Navrh-bez-nazvu-10-768x292.png 768w\" sizes=\"auto, (max-width: 767px) 89vw, (max-width: 1000px) 54vw, (max-width: 1071px) 543px, 580px\" \/><figcaption class=\"wp-element-caption\">N\u011bmeck\u00fd kr\u00e1tkosrst\u00fd oha\u0159, pra\u017esk\u00fd krysa\u0159\u00edk &#8211; foto Jan Tich\u00fd<\/figcaption><\/figure>\n\n\n\n<p>Celoro\u010dn\u00ed pobyt venku asi nebude sv\u011bd\u010dit n\u011bkter\u00fdm kr\u00e1tkosrst\u00fdm plemen\u016fm, jako je sicilsk\u00fd chrt nebo faraonsk\u00fd pes. Naopak pobyt v&nbsp;kotci vyhovuje jin\u00fdm kr\u00e1tkosrst\u00fdm plemen\u016fm, nap\u0159. n\u011bmeck\u00e9mu kr\u00e1tkosrst\u00e9mu oha\u0159i, n\u011bmeck\u00e9mu boxerovi nebo kr\u00e1tkosrst\u00e9 kolii. I vysloven\u011b \u0161patn\u00e9 po\u010das\u00ed zvl\u00e1d\u00e1 v\u011bt\u0161ina pasteveck\u00fdch a sala\u0161nick\u00fdch plemen (border kolie, n\u011bmeck\u00fd ov\u010d\u00e1k, australsk\u00fd ov\u010d\u00e1k, chodsk\u00fd pes, bernsk\u00fd sala\u0161nick\u00fd pes) a plemena molos\u016f (nap\u0159. st\u0159edoasiat, kavkazan). Zapomenout bychom nem\u011bli na kn\u00edra\u010de v\u0161ech velikost\u00ed a tak\u00e9 na v\u011bt\u0161inu pracovn\u00edch teri\u00e9r\u016f (jack russell terier, parson russell terier, jagdterier, erdel terier, irsk\u00fd terier atd). Pobyt v&nbsp;hor\u00e1ch vysloven\u011b vyhovuje bernard\u00fdn\u016fm, \u010desk\u00fdm horsk\u00fdm ps\u016fm nebo pyrenejsk\u00fdm horsk\u00fdm ps\u016fm.<\/p>\n\n\n\n<h2 class=\"wp-block-heading\">Bouda nebo kotec?<\/h2>\n\n\n\n<p>M\u00e1-li b\u00fdt pes trvale um\u00edst\u011bn mimo byt, je t\u0159eba mu poskytnout pot\u0159ebn\u00e9 prost\u0159ed\u00ed, tedy odpov\u00eddaj\u00edc\u00ed boudu a eventu\u00e1ln\u011b kotec. D\u016fle\u017eit\u00e9 je um\u00edst\u011bn\u00ed kotce a boudy. M\u011blo by se volit stinn\u00e9 a such\u00e9 m\u00edsto bez pr\u016fvanu. P\u0159em\u00fd\u0161let je t\u0159eba i nad vzd\u00e1lenost\u00ed od soused\u016f nebo od ulice. Ur\u010dit\u011b nen\u00ed soused\u016fm p\u0159\u00edjemn\u00e9 poslouchat cel\u00fd den \u0161t\u011bkaj\u00edc\u00edho psa.<\/p>\n\n\n\n<p>Bouda by m\u011bla b\u00fdt dostate\u010dn\u011b, ale nikoliv p\u0159ehnan\u011b velk\u00e1. Mal\u00e1 bouda je pro psa nepohodln\u00e1, velkou si obt\u00ed\u017en\u011b zah\u0159eje. Uv\u00e1d\u011bno b\u00fdv\u00e1, \u017ee spr\u00e1vn\u00e1 velikost boudy je takov\u00e1, aby si v&nbsp;n\u00ed pes mohl pohodln\u011b stoupnout a pohodln\u011b lehnout s&nbsp;nata\u017een\u00fdmi kon\u010detinami. Bouda by m\u011bla b\u00fdt zateplen\u00e1 a v\u00fdhodn\u00e9 jsou boudy s&nbsp;p\u0159eds\u00ed\u0148kou. Rozumn\u00e1 je odkl\u00e1p\u011bc\u00ed st\u0159echa, proto\u017ee se bouda snadn\u011bji udr\u017euje.<\/p>\n\n\n\n<p>Kotec by m\u011bl b\u00fdt dostate\u010dn\u011b velk\u00fd a m\u011bl by se snadno ukl\u00edzet. Vhodn\u00e9 je v&nbsp;n\u011bm um\u00edstit odpo\u010dinkov\u00e9 m\u00edsto, kter\u00e9 z\u016fstane such\u00e9, i kdy\u017e pr\u0161\u00ed. Vyhovuj\u00edc\u00ed je nap\u0159. d\u0159ev\u011bn\u00e1 podl\u00e1\u017eka. P\u0159em\u00fd\u0161let je t\u0159eba i nad oplocen\u00edm kotce. M\u011blo by b\u00fdt zapou\u0161t\u011bn\u00e9 do zem\u011b, aby se pes nepodhrabal, tak vysok\u00e9, aby je nep\u0159esko\u010dil a z&nbsp;takov\u00e9ho materi\u00e1lu, aby se neporanil. Nevhodn\u00e9 jsou nap\u0159. pletiva s&nbsp;velk\u00fdmi oky, v&nbsp;kter\u00fdch snadno uv\u00edzne tlapka.<\/p>\n\n\n\n<figure class=\"wp-block-image size-full\"><a href=\"https:\/\/petshop.cymedica.cz\/labvet\/Shop?q=10%2B2\" target=\"_blank\" rel=\"noreferrer noopener\"><img loading=\"lazy\" decoding=\"async\" width=\"960\" height=\"240\" src=\"https:\/\/labvet.cz\/blog\/wp-content\/uploads\/2024\/01\/SPECIFIC-krmivo-pro-psy.jpg\" alt=\"\" class=\"wp-image-5951\" srcset=\"https:\/\/labvet.cz\/blog\/wp-content\/uploads\/2024\/01\/SPECIFIC-krmivo-pro-psy.jpg 960w, https:\/\/labvet.cz\/blog\/wp-content\/uploads\/2024\/01\/SPECIFIC-krmivo-pro-psy-300x75.jpg 300w, https:\/\/labvet.cz\/blog\/wp-content\/uploads\/2024\/01\/SPECIFIC-krmivo-pro-psy-768x192.jpg 768w\" sizes=\"auto, (max-width: 767px) 89vw, (max-width: 1000px) 54vw, (max-width: 1071px) 543px, 580px\" \/><\/a><\/figure>\n\n\n\n<p>Do vybaven\u00ed pat\u0159\u00ed dv\u011b dob\u0159e omyvateln\u00e9 misky. Jedna na vodu a druh\u00e1 na krmen\u00ed. Voda by se m\u011bla ka\u017edodenn\u011b m\u011bnit a v&nbsp;zimn\u00edch m\u011bs\u00edc\u00edch kontrolovat, zda nezamrzla. Miska na krmen\u00ed by se m\u011bla ka\u017ed\u00fd den m\u00fdt a p\u0159\u00edpadn\u00e9 nesn\u011bden\u00e9 zbytky potravy likvidovat. Ka\u017edodenn\u00ed odstra\u0148ov\u00e1n\u00ed exkrement\u016f je povinnost\u00ed. Zvl\u00e1\u0161t\u011b, kdy\u017e se jedn\u00e1 o mlad\u00e9ho psa, je rozumn\u00e9 mu d\u00e1t k&nbsp;dispozici i n\u011bjakou hra\u010dku.<\/p>\n\n\n\n<p>Majitel\u00e9 ps\u016f se \u010dasto ptaj\u00ed, od jak\u00e9ho v\u011bku je mo\u017en\u00e9 \u0161t\u011bn\u011b do kotce a boudy um\u00edstit. I tady hraje roli  cel\u00e1 \u0159ada faktor\u016f. Snadn\u011bji si na kotec zvyk\u00e1 pes, kter\u00fd z&nbsp;n\u011bj poch\u00e1z\u00ed. Nen\u00ed rozumn\u00e9 si v&nbsp;listopadu p\u0159in\u00e9st \u0161t\u011bn\u011b, kter\u00e9 bylo odchov\u00e1no v&nbsp;panel\u00e1kov\u00e9m p\u0159eh\u0159\u00e1t\u00e9m byt\u011b a d\u00e1t ho rovnou do boudy, do kter\u00e9 svoj\u00ed velikost\u00ed mus\u00ed nejd\u0159\u00edve dor\u016fst. V&nbsp;takov\u00e9m p\u0159\u00edpad\u011b je t\u0159eba \u0161t\u011bn\u011b na boudu postupn\u011b navykat. Rozumn\u00e9 je si po\u0159\u00eddit \u0161t\u011bn\u011b z&nbsp;jarn\u00edho vrhu, u kter\u00e9ho p\u0159echod na nov\u00e9 bydlen\u00ed p\u0159ipadne do teplej\u0161\u00edch m\u011bs\u00edc\u016f a nenast\u00e1vaj\u00ed tak \u017e\u00e1dn\u00e9 probl\u00e9my.<\/p>\n\n\n\n<p>Majitel m\u016f\u017ee zvolit i variantu, p\u0159i kter\u00e9 m\u00e1 pes k&nbsp;dispozici celou zahradu a v&nbsp;n\u00ed n\u011bkde um\u00edst\u011bnou boudu. Je toti\u017e t\u0159eba d\u00e1vat pozor na to, jak se pes chov\u00e1 u plotu. V&nbsp;\u0159ad\u011b p\u0159\u00edpad\u016f jej roz\u010diluj\u00ed okolo jdouc\u00ed psi, na kter\u00e9 je schopn\u00fd p\u0159es plot \u00fato\u010dit. Probl\u00e9mem b\u00fdvaj\u00ed i d\u011bti, kter\u00e9 leckdy t\u011b\u0161\u00ed psa za plotem dr\u00e1\u017edit. Pak se jednou nedov\u0159e branka, pes se dostane na ulici a m\u016f\u017ee doj\u00edt k&nbsp;mal\u00e9ru.<\/p>\n\n\n\n<figure class=\"wp-block-image size-large\"><a href=\"https:\/\/www.labvet.cz\/blog\/labvet-podcast\/\" target=\"_blank\" rel=\"noreferrer noopener\"><img loading=\"lazy\" decoding=\"async\" width=\"900\" height=\"140\" src=\"https:\/\/www.labvet.cz\/blog\/wp-content\/uploads\/2021\/04\/Labvet-alergologie_-220-800-465-3.png\" alt=\"odkaz do podcast\u016f\" class=\"wp-image-3175\" srcset=\"https:\/\/labvet.cz\/blog\/wp-content\/uploads\/2021\/04\/Labvet-alergologie_-220-800-465-3.png 900w, https:\/\/labvet.cz\/blog\/wp-content\/uploads\/2021\/04\/Labvet-alergologie_-220-800-465-3-300x47.png 300w, https:\/\/labvet.cz\/blog\/wp-content\/uploads\/2021\/04\/Labvet-alergologie_-220-800-465-3-768x119.png 768w\" sizes=\"auto, (max-width: 767px) 89vw, (max-width: 1000px) 54vw, (max-width: 1071px) 543px, 580px\" \/><\/a><\/figure>\n\n\n\n<p>Jin\u00fd pes se vydr\u00e1\u017edit ned\u00e1, ale m\u016f\u017ee se z&nbsp;n\u011bj st\u00e1t velk\u00fd loudil. Ne v\u0161e, co mu \u201elaskav\u00fd\u201c okolojdouc\u00ed nab\u00eddne, ale sv\u011bd\u010d\u00ed ps\u00edmu \u017ealudku. Po\u010d\u00edtat je t\u0159eba i s&nbsp;t\u00edm, \u017ee pes bude okolo plotu b\u011bhat sem a tam a vyb\u011bh\u00e1 si cesti\u010dku-mlat, kde nep\u0159e\u017eije \u017e\u00e1dn\u00e1 p\u011bkn\u00e1 kyti\u010dka.<\/p>\n\n\n\n<p>Jsou psi, kte\u0159\u00ed se nau\u010d\u00ed na zahrad\u011b chodit po cesti\u010dk\u00e1ch a neohro\u017euj\u00ed pr\u00e1ci sv\u00e9ho majitele- zahr\u00e1dk\u00e1\u0159e. Jsou ale i psi jin\u00ed, pro kter\u00e9 je hrab\u00e1n\u00ed v&nbsp;z\u00e1honech z\u00e1bavou, a kte\u0159\u00ed dok\u00e1\u017e\u00ed o\u010desat majitelem p\u011bstovan\u00e9 jahody d\u0159\u00edv, ne\u017e dozraj\u00ed. Pes na zahrad\u011b m\u016f\u017ee b\u00fdt radost\u00ed i starost\u00ed.<\/p>\n\n\n\n<p>Na z\u00e1v\u011br jedna ps\u00ed prosba. Hodn\u011b lid\u00ed \u0159\u00edk\u00e1: \u201eNem\u00e1m zahradu, nemohu m\u00edt psa\u201c a domn\u00edv\u00e1 se, \u017ee pes na zahrad\u011b je spokojen\u00fd pes. Nen\u00ed to pravda. I pes, kter\u00fd je um\u00edst\u011bn mimo lidsk\u00e9 obydl\u00ed pot\u0159ebuje pravideln\u00fd kontakt s&nbsp;\u010dlov\u011bkem a pot\u0159ebuje i pravideln\u00fd pohyb. <strong>Hodn\u011b smutn\u00fdch a leckdy zanedban\u00fdch ps\u016f sed\u00ed za plotem a smutn\u011b se d\u00edv\u00e1 na sv\u00e9 \u010dty\u0159noh\u00e9 kolegy z \u010din\u017e\u00e1k\u016f, kter\u00e9 jejich majitel\u00e9 pravideln\u011b vod\u00ed na proch\u00e1zky.<\/strong><\/p>\n\n\n\n<hr class=\"wp-block-separator has-css-opacity\"\/>\n\n\n\n<figure class=\"wp-block-image size-full\"><a href=\"https:\/\/labvet.vetbook.eu\/kalendar.php\" target=\"_blank\" rel=\"noreferrer noopener\"><img loading=\"lazy\" decoding=\"async\" width=\"900\" height=\"140\" src=\"https:\/\/labvet.cz\/blog\/wp-content\/uploads\/2023\/05\/Labvet-alergologie-220-800-465-27.jpg\" alt=\"\" class=\"wp-image-5061\" srcset=\"https:\/\/labvet.cz\/blog\/wp-content\/uploads\/2023\/05\/Labvet-alergologie-220-800-465-27.jpg 900w, https:\/\/labvet.cz\/blog\/wp-content\/uploads\/2023\/05\/Labvet-alergologie-220-800-465-27-300x47.jpg 300w, https:\/\/labvet.cz\/blog\/wp-content\/uploads\/2023\/05\/Labvet-alergologie-220-800-465-27-768x119.jpg 768w\" sizes=\"auto, (max-width: 767px) 89vw, (max-width: 1000px) 54vw, (max-width: 1071px) 543px, 580px\" \/><\/a><\/figure>\n\n\n\n<a href=\"https:\/\/www.firmy.cz\/detail\/13103986-veterina-labvet-cz-praha.html#hodnoceni\" target=\"_blank\" rel=\"noopener\"><img decoding=\"async\" src=\"https:\/\/www.firmy.cz\/img-stars\/light-13103986.svg\" alt=\"Veterina Labvet.cz na Firmy.cz\" \/><\/a>\n\n\n\n<h2 class=\"wp-block-heading\">\u010ct\u011bte tak\u00e9:&nbsp;<strong><a rel=\"noreferrer noopener\" href=\"https:\/\/www.labvet.cz\/blog\/rana-socializace-dulezite-obdobi-v-zivote-stenete\/\" target=\"_blank\">Separa\u010dn\u00ed \u00fazkost<\/a><\/strong><\/h2>\n\n\n\n<hr class=\"wp-block-separator has-alpha-channel-opacity\"\/>\n\n\n\n<figure class=\"wp-block-image size-large\"><a href=\"https:\/\/petshop.cymedica.cz\/labvet\" target=\"_blank\" rel=\"noreferrer noopener\"><img loading=\"lazy\" decoding=\"async\" width=\"1024\" height=\"307\" src=\"https:\/\/labvet.cz\/blog\/wp-content\/uploads\/2023\/07\/Lista-1024x307.png\" alt=\"\" class=\"wp-image-5349\" srcset=\"https:\/\/labvet.cz\/blog\/wp-content\/uploads\/2023\/07\/Lista-1024x307.png 1024w, https:\/\/labvet.cz\/blog\/wp-content\/uploads\/2023\/07\/Lista-300x90.png 300w, https:\/\/labvet.cz\/blog\/wp-content\/uploads\/2023\/07\/Lista-768x230.png 768w, https:\/\/labvet.cz\/blog\/wp-content\/uploads\/2023\/07\/Lista-1536x461.png 1536w, https:\/\/labvet.cz\/blog\/wp-content\/uploads\/2023\/07\/Lista.png 2000w\" sizes=\"auto, (max-width: 767px) 89vw, (max-width: 1000px) 54vw, (max-width: 1071px) 543px, 580px\" \/><\/a><\/figure>\n","protected":false},"excerpt":{"rendered":"<p>\u201eBydl\u00edte v&nbsp;\u010din\u017e\u00e1ku a m\u00e1te psa? To bych nemohla, psa byste si p\u0159ece m\u011bli po\u0159izovat, jedin\u011b kdy\u017e m\u00e1te zahradu,\u201c \u201emoudr\u00e1\u201c pan\u00ed v&nbsp;parku. V\u00fd\u0161e uveden\u00e9, a dlu\u017eno \u0159\u00edci \u017ee nesmysln\u00e9, prohl\u00e1\u0161en\u00ed lze sl\u00fdchat pom\u011brn\u011b \u010dasto. Pravdou ale je, \u017ee ot\u00e1zku, zda psa ust\u00e1jit doma nebo venku, \u0159e\u0161\u00ed cel\u00e1 \u0159ada majitel\u016f. Odpov\u011b\u010f nen\u00ed jednoduch\u00e1. Je toti\u017e t\u0159eba zv\u00e1\u017eit, &hellip; <\/p>\n<p class=\"link-more\"><a href=\"https:\/\/labvet.cz\/blog\/pes-na-zahrade\/\" class=\"more-link\">Pokra\u010dovat ve \u010dten\u00ed<span class=\"screen-reader-text\"> &#8222;Pes na zahrad\u011b&#8220;<\/span><\/a><\/p>\n","protected":false},"author":5,"featured_media":3144,"comment_status":"open","ping_status":"open","sticky":false,"template":"","format":"standard","meta":{"_seopress_robots_primary_cat":"none","_seopress_titles_title":"Pes na zahrad\u011b | Nebude tam str\u00e1dat? | Labvet blog","_seopress_titles_desc":"Mohu m\u00edt psa cel\u00fd rok venku na zahrad\u011b? Jako ho zaopat\u0159it, aby venku nestr\u00e1dal? Jakou boudu pro psa po\u0159\u00eddit?","_seopress_robots_index":"","footnotes":""},"categories":[126],"tags":[],"class_list":["post-3142","post","type-post","status-publish","format-standard","has-post-thumbnail","hentry","category-zdravy-pes"],"yoast_head":"<!-- This site is optimized with the Yoast SEO plugin v25.2 - https:\/\/yoast.com\/wordpress\/plugins\/seo\/ -->\n<title>Pes na zahrad\u011b - Labvet blog<\/title>\n<meta name=\"robots\" content=\"index, follow, max-snippet:-1, max-image-preview:large, max-video-preview:-1\" \/>\n<link rel=\"canonical\" href=\"https:\/\/labvet.cz\/blog\/pes-na-zahrade\/\" \/>\n<meta property=\"og:locale\" content=\"cs_CZ\" \/>\n<meta property=\"og:type\" content=\"article\" \/>\n<meta property=\"og:title\" content=\"Pes na zahrad\u011b - Labvet blog\" \/>\n<meta property=\"og:description\" content=\"\u201eBydl\u00edte v&nbsp;\u010din\u017e\u00e1ku a m\u00e1te psa? To bych nemohla, psa byste si p\u0159ece m\u011bli po\u0159izovat, jedin\u011b kdy\u017e m\u00e1te zahradu,\u201c \u201emoudr\u00e1\u201c pan\u00ed v&nbsp;parku. V\u00fd\u0161e uveden\u00e9, a dlu\u017eno \u0159\u00edci \u017ee nesmysln\u00e9, prohl\u00e1\u0161en\u00ed lze sl\u00fdchat pom\u011brn\u011b \u010dasto. Pravdou ale je, \u017ee ot\u00e1zku, zda psa ust\u00e1jit doma nebo venku, \u0159e\u0161\u00ed cel\u00e1 \u0159ada majitel\u016f. Odpov\u011b\u010f nen\u00ed jednoduch\u00e1. Je toti\u017e t\u0159eba zv\u00e1\u017eit, &hellip; Pokra\u010dovat ve \u010dten\u00ed &quot;Pes na zahrad\u011b&quot;\" \/>\n<meta property=\"og:url\" content=\"https:\/\/labvet.cz\/blog\/pes-na-zahrade\/\" \/>\n<meta property=\"og:site_name\" content=\"Labvet blog\" \/>\n<meta property=\"article:publisher\" content=\"https:\/\/www.facebook.com\/Labvet.cz\" \/>\n<meta property=\"article:published_time\" content=\"2021-04-12T12:43:07+00:00\" \/>\n<meta property=\"article:modified_time\" content=\"2024-12-02T21:14:38+00:00\" \/>\n<meta property=\"og:image\" content=\"https:\/\/labvet.cz\/blog\/wp-content\/uploads\/2021\/04\/Kopie-navrhu-Kopie-navrhu-Kopie-navrhu-Navrh-bez-nazvu-4.png\" \/>\n\t<meta property=\"og:image:width\" content=\"810\" \/>\n\t<meta property=\"og:image:height\" content=\"430\" \/>\n\t<meta property=\"og:image:type\" content=\"image\/png\" \/>\n<meta name=\"author\" content=\"Vladim\u00edra Tich\u00e1\" \/>\n<meta name=\"twitter:card\" content=\"summary_large_image\" \/>\n<meta name=\"twitter:label1\" content=\"Napsal(a)\" \/>\n\t<meta name=\"twitter:data1\" content=\"Vladim\u00edra Tich\u00e1\" \/>\n\t<meta name=\"twitter:label2\" content=\"Odhadovan\u00e1 doba \u010dten\u00ed\" \/>\n\t<meta name=\"twitter:data2\" content=\"6 minut\" \/>\n<script type=\"application\/ld+json\" class=\"yoast-schema-graph\">{\"@context\":\"https:\/\/schema.org\",\"@graph\":[{\"@type\":\"Article\",\"@id\":\"https:\/\/labvet.cz\/blog\/pes-na-zahrade\/#article\",\"isPartOf\":{\"@id\":\"https:\/\/labvet.cz\/blog\/pes-na-zahrade\/\"},\"author\":{\"name\":\"Vladim\u00edra Tich\u00e1\",\"@id\":\"https:\/\/labvet.cz\/blog\/#\/schema\/person\/bbad2f1a9452008dfc405633ccda24b2\"},\"headline\":\"Pes na zahrad\u011b\",\"datePublished\":\"2021-04-12T12:43:07+00:00\",\"dateModified\":\"2024-12-02T21:14:38+00:00\",\"mainEntityOfPage\":{\"@id\":\"https:\/\/labvet.cz\/blog\/pes-na-zahrade\/\"},\"wordCount\":1216,\"commentCount\":1,\"publisher\":{\"@id\":\"https:\/\/labvet.cz\/blog\/#organization\"},\"image\":{\"@id\":\"https:\/\/labvet.cz\/blog\/pes-na-zahrade\/#primaryimage\"},\"thumbnailUrl\":\"https:\/\/labvet.cz\/blog\/wp-content\/uploads\/2021\/04\/Kopie-navrhu-Kopie-navrhu-Kopie-navrhu-Navrh-bez-nazvu-4.png\",\"articleSection\":[\"Zdrav\u00fd pes\"],\"inLanguage\":\"cs\",\"potentialAction\":[{\"@type\":\"CommentAction\",\"name\":\"Comment\",\"target\":[\"https:\/\/labvet.cz\/blog\/pes-na-zahrade\/#respond\"]}]},{\"@type\":\"WebPage\",\"@id\":\"https:\/\/labvet.cz\/blog\/pes-na-zahrade\/\",\"url\":\"https:\/\/labvet.cz\/blog\/pes-na-zahrade\/\",\"name\":\"Pes na zahrad\u011b - Labvet blog\",\"isPartOf\":{\"@id\":\"https:\/\/labvet.cz\/blog\/#website\"},\"primaryImageOfPage\":{\"@id\":\"https:\/\/labvet.cz\/blog\/pes-na-zahrade\/#primaryimage\"},\"image\":{\"@id\":\"https:\/\/labvet.cz\/blog\/pes-na-zahrade\/#primaryimage\"},\"thumbnailUrl\":\"https:\/\/labvet.cz\/blog\/wp-content\/uploads\/2021\/04\/Kopie-navrhu-Kopie-navrhu-Kopie-navrhu-Navrh-bez-nazvu-4.png\",\"datePublished\":\"2021-04-12T12:43:07+00:00\",\"dateModified\":\"2024-12-02T21:14:38+00:00\",\"breadcrumb\":{\"@id\":\"https:\/\/labvet.cz\/blog\/pes-na-zahrade\/#breadcrumb\"},\"inLanguage\":\"cs\",\"potentialAction\":[{\"@type\":\"ReadAction\",\"target\":[\"https:\/\/labvet.cz\/blog\/pes-na-zahrade\/\"]}]},{\"@type\":\"ImageObject\",\"inLanguage\":\"cs\",\"@id\":\"https:\/\/labvet.cz\/blog\/pes-na-zahrade\/#primaryimage\",\"url\":\"https:\/\/labvet.cz\/blog\/wp-content\/uploads\/2021\/04\/Kopie-navrhu-Kopie-navrhu-Kopie-navrhu-Navrh-bez-nazvu-4.png\",\"contentUrl\":\"https:\/\/labvet.cz\/blog\/wp-content\/uploads\/2021\/04\/Kopie-navrhu-Kopie-navrhu-Kopie-navrhu-Navrh-bez-nazvu-4.png\",\"width\":810,\"height\":430,\"caption\":\"Pes na zahrad\u011b\"},{\"@type\":\"BreadcrumbList\",\"@id\":\"https:\/\/labvet.cz\/blog\/pes-na-zahrade\/#breadcrumb\",\"itemListElement\":[{\"@type\":\"ListItem\",\"position\":1,\"name\":\"Dom\u016f\",\"item\":\"https:\/\/labvet.cz\/blog\/\"},{\"@type\":\"ListItem\",\"position\":2,\"name\":\"Pes na zahrad\u011b\"}]},{\"@type\":\"WebSite\",\"@id\":\"https:\/\/labvet.cz\/blog\/#website\",\"url\":\"https:\/\/labvet.cz\/blog\/\",\"name\":\"Labvet blog\",\"description\":\"pro chovatele i veterin\u00e1rn\u00ed l\u00e9ka\u0159e\",\"publisher\":{\"@id\":\"https:\/\/labvet.cz\/blog\/#organization\"},\"potentialAction\":[{\"@type\":\"SearchAction\",\"target\":{\"@type\":\"EntryPoint\",\"urlTemplate\":\"https:\/\/labvet.cz\/blog\/?s={search_term_string}\"},\"query-input\":{\"@type\":\"PropertyValueSpecification\",\"valueRequired\":true,\"valueName\":\"search_term_string\"}}],\"inLanguage\":\"cs\"},{\"@type\":\"Organization\",\"@id\":\"https:\/\/labvet.cz\/blog\/#organization\",\"name\":\"Labvet.cz\",\"url\":\"https:\/\/labvet.cz\/blog\/\",\"logo\":{\"@type\":\"ImageObject\",\"inLanguage\":\"cs\",\"@id\":\"https:\/\/labvet.cz\/blog\/#\/schema\/logo\/image\/\",\"url\":\"https:\/\/labvet.cz\/blog\/wp-content\/uploads\/2023\/08\/cropped-Navrh-bez-nazvu.png\",\"contentUrl\":\"https:\/\/labvet.cz\/blog\/wp-content\/uploads\/2023\/08\/cropped-Navrh-bez-nazvu.png\",\"width\":300,\"height\":300,\"caption\":\"Labvet.cz\"},\"image\":{\"@id\":\"https:\/\/labvet.cz\/blog\/#\/schema\/logo\/image\/\"},\"sameAs\":[\"https:\/\/www.facebook.com\/Labvet.cz\",\"https:\/\/www.instagram.com\/labvet.cz\/\",\"https:\/\/www.linkedin.com\/showcase\/94138348\/admin\/dashboard\/\"]},{\"@type\":\"Person\",\"@id\":\"https:\/\/labvet.cz\/blog\/#\/schema\/person\/bbad2f1a9452008dfc405633ccda24b2\",\"name\":\"Vladim\u00edra Tich\u00e1\",\"image\":{\"@type\":\"ImageObject\",\"inLanguage\":\"cs\",\"@id\":\"https:\/\/labvet.cz\/blog\/#\/schema\/person\/image\/\",\"url\":\"https:\/\/secure.gravatar.com\/avatar\/006249f2c43485b8397ae08eea7ba7f3e6b682795e8e33ea4c7dcf34d196813e?s=96&d=mm&r=g\",\"contentUrl\":\"https:\/\/secure.gravatar.com\/avatar\/006249f2c43485b8397ae08eea7ba7f3e6b682795e8e33ea4c7dcf34d196813e?s=96&d=mm&r=g\",\"caption\":\"Vladim\u00edra Tich\u00e1\"},\"url\":\"https:\/\/labvet.cz\/blog\/author\/vladimira\/\"}]}<\/script>\n<!-- \/ Yoast SEO plugin. -->","yoast_head_json":{"title":"Pes na zahrad\u011b - Labvet blog","robots":{"index":"index","follow":"follow","max-snippet":"max-snippet:-1","max-image-preview":"max-image-preview:large","max-video-preview":"max-video-preview:-1"},"canonical":"https:\/\/labvet.cz\/blog\/pes-na-zahrade\/","og_locale":"cs_CZ","og_type":"article","og_title":"Pes na zahrad\u011b - Labvet blog","og_description":"\u201eBydl\u00edte v&nbsp;\u010din\u017e\u00e1ku a m\u00e1te psa? To bych nemohla, psa byste si p\u0159ece m\u011bli po\u0159izovat, jedin\u011b kdy\u017e m\u00e1te zahradu,\u201c \u201emoudr\u00e1\u201c pan\u00ed v&nbsp;parku. V\u00fd\u0161e uveden\u00e9, a dlu\u017eno \u0159\u00edci \u017ee nesmysln\u00e9, prohl\u00e1\u0161en\u00ed lze sl\u00fdchat pom\u011brn\u011b \u010dasto. Pravdou ale je, \u017ee ot\u00e1zku, zda psa ust\u00e1jit doma nebo venku, \u0159e\u0161\u00ed cel\u00e1 \u0159ada majitel\u016f. Odpov\u011b\u010f nen\u00ed jednoduch\u00e1. Je toti\u017e t\u0159eba zv\u00e1\u017eit, &hellip; Pokra\u010dovat ve \u010dten\u00ed \"Pes na zahrad\u011b\"","og_url":"https:\/\/labvet.cz\/blog\/pes-na-zahrade\/","og_site_name":"Labvet blog","article_publisher":"https:\/\/www.facebook.com\/Labvet.cz","article_published_time":"2021-04-12T12:43:07+00:00","article_modified_time":"2024-12-02T21:14:38+00:00","og_image":[{"width":810,"height":430,"url":"https:\/\/labvet.cz\/blog\/wp-content\/uploads\/2021\/04\/Kopie-navrhu-Kopie-navrhu-Kopie-navrhu-Navrh-bez-nazvu-4.png","type":"image\/png"}],"author":"Vladim\u00edra Tich\u00e1","twitter_card":"summary_large_image","twitter_misc":{"Napsal(a)":"Vladim\u00edra Tich\u00e1","Odhadovan\u00e1 doba \u010dten\u00ed":"6 minut"},"schema":{"@context":"https:\/\/schema.org","@graph":[{"@type":"Article","@id":"https:\/\/labvet.cz\/blog\/pes-na-zahrade\/#article","isPartOf":{"@id":"https:\/\/labvet.cz\/blog\/pes-na-zahrade\/"},"author":{"name":"Vladim\u00edra Tich\u00e1","@id":"https:\/\/labvet.cz\/blog\/#\/schema\/person\/bbad2f1a9452008dfc405633ccda24b2"},"headline":"Pes na zahrad\u011b","datePublished":"2021-04-12T12:43:07+00:00","dateModified":"2024-12-02T21:14:38+00:00","mainEntityOfPage":{"@id":"https:\/\/labvet.cz\/blog\/pes-na-zahrade\/"},"wordCount":1216,"commentCount":1,"publisher":{"@id":"https:\/\/labvet.cz\/blog\/#organization"},"image":{"@id":"https:\/\/labvet.cz\/blog\/pes-na-zahrade\/#primaryimage"},"thumbnailUrl":"https:\/\/labvet.cz\/blog\/wp-content\/uploads\/2021\/04\/Kopie-navrhu-Kopie-navrhu-Kopie-navrhu-Navrh-bez-nazvu-4.png","articleSection":["Zdrav\u00fd pes"],"inLanguage":"cs","potentialAction":[{"@type":"CommentAction","name":"Comment","target":["https:\/\/labvet.cz\/blog\/pes-na-zahrade\/#respond"]}]},{"@type":"WebPage","@id":"https:\/\/labvet.cz\/blog\/pes-na-zahrade\/","url":"https:\/\/labvet.cz\/blog\/pes-na-zahrade\/","name":"Pes na zahrad\u011b - Labvet blog","isPartOf":{"@id":"https:\/\/labvet.cz\/blog\/#website"},"primaryImageOfPage":{"@id":"https:\/\/labvet.cz\/blog\/pes-na-zahrade\/#primaryimage"},"image":{"@id":"https:\/\/labvet.cz\/blog\/pes-na-zahrade\/#primaryimage"},"thumbnailUrl":"https:\/\/labvet.cz\/blog\/wp-content\/uploads\/2021\/04\/Kopie-navrhu-Kopie-navrhu-Kopie-navrhu-Navrh-bez-nazvu-4.png","datePublished":"2021-04-12T12:43:07+00:00","dateModified":"2024-12-02T21:14:38+00:00","breadcrumb":{"@id":"https:\/\/labvet.cz\/blog\/pes-na-zahrade\/#breadcrumb"},"inLanguage":"cs","potentialAction":[{"@type":"ReadAction","target":["https:\/\/labvet.cz\/blog\/pes-na-zahrade\/"]}]},{"@type":"ImageObject","inLanguage":"cs","@id":"https:\/\/labvet.cz\/blog\/pes-na-zahrade\/#primaryimage","url":"https:\/\/labvet.cz\/blog\/wp-content\/uploads\/2021\/04\/Kopie-navrhu-Kopie-navrhu-Kopie-navrhu-Navrh-bez-nazvu-4.png","contentUrl":"https:\/\/labvet.cz\/blog\/wp-content\/uploads\/2021\/04\/Kopie-navrhu-Kopie-navrhu-Kopie-navrhu-Navrh-bez-nazvu-4.png","width":810,"height":430,"caption":"Pes na zahrad\u011b"},{"@type":"BreadcrumbList","@id":"https:\/\/labvet.cz\/blog\/pes-na-zahrade\/#breadcrumb","itemListElement":[{"@type":"ListItem","position":1,"name":"Dom\u016f","item":"https:\/\/labvet.cz\/blog\/"},{"@type":"ListItem","position":2,"name":"Pes na zahrad\u011b"}]},{"@type":"WebSite","@id":"https:\/\/labvet.cz\/blog\/#website","url":"https:\/\/labvet.cz\/blog\/","name":"Labvet blog","description":"pro chovatele i veterin\u00e1rn\u00ed l\u00e9ka\u0159e","publisher":{"@id":"https:\/\/labvet.cz\/blog\/#organization"},"potentialAction":[{"@type":"SearchAction","target":{"@type":"EntryPoint","urlTemplate":"https:\/\/labvet.cz\/blog\/?s={search_term_string}"},"query-input":{"@type":"PropertyValueSpecification","valueRequired":true,"valueName":"search_term_string"}}],"inLanguage":"cs"},{"@type":"Organization","@id":"https:\/\/labvet.cz\/blog\/#organization","name":"Labvet.cz","url":"https:\/\/labvet.cz\/blog\/","logo":{"@type":"ImageObject","inLanguage":"cs","@id":"https:\/\/labvet.cz\/blog\/#\/schema\/logo\/image\/","url":"https:\/\/labvet.cz\/blog\/wp-content\/uploads\/2023\/08\/cropped-Navrh-bez-nazvu.png","contentUrl":"https:\/\/labvet.cz\/blog\/wp-content\/uploads\/2023\/08\/cropped-Navrh-bez-nazvu.png","width":300,"height":300,"caption":"Labvet.cz"},"image":{"@id":"https:\/\/labvet.cz\/blog\/#\/schema\/logo\/image\/"},"sameAs":["https:\/\/www.facebook.com\/Labvet.cz","https:\/\/www.instagram.com\/labvet.cz\/","https:\/\/www.linkedin.com\/showcase\/94138348\/admin\/dashboard\/"]},{"@type":"Person","@id":"https:\/\/labvet.cz\/blog\/#\/schema\/person\/bbad2f1a9452008dfc405633ccda24b2","name":"Vladim\u00edra Tich\u00e1","image":{"@type":"ImageObject","inLanguage":"cs","@id":"https:\/\/labvet.cz\/blog\/#\/schema\/person\/image\/","url":"https:\/\/secure.gravatar.com\/avatar\/006249f2c43485b8397ae08eea7ba7f3e6b682795e8e33ea4c7dcf34d196813e?s=96&d=mm&r=g","contentUrl":"https:\/\/secure.gravatar.com\/avatar\/006249f2c43485b8397ae08eea7ba7f3e6b682795e8e33ea4c7dcf34d196813e?s=96&d=mm&r=g","caption":"Vladim\u00edra Tich\u00e1"},"url":"https:\/\/labvet.cz\/blog\/author\/vladimira\/"}]}},"_links":{"self":[{"href":"https:\/\/labvet.cz\/blog\/wp-json\/wp\/v2\/posts\/3142","targetHints":{"allow":["GET"]}}],"collection":[{"href":"https:\/\/labvet.cz\/blog\/wp-json\/wp\/v2\/posts"}],"about":[{"href":"https:\/\/labvet.cz\/blog\/wp-json\/wp\/v2\/types\/post"}],"author":[{"embeddable":true,"href":"https:\/\/labvet.cz\/blog\/wp-json\/wp\/v2\/users\/5"}],"replies":[{"embeddable":true,"href":"https:\/\/labvet.cz\/blog\/wp-json\/wp\/v2\/comments?post=3142"}],"version-history":[{"count":14,"href":"https:\/\/labvet.cz\/blog\/wp-json\/wp\/v2\/posts\/3142\/revisions"}],"predecessor-version":[{"id":6480,"href":"https:\/\/labvet.cz\/blog\/wp-json\/wp\/v2\/posts\/3142\/revisions\/6480"}],"wp:featuredmedia":[{"embeddable":true,"href":"https:\/\/labvet.cz\/blog\/wp-json\/wp\/v2\/media\/3144"}],"wp:attachment":[{"href":"https:\/\/labvet.cz\/blog\/wp-json\/wp\/v2\/media?parent=3142"}],"wp:term":[{"taxonomy":"category","embeddable":true,"href":"https:\/\/labvet.cz\/blog\/wp-json\/wp\/v2\/categories?post=3142"},{"taxonomy":"post_tag","embeddable":true,"href":"https:\/\/labvet.cz\/blog\/wp-json\/wp\/v2\/tags?post=3142"}],"curies":[{"name":"wp","href":"https:\/\/api.w.org\/{rel}","templated":true}]}}