{"id":4230,"date":"2022-04-25T09:34:47","date_gmt":"2022-04-25T07:34:47","guid":{"rendered":"https:\/\/labvet.cz\/blog\/?p=4230"},"modified":"2025-03-07T19:12:21","modified_gmt":"2025-03-07T18:12:21","slug":"pribuzenska-plemenitba","status":"publish","type":"post","link":"https:\/\/labvet.cz\/blog\/pribuzenska-plemenitba\/","title":{"rendered":"P\u0159\u00edbuzensk\u00e1 plemenitba u ps\u016f"},"content":{"rendered":"\n<p>Ti, kdo se chovem ps\u016f zab\u00fdvaj\u00ed del\u0161\u00ed dobu si asi vzpomenou, \u017ee se o p\u0159\u00edbuzensk\u00e9 plemenitb\u011b d\u0159\u00edve moc nemluvilo. Zlom nastal na konci XX. stolet\u00ed a nezanedbatelnou roli v&nbsp;tom hr\u00e1la kniha <em>Chov ps\u016f v&nbsp;roce 2000<\/em>. Napsal ji pan Hellmuth Wachtel a sna\u017eil se v&nbsp;n\u00ed upozornit na probl\u00e9my doprov\u00e1zej\u00edc\u00ed nadm\u011brn\u00e9 vyu\u017e\u00edv\u00e1n\u00ed kryc\u00edch ps\u016f a p\u0159\u00edbuzenskou plemenitbu. Pan Wachtel poch\u00e1zel z&nbsp;Rakouska, byl genetik a chovu ps\u016f se v\u011bnoval v\u00edc ne\u017e 40 let. Byl autorem velk\u00e9ho mno\u017estv\u00ed odborn\u00fdch \u010dl\u00e1nk\u016f a tak\u00e9 p\u0159ekladatelem kynologick\u00e9 literatury.<\/p>\n\n\n\n<figure class=\"wp-block-image size-large\"><a href=\"https:\/\/labvet.online\/nase-sluzby\/webinare-labvetu\/webinar-priciny-nezabrezavani\/\" target=\"_blank\" rel=\"noopener\"><img loading=\"lazy\" decoding=\"async\" width=\"1024\" height=\"307\" src=\"https:\/\/labvet.cz\/blog\/wp-content\/uploads\/2023\/12\/Priciny-nezabrezavani-1024x307.jpg\" alt=\"\" class=\"wp-image-5810\" srcset=\"https:\/\/labvet.cz\/blog\/wp-content\/uploads\/2023\/12\/Priciny-nezabrezavani-1024x307.jpg 1024w, https:\/\/labvet.cz\/blog\/wp-content\/uploads\/2023\/12\/Priciny-nezabrezavani-300x90.jpg 300w, https:\/\/labvet.cz\/blog\/wp-content\/uploads\/2023\/12\/Priciny-nezabrezavani-768x230.jpg 768w, https:\/\/labvet.cz\/blog\/wp-content\/uploads\/2023\/12\/Priciny-nezabrezavani-1536x461.jpg 1536w, https:\/\/labvet.cz\/blog\/wp-content\/uploads\/2023\/12\/Priciny-nezabrezavani.jpg 2000w\" sizes=\"auto, (max-width: 767px) 89vw, (max-width: 1000px) 54vw, (max-width: 1071px) 543px, 580px\" \/><\/a><figcaption class=\"wp-element-caption\">Reprodukce ps\u016f: ur\u010den\u00ed dne kryt\u00ed a hormon\u00e1ln\u00ed cyklus feny, p\u0159edn\u00e1\u0161ka Vladim\u00edry Tich\u00e9<\/figcaption><\/figure>\n\n\n\n<p>Dnes je ot\u00e1zka p\u0159\u00edbuzensk\u00e9 plemenitby velmi diskutovanou z\u00e1le\u017eitost\u00ed. Ti, kdo j\u00ed nekriticky odm\u00edtaj\u00ed, jsou ochotn\u00ed pran\u00fd\u0159ovat ka\u017ed\u00e9ho chovatele, kter\u00fd ji v&nbsp;chovu vyu\u017eije. Ti, kdo j\u00ed nekriticky podporuj\u00ed, jsou ochotni ji pou\u017e\u00edt v&nbsp;praxi tam, kde by se j\u00ed m\u011bli vyhnout. Spory okolo p\u0159\u00edbuzensk\u00e9 plemenitby mezi odp\u016frci a p\u0159\u00edznivci se ob\u010das vedou snad ve v\u0161ech klubech. Mo\u017en\u00e1 tedy stoj\u00ed za to si okolo toho n\u011bco vysv\u011btlit.<\/p>\n\n\n\n<p>Obecn\u011b je mo\u017en\u00e9 \u0159\u00edci, \u017ee o p\u0159\u00edbuzenskou plemenitbu se jedn\u00e1, pokud m\u00e1 jedinec v jedn\u00e9 nebo v\u00edce generac\u00edch stejn\u00e9 p\u0159edky. N\u011bkdo hovo\u0159\u00ed o p\u0159\u00edbuznosti ve \u010dty\u0159ech \u010di p\u011bti generac\u00edch, nen\u00ed to ale \u00fapln\u00e1 pravda. P\u0159\u00edbuznost m\u016f\u017ee zasahovat mnohem d\u00e1l, jen ji v&nbsp;sou\u010dasn\u00fdch t\u0159\u00ed nebo \u010dty\u0159 genera\u010dn\u00edch pr\u016fkazech p\u016fvodu u\u017e nevid\u00edme.<\/p>\n\n\n\n<figure class=\"wp-block-image size-large\"><img loading=\"lazy\" decoding=\"async\" width=\"1024\" height=\"390\" src=\"https:\/\/labvet.cz\/blog\/wp-content\/uploads\/2022\/04\/Navrh-bez-nazvu-1-1-1024x390.jpg\" alt=\"\" class=\"wp-image-4233\" srcset=\"https:\/\/labvet.cz\/blog\/wp-content\/uploads\/2022\/04\/Navrh-bez-nazvu-1-1-1024x390.jpg 1024w, https:\/\/labvet.cz\/blog\/wp-content\/uploads\/2022\/04\/Navrh-bez-nazvu-1-1-300x114.jpg 300w, https:\/\/labvet.cz\/blog\/wp-content\/uploads\/2022\/04\/Navrh-bez-nazvu-1-1-768x292.jpg 768w, https:\/\/labvet.cz\/blog\/wp-content\/uploads\/2022\/04\/Navrh-bez-nazvu-1-1-1536x584.jpg 1536w, https:\/\/labvet.cz\/blog\/wp-content\/uploads\/2022\/04\/Navrh-bez-nazvu-1-1-2048x779.jpg 2048w\" sizes=\"auto, (max-width: 767px) 89vw, (max-width: 1000px) 54vw, (max-width: 1071px) 543px, 580px\" \/><figcaption class=\"wp-element-caption\">Cairn teri\u00e9r, baset, foto Jn Tiuch\u00fd<\/figcaption><\/figure>\n\n\n\n<p>D\u016fle\u017eit\u00e9 je, \u017ee se p\u0159\u00edbuzensk\u00e1 plemenitba d\u00e1 spo\u010d\u00edtat. Nej\u010dast\u011bji je vyu\u017e\u00edv\u00e1n tak zvan\u00fd Wright\u016fv vzorec, a pokud m\u00e1te chu\u0165 se do probl\u00e9mu pono\u0159it hloub\u011bji, najdete ho i s&nbsp;vysv\u011btlen\u00edm na internetu. Zhruba je mo\u017en\u00e9 \u0159\u00edci, \u017ee na z\u00e1klad\u011b Wrightova vzorce se spo\u010d\u00edt\u00e1 koeficient p\u0159\u00edbuzensk\u00e9 plemenitby.<strong> <\/strong>Ten pak vyjad\u0159uje ztr\u00e1tu genetick\u00e9 r\u016fznorodosti ur\u010dit\u00e9ho jedince. Odborn\u011b se to naz\u00fdv\u00e1 variabilita a jedn\u00e1 se vlastn\u011b o ur\u010den\u00ed m\u00edry d\u011bdi\u010dn\u011b podm\u00edn\u011bn\u00fdch znak\u016f, v&nbsp;jejich\u017e p\u0159\u00edpad\u011b z\u00edskal potomek stejnou vlohu pro vyj\u00e1d\u0159en\u00ed ur\u010dit\u00e9ho znaku (exteri\u00e9r) nebo vlastnosti (povaha, zdrav\u00ed) od otce i od matky.<\/p>\n\n\n\n<p>Chovatel\u00e9 si te\u010f mo\u017en\u00e1 \u0159\u00edkaj\u00ed, \u017ee p\u0159esn\u011b to by cht\u011bli, tedy upevnit ve sv\u00e9m chovu standardn\u00ed exteri\u00e9rov\u00e9 znaky nebo vlastnosti. Velk\u00fd probl\u00e9m ale spo\u010d\u00edv\u00e1 v&nbsp;tom, \u017ee p\u0159\u00edbuzensk\u00e1 plemenitba upev\u0148uje nejen to, co chceme, ale i to, o\u010d v\u016fbec nestoj\u00edme.<\/p>\n\n\n\n<figure class=\"wp-block-image size-full\"><a href=\"https:\/\/petshop.cymedica.cz\/labvet\/Shop?page=1&amp;q=12%20kg\" target=\"_blank\" rel=\"noreferrer noopener\"><img loading=\"lazy\" decoding=\"async\" width=\"960\" height=\"240\" src=\"https:\/\/labvet.cz\/blog\/wp-content\/uploads\/2024\/05\/SPECIFIC-CPD-M-Puppy-Medium-Breed.png\" alt=\"\" class=\"wp-image-6216\" srcset=\"https:\/\/labvet.cz\/blog\/wp-content\/uploads\/2024\/05\/SPECIFIC-CPD-M-Puppy-Medium-Breed.png 960w, https:\/\/labvet.cz\/blog\/wp-content\/uploads\/2024\/05\/SPECIFIC-CPD-M-Puppy-Medium-Breed-300x75.png 300w, https:\/\/labvet.cz\/blog\/wp-content\/uploads\/2024\/05\/SPECIFIC-CPD-M-Puppy-Medium-Breed-768x192.png 768w\" sizes=\"auto, (max-width: 767px) 89vw, (max-width: 1000px) 54vw, (max-width: 1071px) 543px, 580px\" \/><\/a><figcaption class=\"wp-element-caption\">V\u00fdhodn\u00e9 cenov\u00e9 akce pr\u00e9miov\u00e9ho krmiva pro dosp\u011bl\u00e9 psy i \u0161t\u011b\u0148ata zna\u010dky Specific\u2122. V akci najdete i veterin\u00e1rn\u00ed dietu s n\u00edzk\u00fd obsahem tuk\u016f a kalori\u00ed pro psy s nadv\u00e1hou.<\/figcaption><\/figure>\n\n\n\n<p>Chovatel\u00e9 v\u011bt\u0161inou p\u0159em\u00fd\u0161l\u00ed o exteri\u00e9ru psa. Zapom\u00ednaj\u00ed na to, \u017ee sou\u010d\u00e1st\u00ed chovu je cel\u00e1 \u0159ada dal\u0161\u00edch v\u011bc\u00ed a ty p\u0159\u00edbuzensk\u00e1 plemenitba dok\u00e1\u017ee negativn\u011b ovlivnit. M\u016f\u017ee m\u00edt vliv nap\u0159. na \u017eivotaschopnost potomk\u016f, nedostatky v obranyschopnosti organizmu a pot\u0159ebn\u00e9 odezvy na o\u010dkov\u00e1n\u00ed, v dosp\u011blosti nedostatky v oblasti reprodukce a probl\u00e9my, kter\u00e9 lze nazvat konstitu\u010dn\u00ed &#8211; slab\u00e1 konstituce, slab\u00e1 kostra, nervov\u00e1 labilita, kousavost, obt\u00ed\u017en\u00e1 cvi\u010ditelnost atd.<\/p>\n\n\n\n<p>P\u0159\u00edbuzenskou plemenitbou se zab\u00fdvaj\u00ed i p\u0159edpisy FCI. V&nbsp;Mezin\u00e1rodn\u00ed chovatelsk\u00e9 strategii FCI (najdete ji na <a href=\"http:\/\/www.cmku.cz-dokumenty\/\">www.cmku.cz-dokumenty<\/a>) je naps\u00e1no \u017ee: <em>\u201eK zachov\u00e1n\u00ed nebo pos\u00edlen\u00ed genetick\u00e9 rozmanitosti plemene bychom se m\u011bli vyvarovat matadorbreedingu (opakov\u00e1n\u00ed stejn\u00e9ho jedince n\u011bkolikr\u00e1t v jednom rodokmenu) a \u00fazk\u00e9 p\u0159\u00edbuzensk\u00e9 plemenitby. Nem\u011blo by doch\u00e1zet ke spojen\u00ed sourozenc\u016f, matky a syna nebo otce a dcery. Obecn\u011b se doporu\u010duje, aby \u017e\u00e1dn\u00fd pes nem\u011bl v\u00edce potomk\u016f ne\u017e je 5% po\u010dtu \u0161t\u011b\u0148at registrovan\u00fdch v populaci plemene b\u011bhem p\u011bti let. Velikost populace by nem\u011bla b\u00fdt br\u00e1na jen na n\u00e1rodn\u00ed \u00farovni, ale tak\u00e9 na \u00farovni mezin\u00e1rodn\u00ed, a to zvl\u00e1\u0161t\u011b u plemen s m\u00e1lopo\u010detnou chovnou z\u00e1kladnou.\u201c<\/em><\/p>\n\n\n\n<p>N\u011bkdy tak\u00e9 b\u00fdv\u00e1 uv\u00e1d\u011bno, \u017ee p\u0159\u00edbuzensk\u00e1 plemenitby by nem\u011bla p\u0159ekro\u010dit koeficient 12,5%. Ten, kdo se nechce zdr\u017eovat po\u010d\u00edt\u00e1n\u00edm, m\u016f\u017ee pou\u017e\u00edt tabulku z&nbsp;publikace Dr. Jarom\u00edra Dost\u00e1la <em>Genetika v&nbsp;kynologick\u00e9 praxi<\/em>. P\u0159ipomenout je ur\u010dit\u011b t\u0159eba, \u017ee uveden\u00e1 tabulka po\u010d\u00edt\u00e1 jen s&nbsp;jedn\u00edm p\u0159\u00edbuzn\u00fdm p\u0159edkem.<\/p>\n\n\n\n<figure class=\"wp-block-table\"><table><tbody><tr><td> <strong>Koeficient p\u0159\u00edbuzensk\u00e9 plemenitby<\/strong><\/td><\/tr><tr><td> Typ spojen\u00ed<\/td><td>Koeficient v %<\/td><\/tr><tr><td> Sourozenci mezi sebou<\/td><td>25%<\/td><\/tr><tr><td> Rodi\u010de a d\u011bti<\/td><td>25%<\/td><\/tr><tr><td> Polosourozenci mezi sebou<\/td><td>12,5%<\/td><\/tr><tr><td> Prarodi\u010de s\u00a0vnou\u010daty<\/td><td>12,5%<\/td><\/tr><tr><td> Bratranci a sest\u0159enice se \u010dty\u0159mi spole\u010dn\u00fdmi d\u011bdy<\/td><td>12,5%<\/td><\/tr><tr><td> Str\u00fdc nebi teta s\u00a0nete\u0159\u00ed \u010di synovcem<\/td><td>12,5%<\/td><\/tr><tr><td> Polostr\u00fdc a poloteta s\u00a0nete\u0159\u00ed a synovcem<\/td><td>6,25%<\/td><\/tr><tr><td> Polobratranec a polosest\u0159enice s\u00a0jedn\u00edm spole\u010dn\u00fdm d\u011bdou<\/td><td>3,13%<\/td><\/tr><\/tbody><\/table><\/figure>\n\n\n\n<p>N\u011bkter\u00e9 chovatelsk\u00e9 kluby maj\u00ed ve sv\u00fdch p\u0159edpisech jasn\u011b definovan\u00e9 ustanoven\u00ed \u0159\u00edkaj\u00edc\u00ed, jak\u00fd typ p\u0159\u00edbuzensk\u00e9 plemenitby je mo\u017en\u00e9 pou\u017e\u00edt. Jinde je v\u0161e ponech\u00e1no na chovateli s t\u00edm, \u017ee p\u0159\u00edslu\u0161n\u00fd poradce chovu by m\u011bl na mo\u017en\u00e9 negativn\u00ed dopady spojen\u00ed upozornit. Klub m\u00e1 nebo by m\u011bl m\u00edt v\u011bt\u0161\u00ed p\u0159ehled o chovn\u00fdch jedinc\u00edch nebo o v\u00fdsledc\u00edch jednotliv\u00fdch spojen\u00ed a m\u011bl by informace chovatel\u016fm poskytovat.<\/p>\n\n\n\n<figure class=\"wp-block-image size-large\"><a href=\"https:\/\/labvet.online\/tahaky-1\/\" target=\"_blank\" rel=\"noopener\"><img loading=\"lazy\" decoding=\"async\" width=\"1024\" height=\"307\" src=\"https:\/\/labvet.cz\/blog\/wp-content\/uploads\/2023\/08\/BANNERY-E-book-1024x307.png\" alt=\"\" class=\"wp-image-5551\" srcset=\"https:\/\/labvet.cz\/blog\/wp-content\/uploads\/2023\/08\/BANNERY-E-book-1024x307.png 1024w, https:\/\/labvet.cz\/blog\/wp-content\/uploads\/2023\/08\/BANNERY-E-book-300x90.png 300w, https:\/\/labvet.cz\/blog\/wp-content\/uploads\/2023\/08\/BANNERY-E-book-768x230.png 768w, https:\/\/labvet.cz\/blog\/wp-content\/uploads\/2023\/08\/BANNERY-E-book-1536x461.png 1536w, https:\/\/labvet.cz\/blog\/wp-content\/uploads\/2023\/08\/BANNERY-E-book.png 2000w\" sizes=\"auto, (max-width: 767px) 89vw, (max-width: 1000px) 54vw, (max-width: 1071px) 543px, 580px\" \/><\/a><\/figure>\n\n\n\n<p>P\u0159\u00edbuzensk\u00e1 plemenitba je ur\u010dit\u00fdm druhem chovu. Nakonec by bez n\u00ed asi nevznikla plemena ps\u016f. Pokud se k&nbsp;n\u00ed m\u00e1 ale p\u0159istoupit, je t\u0159eba v\u011bd\u011bt, \u201ena \u010dem se d\u011bl\u00e1\u201c, tedy jak\u00e1 je kvalita vybran\u00e9ho otce i matky a zda v\u011bdom\u011b nekombinujeme n\u011bjak\u00e9 vady a to zvl\u00e1\u0161t\u011b vady zdravotn\u00ed.<\/p>\n\n\n\n<p>Druh\u00fdm d\u016fle\u017eit\u00fdm aspektem je i to, zda potomci z&nbsp;p\u0159\u00edbuzensk\u00e9 plemenitby budou m\u00edt \u0161anci na v\u00fdb\u011br nep\u0159\u00edbuzn\u00e9ho partnera. T\u0159et\u00ed velk\u00fd probl\u00e9m spo\u010d\u00edv\u00e1 v&nbsp;tom, \u017ee n\u011bkter\u00e1 plemena spadaj\u00ed do kategorie m\u00e1lopo\u010detn\u00fdch plemen s&nbsp;malou chovnou z\u00e1kladnou a \u017ee se prost\u011b p\u0159\u00edbuzensk\u00e9 plemenitb\u011b nelze vyhnout.<\/p>\n\n\n\n<figure class=\"wp-block-image size-large\"><img loading=\"lazy\" decoding=\"async\" width=\"1024\" height=\"390\" src=\"https:\/\/labvet.cz\/blog\/wp-content\/uploads\/2022\/04\/Navrh-bez-nazvu-2-1024x390.jpg\" alt=\"\" class=\"wp-image-4235\" srcset=\"https:\/\/labvet.cz\/blog\/wp-content\/uploads\/2022\/04\/Navrh-bez-nazvu-2-1024x390.jpg 1024w, https:\/\/labvet.cz\/blog\/wp-content\/uploads\/2022\/04\/Navrh-bez-nazvu-2-300x114.jpg 300w, https:\/\/labvet.cz\/blog\/wp-content\/uploads\/2022\/04\/Navrh-bez-nazvu-2-768x292.jpg 768w, https:\/\/labvet.cz\/blog\/wp-content\/uploads\/2022\/04\/Navrh-bez-nazvu-2-1536x584.jpg 1536w, https:\/\/labvet.cz\/blog\/wp-content\/uploads\/2022\/04\/Navrh-bez-nazvu-2-2048x779.jpg 2048w\" sizes=\"auto, (max-width: 767px) 89vw, (max-width: 1000px) 54vw, (max-width: 1071px) 543px, 580px\" \/><\/figure>\n\n\n\n<p>Probl\u00e9my m\u016f\u017ee vyvolat i nadm\u011brn\u00e9 vyu\u017e\u00edv\u00e1n\u00ed ur\u010dit\u00e9ho psa. Je pochopiteln\u00e9, \u017ee se n\u011bkter\u00fd nov\u00fd chovn\u00fd pes majitel\u016fm fen l\u00edb\u00ed. Pokud ale m\u00e1 v\u00edc potomk\u016f, ne\u017e je rozumn\u00e9, m\u016f\u017ee se plemeno dostat do situace, kdy se bez p\u0159\u00edbuzensk\u00e9 plemenitby dal\u0161\u00ed generace neobejdou.<\/p>\n\n\n\n<p>Za\u017eili jsme to v&nbsp;praxi, kdy se do \u010cR dovezl irsk\u00fd teri\u00e9r Camogie Crusader. Byl to n\u00e1dhern\u00fd pes a pokryl cca 80 % na\u0161ich chovn\u00fdch fen. Kdy\u017e se v&nbsp;n\u00e1sleduj\u00edc\u00edch generac\u00edch pou\u017eil na p\u0159\u00edbuzenskou plemenitbu, byly v\u00fdsledky katastrof\u00e1ln\u00ed. Potomk\u016fm chyb\u011blo n\u011bkdy i 10 zub\u016f. V&nbsp;chovu se objevila d\u011bdi\u010dn\u011b podm\u00edn\u011bn\u00e1 digit\u00e1ln\u00ed hyperkerat\u00f3za, kterou jsme zat\u00edm neznali a v\u00edc ne\u017e 50% jedinc\u016f bylo b\u00e1zliv\u00fdch a kousav\u00fdch.<\/p>\n\n\n\n<p>Pokud se vr\u00e1t\u00edme k&nbsp; ot\u00e1zce zda p\u0159\u00edbuzenskou plemenitbu ano nebo ne, tak lze \u0159\u00edci, \u017ee p\u0159\u00edbuzensk\u00e1 plemenitba je zp\u016fsobem chovu a to zp\u016fsobem obecn\u011b vyu\u017e\u00edvan\u00fdm. M\u011bla by se d\u011blat s&nbsp;ur\u010dit\u00fdm z\u00e1m\u011brem a ne proto, \u017ee nep\u0159\u00edbuzn\u00fd pes je o 50 km d\u00e1l, ne\u017e ten p\u0159\u00edbuzn\u00fd. M\u011bla by se d\u011blat na z\u00e1klad\u011b detailn\u00edch znalost\u00ed psa i feny a jejich sourozenc\u016f a p\u0159edk\u016f a m\u011blo by b\u00fdt jasn\u00e9, jak\u00e9 budou mo\u017enosti potomk\u016f ze spojen\u00ed p\u0159i&nbsp;dal\u0161\u00edm vyu\u017eit\u00ed v&nbsp;chovu. Po\u010d\u00edtat je v\u017edy t\u0159eba s t\u00edm, \u017ee bychom \u00fasp\u011bchu jedn\u00e9 chovatelsk\u00e9 stanice nem\u011bli d\u00e1vat p\u0159ednost p\u0159ed prosp\u011bchem plemene jako celku.<\/p>\n\n\n\n<p>V&nbsp;ka\u017ed\u00e9m p\u0159\u00edpad\u011b by se m\u011bl chovatel vyhnout spojen\u00ed matky se synem nebo vlastn\u00edch sourozenc\u016f. Na p\u0159\u00edbuzenskou plemenitbu ale nelze sv\u00e1d\u011bt v\u0161echny probl\u00e9my, kter\u00e9 se v chovu jednotliv\u00fdch plemen mohou vyskytnout. On nemocn\u00fd, povahov\u011b nevyrovnan\u00fd nebo z&nbsp;pohledu standardu vadn\u00fd jedinec m\u016f\u017ee vzniknout i ze spojen\u00ed, kde p\u0159\u00edbuzn\u00e9ho p\u0159edka nenajdete ani v&nbsp;p\u0159edchoz\u00edch deseti generac\u00edch.<\/p>\n\n\n\n<figure class=\"wp-block-image size-full\"><a href=\"https:\/\/labvet.vetbook.eu\/kalendar.php\" target=\"_blank\" rel=\"noopener\"><img loading=\"lazy\" decoding=\"async\" width=\"900\" height=\"140\" src=\"https:\/\/labvet.cz\/blog\/wp-content\/uploads\/2023\/05\/Labvet-alergologie-220-800-465-27.jpg\" alt=\"\" class=\"wp-image-5061\" srcset=\"https:\/\/labvet.cz\/blog\/wp-content\/uploads\/2023\/05\/Labvet-alergologie-220-800-465-27.jpg 900w, https:\/\/labvet.cz\/blog\/wp-content\/uploads\/2023\/05\/Labvet-alergologie-220-800-465-27-300x47.jpg 300w, https:\/\/labvet.cz\/blog\/wp-content\/uploads\/2023\/05\/Labvet-alergologie-220-800-465-27-768x119.jpg 768w\" sizes=\"auto, (max-width: 767px) 89vw, (max-width: 1000px) 54vw, (max-width: 1071px) 543px, 580px\" \/><\/a><\/figure>\n\n\n\n<h2 class=\"wp-block-heading\">\u010ct\u011bte tak\u00e9: <a href=\"https:\/\/labvet.cz\/blog\/otazniky-kolem-genetickych-vysetreni\/\" target=\"_blank\" rel=\"noreferrer noopener\">Otazn\u00edky kolem genetick\u00fdch vy\u0161et\u0159en\u00ed <\/a><\/h2>\n\n\n\n<figure class=\"wp-block-image size-large\"><a href=\"https:\/\/petshop.cymedica.cz\/labvet\" target=\"_blank\" rel=\"noreferrer noopener\"><img loading=\"lazy\" decoding=\"async\" width=\"1024\" height=\"307\" src=\"https:\/\/labvet.cz\/blog\/wp-content\/uploads\/2023\/07\/Lista-1024x307.png\" alt=\"\" class=\"wp-image-5349\" srcset=\"https:\/\/labvet.cz\/blog\/wp-content\/uploads\/2023\/07\/Lista-1024x307.png 1024w, https:\/\/labvet.cz\/blog\/wp-content\/uploads\/2023\/07\/Lista-300x90.png 300w, https:\/\/labvet.cz\/blog\/wp-content\/uploads\/2023\/07\/Lista-768x230.png 768w, https:\/\/labvet.cz\/blog\/wp-content\/uploads\/2023\/07\/Lista-1536x461.png 1536w, https:\/\/labvet.cz\/blog\/wp-content\/uploads\/2023\/07\/Lista.png 2000w\" sizes=\"auto, (max-width: 767px) 89vw, (max-width: 1000px) 54vw, (max-width: 1071px) 543px, 580px\" \/><\/a><\/figure>\n","protected":false},"excerpt":{"rendered":"<p>Ti, kdo se chovem ps\u016f zab\u00fdvaj\u00ed del\u0161\u00ed dobu si asi vzpomenou, \u017ee se o p\u0159\u00edbuzensk\u00e9 plemenitb\u011b d\u0159\u00edve moc nemluvilo. Zlom nastal na konci XX. stolet\u00ed a nezanedbatelnou roli v&nbsp;tom hr\u00e1la kniha Chov ps\u016f v&nbsp;roce 2000. Napsal ji pan Hellmuth Wachtel a sna\u017eil se v&nbsp;n\u00ed upozornit na probl\u00e9my doprov\u00e1zej\u00edc\u00ed nadm\u011brn\u00e9 vyu\u017e\u00edv\u00e1n\u00ed kryc\u00edch ps\u016f a p\u0159\u00edbuzenskou plemenitbu. &hellip; <\/p>\n<p class=\"link-more\"><a href=\"https:\/\/labvet.cz\/blog\/pribuzenska-plemenitba\/\" class=\"more-link\">Pokra\u010dovat ve \u010dten\u00ed<span class=\"screen-reader-text\"> &#8222;P\u0159\u00edbuzensk\u00e1 plemenitba u ps\u016f&#8220;<\/span><\/a><\/p>\n","protected":false},"author":5,"featured_media":5097,"comment_status":"open","ping_status":"open","sticky":false,"template":"","format":"standard","meta":{"_seopress_robots_primary_cat":"none","_seopress_titles_title":"P\u0159\u00edbuzensk\u00e1 plemenitba u ps\u016f | Labvet.cz","_seopress_titles_desc":"Chovatel\u00e9 v\u011bt\u0161inou p\u0159em\u00fd\u0161l\u00ed o exteri\u00e9ru psa. Ale sou\u010d\u00e1st\u00ed chovu je cel\u00e1 \u0159ada dal\u0161\u00edch v\u011bc\u00ed a ty p\u0159\u00edbuzensk\u00e1 plemenitba m\u016f\u017ee negativn\u011b ovlivnit. ","_seopress_robots_index":"","footnotes":""},"categories":[10],"tags":[],"class_list":["post-4230","post","type-post","status-publish","format-standard","has-post-thumbnail","hentry","category-reprodukce-psu"],"yoast_head":"<!-- This site is optimized with the Yoast SEO plugin v25.2 - https:\/\/yoast.com\/wordpress\/plugins\/seo\/ -->\n<title>P\u0159\u00edbuzensk\u00e1 plemenitba u ps\u016f - Labvet blog<\/title>\n<meta name=\"robots\" content=\"index, follow, max-snippet:-1, max-image-preview:large, max-video-preview:-1\" \/>\n<link rel=\"canonical\" href=\"https:\/\/labvet.cz\/blog\/pribuzenska-plemenitba\/\" \/>\n<meta property=\"og:locale\" content=\"cs_CZ\" \/>\n<meta property=\"og:type\" content=\"article\" \/>\n<meta property=\"og:title\" content=\"P\u0159\u00edbuzensk\u00e1 plemenitba u ps\u016f - Labvet blog\" \/>\n<meta property=\"og:description\" content=\"Ti, kdo se chovem ps\u016f zab\u00fdvaj\u00ed del\u0161\u00ed dobu si asi vzpomenou, \u017ee se o p\u0159\u00edbuzensk\u00e9 plemenitb\u011b d\u0159\u00edve moc nemluvilo. Zlom nastal na konci XX. stolet\u00ed a nezanedbatelnou roli v&nbsp;tom hr\u00e1la kniha Chov ps\u016f v&nbsp;roce 2000. Napsal ji pan Hellmuth Wachtel a sna\u017eil se v&nbsp;n\u00ed upozornit na probl\u00e9my doprov\u00e1zej\u00edc\u00ed nadm\u011brn\u00e9 vyu\u017e\u00edv\u00e1n\u00ed kryc\u00edch ps\u016f a p\u0159\u00edbuzenskou plemenitbu. &hellip; Pokra\u010dovat ve \u010dten\u00ed &quot;P\u0159\u00edbuzensk\u00e1 plemenitba u ps\u016f&quot;\" \/>\n<meta property=\"og:url\" content=\"https:\/\/labvet.cz\/blog\/pribuzenska-plemenitba\/\" \/>\n<meta property=\"og:site_name\" content=\"Labvet blog\" \/>\n<meta property=\"article:publisher\" content=\"https:\/\/www.facebook.com\/Labvet.cz\" \/>\n<meta property=\"article:published_time\" content=\"2022-04-25T07:34:47+00:00\" \/>\n<meta property=\"article:modified_time\" content=\"2025-03-07T18:12:21+00:00\" \/>\n<meta property=\"og:image\" content=\"https:\/\/labvet.cz\/blog\/wp-content\/uploads\/2022\/04\/Vyziva-brezi-fenky.png\" \/>\n\t<meta property=\"og:image:width\" content=\"820\" \/>\n\t<meta property=\"og:image:height\" content=\"462\" \/>\n\t<meta property=\"og:image:type\" content=\"image\/png\" \/>\n<meta name=\"author\" content=\"Vladim\u00edra Tich\u00e1\" \/>\n<meta name=\"twitter:card\" content=\"summary_large_image\" \/>\n<meta name=\"twitter:label1\" content=\"Napsal(a)\" \/>\n\t<meta name=\"twitter:data1\" content=\"Vladim\u00edra Tich\u00e1\" \/>\n\t<meta name=\"twitter:label2\" content=\"Odhadovan\u00e1 doba \u010dten\u00ed\" \/>\n\t<meta name=\"twitter:data2\" content=\"7 minut\" \/>\n<script type=\"application\/ld+json\" class=\"yoast-schema-graph\">{\"@context\":\"https:\/\/schema.org\",\"@graph\":[{\"@type\":\"Article\",\"@id\":\"https:\/\/labvet.cz\/blog\/pribuzenska-plemenitba\/#article\",\"isPartOf\":{\"@id\":\"https:\/\/labvet.cz\/blog\/pribuzenska-plemenitba\/\"},\"author\":{\"name\":\"Vladim\u00edra Tich\u00e1\",\"@id\":\"https:\/\/labvet.cz\/blog\/#\/schema\/person\/bbad2f1a9452008dfc405633ccda24b2\"},\"headline\":\"P\u0159\u00edbuzensk\u00e1 plemenitba u ps\u016f\",\"datePublished\":\"2022-04-25T07:34:47+00:00\",\"dateModified\":\"2025-03-07T18:12:21+00:00\",\"mainEntityOfPage\":{\"@id\":\"https:\/\/labvet.cz\/blog\/pribuzenska-plemenitba\/\"},\"wordCount\":1449,\"commentCount\":0,\"publisher\":{\"@id\":\"https:\/\/labvet.cz\/blog\/#organization\"},\"image\":{\"@id\":\"https:\/\/labvet.cz\/blog\/pribuzenska-plemenitba\/#primaryimage\"},\"thumbnailUrl\":\"https:\/\/labvet.cz\/blog\/wp-content\/uploads\/2022\/04\/Vyziva-brezi-fenky.png\",\"articleSection\":[\"Reprodukce ps\u016f\"],\"inLanguage\":\"cs\",\"potentialAction\":[{\"@type\":\"CommentAction\",\"name\":\"Comment\",\"target\":[\"https:\/\/labvet.cz\/blog\/pribuzenska-plemenitba\/#respond\"]}]},{\"@type\":\"WebPage\",\"@id\":\"https:\/\/labvet.cz\/blog\/pribuzenska-plemenitba\/\",\"url\":\"https:\/\/labvet.cz\/blog\/pribuzenska-plemenitba\/\",\"name\":\"P\u0159\u00edbuzensk\u00e1 plemenitba u ps\u016f - Labvet blog\",\"isPartOf\":{\"@id\":\"https:\/\/labvet.cz\/blog\/#website\"},\"primaryImageOfPage\":{\"@id\":\"https:\/\/labvet.cz\/blog\/pribuzenska-plemenitba\/#primaryimage\"},\"image\":{\"@id\":\"https:\/\/labvet.cz\/blog\/pribuzenska-plemenitba\/#primaryimage\"},\"thumbnailUrl\":\"https:\/\/labvet.cz\/blog\/wp-content\/uploads\/2022\/04\/Vyziva-brezi-fenky.png\",\"datePublished\":\"2022-04-25T07:34:47+00:00\",\"dateModified\":\"2025-03-07T18:12:21+00:00\",\"breadcrumb\":{\"@id\":\"https:\/\/labvet.cz\/blog\/pribuzenska-plemenitba\/#breadcrumb\"},\"inLanguage\":\"cs\",\"potentialAction\":[{\"@type\":\"ReadAction\",\"target\":[\"https:\/\/labvet.cz\/blog\/pribuzenska-plemenitba\/\"]}]},{\"@type\":\"ImageObject\",\"inLanguage\":\"cs\",\"@id\":\"https:\/\/labvet.cz\/blog\/pribuzenska-plemenitba\/#primaryimage\",\"url\":\"https:\/\/labvet.cz\/blog\/wp-content\/uploads\/2022\/04\/Vyziva-brezi-fenky.png\",\"contentUrl\":\"https:\/\/labvet.cz\/blog\/wp-content\/uploads\/2022\/04\/Vyziva-brezi-fenky.png\",\"width\":820,\"height\":462},{\"@type\":\"BreadcrumbList\",\"@id\":\"https:\/\/labvet.cz\/blog\/pribuzenska-plemenitba\/#breadcrumb\",\"itemListElement\":[{\"@type\":\"ListItem\",\"position\":1,\"name\":\"Dom\u016f\",\"item\":\"https:\/\/labvet.cz\/blog\/\"},{\"@type\":\"ListItem\",\"position\":2,\"name\":\"P\u0159\u00edbuzensk\u00e1 plemenitba u ps\u016f\"}]},{\"@type\":\"WebSite\",\"@id\":\"https:\/\/labvet.cz\/blog\/#website\",\"url\":\"https:\/\/labvet.cz\/blog\/\",\"name\":\"Labvet blog\",\"description\":\"pro chovatele i veterin\u00e1rn\u00ed l\u00e9ka\u0159e\",\"publisher\":{\"@id\":\"https:\/\/labvet.cz\/blog\/#organization\"},\"potentialAction\":[{\"@type\":\"SearchAction\",\"target\":{\"@type\":\"EntryPoint\",\"urlTemplate\":\"https:\/\/labvet.cz\/blog\/?s={search_term_string}\"},\"query-input\":{\"@type\":\"PropertyValueSpecification\",\"valueRequired\":true,\"valueName\":\"search_term_string\"}}],\"inLanguage\":\"cs\"},{\"@type\":\"Organization\",\"@id\":\"https:\/\/labvet.cz\/blog\/#organization\",\"name\":\"Labvet.cz\",\"url\":\"https:\/\/labvet.cz\/blog\/\",\"logo\":{\"@type\":\"ImageObject\",\"inLanguage\":\"cs\",\"@id\":\"https:\/\/labvet.cz\/blog\/#\/schema\/logo\/image\/\",\"url\":\"https:\/\/labvet.cz\/blog\/wp-content\/uploads\/2023\/08\/cropped-Navrh-bez-nazvu.png\",\"contentUrl\":\"https:\/\/labvet.cz\/blog\/wp-content\/uploads\/2023\/08\/cropped-Navrh-bez-nazvu.png\",\"width\":300,\"height\":300,\"caption\":\"Labvet.cz\"},\"image\":{\"@id\":\"https:\/\/labvet.cz\/blog\/#\/schema\/logo\/image\/\"},\"sameAs\":[\"https:\/\/www.facebook.com\/Labvet.cz\",\"https:\/\/www.instagram.com\/labvet.cz\/\",\"https:\/\/www.linkedin.com\/showcase\/94138348\/admin\/dashboard\/\"]},{\"@type\":\"Person\",\"@id\":\"https:\/\/labvet.cz\/blog\/#\/schema\/person\/bbad2f1a9452008dfc405633ccda24b2\",\"name\":\"Vladim\u00edra Tich\u00e1\",\"image\":{\"@type\":\"ImageObject\",\"inLanguage\":\"cs\",\"@id\":\"https:\/\/labvet.cz\/blog\/#\/schema\/person\/image\/\",\"url\":\"https:\/\/secure.gravatar.com\/avatar\/006249f2c43485b8397ae08eea7ba7f3e6b682795e8e33ea4c7dcf34d196813e?s=96&d=mm&r=g\",\"contentUrl\":\"https:\/\/secure.gravatar.com\/avatar\/006249f2c43485b8397ae08eea7ba7f3e6b682795e8e33ea4c7dcf34d196813e?s=96&d=mm&r=g\",\"caption\":\"Vladim\u00edra Tich\u00e1\"},\"url\":\"https:\/\/labvet.cz\/blog\/author\/vladimira\/\"}]}<\/script>\n<!-- \/ Yoast SEO plugin. -->","yoast_head_json":{"title":"P\u0159\u00edbuzensk\u00e1 plemenitba u ps\u016f - Labvet blog","robots":{"index":"index","follow":"follow","max-snippet":"max-snippet:-1","max-image-preview":"max-image-preview:large","max-video-preview":"max-video-preview:-1"},"canonical":"https:\/\/labvet.cz\/blog\/pribuzenska-plemenitba\/","og_locale":"cs_CZ","og_type":"article","og_title":"P\u0159\u00edbuzensk\u00e1 plemenitba u ps\u016f - Labvet blog","og_description":"Ti, kdo se chovem ps\u016f zab\u00fdvaj\u00ed del\u0161\u00ed dobu si asi vzpomenou, \u017ee se o p\u0159\u00edbuzensk\u00e9 plemenitb\u011b d\u0159\u00edve moc nemluvilo. Zlom nastal na konci XX. stolet\u00ed a nezanedbatelnou roli v&nbsp;tom hr\u00e1la kniha Chov ps\u016f v&nbsp;roce 2000. Napsal ji pan Hellmuth Wachtel a sna\u017eil se v&nbsp;n\u00ed upozornit na probl\u00e9my doprov\u00e1zej\u00edc\u00ed nadm\u011brn\u00e9 vyu\u017e\u00edv\u00e1n\u00ed kryc\u00edch ps\u016f a p\u0159\u00edbuzenskou plemenitbu. &hellip; Pokra\u010dovat ve \u010dten\u00ed \"P\u0159\u00edbuzensk\u00e1 plemenitba u ps\u016f\"","og_url":"https:\/\/labvet.cz\/blog\/pribuzenska-plemenitba\/","og_site_name":"Labvet blog","article_publisher":"https:\/\/www.facebook.com\/Labvet.cz","article_published_time":"2022-04-25T07:34:47+00:00","article_modified_time":"2025-03-07T18:12:21+00:00","og_image":[{"width":820,"height":462,"url":"https:\/\/labvet.cz\/blog\/wp-content\/uploads\/2022\/04\/Vyziva-brezi-fenky.png","type":"image\/png"}],"author":"Vladim\u00edra Tich\u00e1","twitter_card":"summary_large_image","twitter_misc":{"Napsal(a)":"Vladim\u00edra Tich\u00e1","Odhadovan\u00e1 doba \u010dten\u00ed":"7 minut"},"schema":{"@context":"https:\/\/schema.org","@graph":[{"@type":"Article","@id":"https:\/\/labvet.cz\/blog\/pribuzenska-plemenitba\/#article","isPartOf":{"@id":"https:\/\/labvet.cz\/blog\/pribuzenska-plemenitba\/"},"author":{"name":"Vladim\u00edra Tich\u00e1","@id":"https:\/\/labvet.cz\/blog\/#\/schema\/person\/bbad2f1a9452008dfc405633ccda24b2"},"headline":"P\u0159\u00edbuzensk\u00e1 plemenitba u ps\u016f","datePublished":"2022-04-25T07:34:47+00:00","dateModified":"2025-03-07T18:12:21+00:00","mainEntityOfPage":{"@id":"https:\/\/labvet.cz\/blog\/pribuzenska-plemenitba\/"},"wordCount":1449,"commentCount":0,"publisher":{"@id":"https:\/\/labvet.cz\/blog\/#organization"},"image":{"@id":"https:\/\/labvet.cz\/blog\/pribuzenska-plemenitba\/#primaryimage"},"thumbnailUrl":"https:\/\/labvet.cz\/blog\/wp-content\/uploads\/2022\/04\/Vyziva-brezi-fenky.png","articleSection":["Reprodukce ps\u016f"],"inLanguage":"cs","potentialAction":[{"@type":"CommentAction","name":"Comment","target":["https:\/\/labvet.cz\/blog\/pribuzenska-plemenitba\/#respond"]}]},{"@type":"WebPage","@id":"https:\/\/labvet.cz\/blog\/pribuzenska-plemenitba\/","url":"https:\/\/labvet.cz\/blog\/pribuzenska-plemenitba\/","name":"P\u0159\u00edbuzensk\u00e1 plemenitba u ps\u016f - Labvet blog","isPartOf":{"@id":"https:\/\/labvet.cz\/blog\/#website"},"primaryImageOfPage":{"@id":"https:\/\/labvet.cz\/blog\/pribuzenska-plemenitba\/#primaryimage"},"image":{"@id":"https:\/\/labvet.cz\/blog\/pribuzenska-plemenitba\/#primaryimage"},"thumbnailUrl":"https:\/\/labvet.cz\/blog\/wp-content\/uploads\/2022\/04\/Vyziva-brezi-fenky.png","datePublished":"2022-04-25T07:34:47+00:00","dateModified":"2025-03-07T18:12:21+00:00","breadcrumb":{"@id":"https:\/\/labvet.cz\/blog\/pribuzenska-plemenitba\/#breadcrumb"},"inLanguage":"cs","potentialAction":[{"@type":"ReadAction","target":["https:\/\/labvet.cz\/blog\/pribuzenska-plemenitba\/"]}]},{"@type":"ImageObject","inLanguage":"cs","@id":"https:\/\/labvet.cz\/blog\/pribuzenska-plemenitba\/#primaryimage","url":"https:\/\/labvet.cz\/blog\/wp-content\/uploads\/2022\/04\/Vyziva-brezi-fenky.png","contentUrl":"https:\/\/labvet.cz\/blog\/wp-content\/uploads\/2022\/04\/Vyziva-brezi-fenky.png","width":820,"height":462},{"@type":"BreadcrumbList","@id":"https:\/\/labvet.cz\/blog\/pribuzenska-plemenitba\/#breadcrumb","itemListElement":[{"@type":"ListItem","position":1,"name":"Dom\u016f","item":"https:\/\/labvet.cz\/blog\/"},{"@type":"ListItem","position":2,"name":"P\u0159\u00edbuzensk\u00e1 plemenitba u ps\u016f"}]},{"@type":"WebSite","@id":"https:\/\/labvet.cz\/blog\/#website","url":"https:\/\/labvet.cz\/blog\/","name":"Labvet blog","description":"pro chovatele i veterin\u00e1rn\u00ed l\u00e9ka\u0159e","publisher":{"@id":"https:\/\/labvet.cz\/blog\/#organization"},"potentialAction":[{"@type":"SearchAction","target":{"@type":"EntryPoint","urlTemplate":"https:\/\/labvet.cz\/blog\/?s={search_term_string}"},"query-input":{"@type":"PropertyValueSpecification","valueRequired":true,"valueName":"search_term_string"}}],"inLanguage":"cs"},{"@type":"Organization","@id":"https:\/\/labvet.cz\/blog\/#organization","name":"Labvet.cz","url":"https:\/\/labvet.cz\/blog\/","logo":{"@type":"ImageObject","inLanguage":"cs","@id":"https:\/\/labvet.cz\/blog\/#\/schema\/logo\/image\/","url":"https:\/\/labvet.cz\/blog\/wp-content\/uploads\/2023\/08\/cropped-Navrh-bez-nazvu.png","contentUrl":"https:\/\/labvet.cz\/blog\/wp-content\/uploads\/2023\/08\/cropped-Navrh-bez-nazvu.png","width":300,"height":300,"caption":"Labvet.cz"},"image":{"@id":"https:\/\/labvet.cz\/blog\/#\/schema\/logo\/image\/"},"sameAs":["https:\/\/www.facebook.com\/Labvet.cz","https:\/\/www.instagram.com\/labvet.cz\/","https:\/\/www.linkedin.com\/showcase\/94138348\/admin\/dashboard\/"]},{"@type":"Person","@id":"https:\/\/labvet.cz\/blog\/#\/schema\/person\/bbad2f1a9452008dfc405633ccda24b2","name":"Vladim\u00edra Tich\u00e1","image":{"@type":"ImageObject","inLanguage":"cs","@id":"https:\/\/labvet.cz\/blog\/#\/schema\/person\/image\/","url":"https:\/\/secure.gravatar.com\/avatar\/006249f2c43485b8397ae08eea7ba7f3e6b682795e8e33ea4c7dcf34d196813e?s=96&d=mm&r=g","contentUrl":"https:\/\/secure.gravatar.com\/avatar\/006249f2c43485b8397ae08eea7ba7f3e6b682795e8e33ea4c7dcf34d196813e?s=96&d=mm&r=g","caption":"Vladim\u00edra Tich\u00e1"},"url":"https:\/\/labvet.cz\/blog\/author\/vladimira\/"}]}},"_links":{"self":[{"href":"https:\/\/labvet.cz\/blog\/wp-json\/wp\/v2\/posts\/4230","targetHints":{"allow":["GET"]}}],"collection":[{"href":"https:\/\/labvet.cz\/blog\/wp-json\/wp\/v2\/posts"}],"about":[{"href":"https:\/\/labvet.cz\/blog\/wp-json\/wp\/v2\/types\/post"}],"author":[{"embeddable":true,"href":"https:\/\/labvet.cz\/blog\/wp-json\/wp\/v2\/users\/5"}],"replies":[{"embeddable":true,"href":"https:\/\/labvet.cz\/blog\/wp-json\/wp\/v2\/comments?post=4230"}],"version-history":[{"count":17,"href":"https:\/\/labvet.cz\/blog\/wp-json\/wp\/v2\/posts\/4230\/revisions"}],"predecessor-version":[{"id":6606,"href":"https:\/\/labvet.cz\/blog\/wp-json\/wp\/v2\/posts\/4230\/revisions\/6606"}],"wp:featuredmedia":[{"embeddable":true,"href":"https:\/\/labvet.cz\/blog\/wp-json\/wp\/v2\/media\/5097"}],"wp:attachment":[{"href":"https:\/\/labvet.cz\/blog\/wp-json\/wp\/v2\/media?parent=4230"}],"wp:term":[{"taxonomy":"category","embeddable":true,"href":"https:\/\/labvet.cz\/blog\/wp-json\/wp\/v2\/categories?post=4230"},{"taxonomy":"post_tag","embeddable":true,"href":"https:\/\/labvet.cz\/blog\/wp-json\/wp\/v2\/tags?post=4230"}],"curies":[{"name":"wp","href":"https:\/\/api.w.org\/{rel}","templated":true}]}}