{"id":4494,"date":"2022-09-19T17:08:50","date_gmt":"2022-09-19T15:08:50","guid":{"rendered":"https:\/\/labvet.cz\/blog\/?p=4494"},"modified":"2024-05-31T16:21:05","modified_gmt":"2024-05-31T14:21:05","slug":"prisla-zima-prisly-deste","status":"publish","type":"post","link":"https:\/\/labvet.cz\/blog\/prisla-zima-prisly-deste\/","title":{"rendered":"P\u0159i\u0161la zima, p\u0159i\u0161ly de\u0161t\u011b"},"content":{"rendered":"\n<p>Leto\u0161n\u00ed l\u00e9to bylo dlouh\u00e9 a hork\u00e9, ale p\u0159echod do m\u00edrn\u011bj\u0161\u00edho podzimu se zat\u00edm nekonal. Naopak, o v\u00edkendu 17. &#8211; 18. z\u00e1\u0159\u00ed do\u0161lo k prudk\u00e9mu ochlazen\u00ed, kter\u00e9 doprov\u00e1zel studen\u00fd d\u00e9\u0161\u0165. Pr\u00e1v\u011b v tomto term\u00ednu se konala mezin\u00e1rodn\u00ed v\u00fdstava ps\u016f v\u0161ech plemen v Klatovech a zd\u00e1lo se, \u017ee v\u011bt\u0161ina lid\u00ed a n\u011bkter\u00e1 plemena ps\u016f, nesou zm\u011bnu po\u010das\u00ed velmi t\u011b\u017eko.  <\/p>\n\n\n\n<p>V\u00fdstava to byla venkovn\u00ed a leckter\u00fd vystavovan\u00fd pes se necht\u011bl p\u0159edv\u00e1d\u011bt a zd\u00e1lo se, \u017ee m\u00e1 \u00fapln\u011b jasnou p\u0159edstavu o tom, \u017ee chce j\u00edt dom\u016f do tepl\u00e9ho pel\u00ed\u0161ku a n\u011bjak\u00e1 v\u00fdstava nebo tituly ho p\u0159\u00edli\u0161 nezaj\u00edmaj\u00ed.  Naopak byla v Klatovech \u0159ada ps\u016f, kter\u00fdm chladn\u00e9 po\u010das\u00ed vyhovovalo a vypadali velmi spokojen\u011b. Plat\u00ed to i o v\u00edt\u011bzn\u00e9m kerry blue teri\u00e9rovi na obr\u00e1zku.<\/p>\n\n\n\n<figure class=\"wp-block-image size-large\"><a href=\"https:\/\/labvet.online\/vstup\/\" target=\"_blank\" rel=\"noreferrer noopener\"><img loading=\"lazy\" decoding=\"async\" width=\"1024\" height=\"307\" src=\"https:\/\/labvet.cz\/blog\/wp-content\/uploads\/2023\/03\/EBOOK-Zdarma-1-1024x307.png\" alt=\"\" class=\"wp-image-4886\" srcset=\"https:\/\/labvet.cz\/blog\/wp-content\/uploads\/2023\/03\/EBOOK-Zdarma-1-1024x307.png 1024w, https:\/\/labvet.cz\/blog\/wp-content\/uploads\/2023\/03\/EBOOK-Zdarma-1-300x90.png 300w, https:\/\/labvet.cz\/blog\/wp-content\/uploads\/2023\/03\/EBOOK-Zdarma-1-768x230.png 768w, https:\/\/labvet.cz\/blog\/wp-content\/uploads\/2023\/03\/EBOOK-Zdarma-1-1536x461.png 1536w, https:\/\/labvet.cz\/blog\/wp-content\/uploads\/2023\/03\/EBOOK-Zdarma-1.png 2000w\" sizes=\"auto, (max-width: 767px) 89vw, (max-width: 1000px) 54vw, (max-width: 1071px) 543px, 580px\" \/><\/a><\/figure>\n\n\n\n<p> Stejn\u00e9 pocity jako ti vystavovan\u00ed v Klatovech m\u011bli i n\u011bkte\u0159\u00ed psi, s kter\u00fdmi majitel\u00e9 \u0161li na v\u00edkendovou del\u0161\u00ed p\u0159est\u00e1vku nebo na celodenn\u00ed v\u00fdlet. Otev\u00edr\u00e1 se tak ot\u00e1zka: \u201eJak bychom se m\u011bli p\u0159i tak n\u00e1hl\u00e9m ochlazen\u00ed k na\u0161im ps\u016fm chovat?\u201c Asi nelze ur\u010dit pro v\u0161echny psy stejn\u00e1 pravidla. Hodn\u011b z\u00e1le\u017e\u00ed na plemeni psa, jeho v\u011bku, temperamentu, kondici a samoz\u0159ejm\u011b na zdravotn\u00edm stavu. Loveck\u00e1 plemena, ov\u010d\u00e1\u010dt\u00ed psi, hrubosrst\u00ed teri\u00e9\u0159i nebo sportovn\u011b nalad\u011bn\u00ed psi ve v\u00fdborn\u00e9 kondici se s n\u00e1hlou zm\u011bnou po\u010das\u00ed vyrovnaj\u00ed snadno. I u nich by ale majitel\u00e9 m\u011bli dodr\u017eovat ur\u010dit\u00e9 p\u0159\u00edstupy. \u0158ada kr\u00e1tkosrst\u00fdch plemen a mal\u00e1 plemena spole\u010densk\u00e1 v de\u0161ti a v\u011btru moc spokojen\u00e1 nebudou a je t\u0159eba p\u0159em\u00fd\u0161let nad t\u00edm, jak je ochr\u00e1nit a co s nimi je\u0161t\u011b lze podnikat a co ne.  <\/p>\n\n\n\n<p>U v\u0161ech ps\u016f je n\u011bkdy v\u011bt\u0161\u00ed a n\u011bkdy men\u0161\u00edm probl\u00e9mem to, \u017ee zm\u011bna venkovn\u00ed teploty je prudk\u00e1 a oni nemaj\u00ed \u010das se aklimatizovat a otu\u017eovat. Nejde ani tak o zimu, t\u00e9 se pohybem v\u011bt\u0161ina ps\u016f m\u016f\u017ee vyhnout. V\u011bt\u0161\u00edm nebezpe\u010d\u00edm je studen\u00e9 vlhko. V podzimn\u00edm nebo jarn\u00edm apr\u00edlov\u00e9m po\u010das\u00ed psi snadno provlhnou a\u017e na k\u016f\u017ei a n\u00e1sledn\u011b prochladnou.  V\u011bt\u0161inou netrp\u00ed jako my r\u00fdmou nebo ka\u0161lem, ale stoup\u00e1 po\u010det  onemocn\u011bn\u00ed plic a velmi se zv\u00fdraz\u0148uj\u00ed probl\u00e9my pohybov\u00e9ho apar\u00e1tu. I n\u00e1s lidi ve vlhku a zim\u011b p\u0159ece v\u00edc tr\u00e1p\u00ed bolav\u00e9 klouby,  ne\u017e v jin\u00e9m ro\u010dn\u00edm obdob\u00ed. <\/p>\n\n\n\n<figure class=\"wp-block-image size-full\"><a href=\"https:\/\/open.spotify.com\/episode\/7i0KBSO0ZWd4dS0Mfo5C0s\" target=\"_blank\" rel=\"noreferrer noopener\"><img loading=\"lazy\" decoding=\"async\" width=\"900\" height=\"140\" src=\"https:\/\/labvet.cz\/blog\/wp-content\/uploads\/2021\/04\/Labvet-alergologie_-220-800-465-3.png\" alt=\"\" class=\"wp-image-3175\" srcset=\"https:\/\/labvet.cz\/blog\/wp-content\/uploads\/2021\/04\/Labvet-alergologie_-220-800-465-3.png 900w, https:\/\/labvet.cz\/blog\/wp-content\/uploads\/2021\/04\/Labvet-alergologie_-220-800-465-3-300x47.png 300w, https:\/\/labvet.cz\/blog\/wp-content\/uploads\/2021\/04\/Labvet-alergologie_-220-800-465-3-768x119.png 768w\" sizes=\"auto, (max-width: 767px) 89vw, (max-width: 1000px) 54vw, (max-width: 1071px) 543px, 580px\" \/><\/a><\/figure>\n\n\n\n<p>Leckdo po\u0159izuje sv\u00fdm \u010dty\u0159noh\u00fdm p\u0159\u00e1tel\u016fm n\u011bjak\u00e9 oble\u010den\u00ed. Ke slovu p\u0159ich\u00e1z\u00ed nap\u0159. pl\u00e1\u0161t\u011bnka. Nen\u00ed to \u00fapln\u011b ide\u00e1ln\u00ed \u0159e\u0161en\u00ed. Mo\u017en\u00e1 trochu ochr\u00e1n\u00ed p\u0159ed vlhkem, se zimou je to slo\u017eit\u011bj\u0161\u00ed. Obl\u00edben\u00e9 jsou r\u016fzn\u00e9 kab\u00e1tky nebo svet\u0159\u00edky, ty se ale  snadno nas\u00e1knou vodou a pro psa je to daleko hor\u0161\u00ed, ne\u017e kdy\u017e \u017e\u00e1dn\u00e9 oble\u010den\u00ed nem\u00e1.  Pokud u\u017e chceme psy trochu ochr\u00e1nit, je vhodn\u011bj\u0161\u00ed, ne\u017e overal pokr\u00fdvaj\u00edc\u00ed cel\u00e9 t\u011blo psa, de\u010dka z kombinovan\u00e9ho materi\u00e1lu, kter\u00e1 je naho\u0159e nepromokav\u00e1 a  ve spodn\u00ed \u010d\u00e1sti m\u00edrn\u011b h\u0159ej\u00edc\u00ed. Kon\u010detiny psa z\u016fst\u00e1vaj\u00ed voln\u00e9 a pes se m\u016f\u017ee pohybovat p\u0159esn\u011b tak, jak pot\u0159ebuje. Uveden\u00e1 de\u010dka dob\u0159e poslou\u017e\u00ed u star\u0161\u00edch ps\u016f s bolav\u00fdmi z\u00e1dy nebo se sklony k onemocn\u011bn\u00ed ledvin.  <\/p>\n\n\n\n<p>V posledn\u00ed dob\u011b jsou velmi obl\u00edben\u00e9 ps\u00ed ko\u010d\u00e1rky. Pokud se pou\u017e\u00edvaj\u00ed pro rychl\u00fd p\u0159esun psa z jednoho m\u00edsta na m\u00edsto druh\u00e9, asi proti nim nelze nic nam\u00edtat. M\u00fdl\u00ed se ale majitel, kter\u00fd si mysl\u00ed, \u017ee provezen\u00ed v ko\u010d\u00e1rku nahrad\u00ed proch\u00e1zku se psem. Ona takov\u00e1 proch\u00e1zka v rozumn\u00e9 d\u00e9lce m\u00e1 kladn\u00fd vliv na fyzickou i psychickou kondici psa. Svaly se pot\u0159ebuj\u00ed prot\u00e1hnout a z ko\u010d\u00e1rku jeden vzkazy zanechan\u00e9 \u010dty\u0159noh\u00fdmi kolegy a kolegyn\u011bmi opravdu nep\u0159e\u010dte. <\/p>\n\n\n\n<p>Specifick\u00fd p\u0159\u00edstup si zaslou\u017e\u00ed sta\u0159\u00ed psi, nemocmn\u00ed psi a tak\u00e9 mal\u00e1 \u0161t\u011b\u0148ata. V jejich p\u0159\u00edpad\u011b ne\u017e del\u0161\u00ed proch\u00e1zka je vhodn\u011bj\u0161\u00ed jen kr\u00e1tk\u00fd pobyt venku, tedy \u010das nezbytn\u011b nutn\u00fd pro vyven\u010den\u00ed. Ur\u010dit\u011b nen\u00ed vhodn\u00e9 u zdrav\u00fdch ps\u016f omezovat pobyt venku. Rozumn\u00fd majitel se ale sna\u017e\u00ed, aby se pes na proch\u00e1zce h\u00fdbal a v \u017e\u00e1dn\u00e9m p\u0159\u00edpad\u011b jej nenech\u00e1 \u010dekat p\u0159iv\u00e1zan\u00e9ho p\u0159ed kr\u00e1mem nebo hospodou. Po n\u00e1vratu dom\u016f je t\u0159eba psa d\u016fkladn\u011b vysu\u0161it. Nemus\u00ed se zrovna jednat o f\u00e9nov\u00e1n\u00ed, sta\u010d\u00ed d\u016fkladn\u011b vyt\u0159\u00edt srst dob\u0159e saj\u00edc\u00ed tkaninou. Plat\u00ed to i o psech ubytovan\u00fdch v kotc\u00edch. Zav\u0159\u00edt promokl\u00e9ho psa do kotce ur\u010dit\u011b jeho zdrav\u00ed neprosp\u00edv\u00e1.<\/p>\n\n\n\n<figure class=\"wp-block-image size-full\"><a href=\"https:\/\/labvet.online\/webinar-paraziti\/\" target=\"_blank\" rel=\"noreferrer noopener\"><img loading=\"lazy\" decoding=\"async\" width=\"960\" height=\"240\" src=\"https:\/\/labvet.cz\/blog\/wp-content\/uploads\/2024\/05\/SPECIFIC-CPD-M-Puppy-Medium-Breed.png\" alt=\"\" class=\"wp-image-6216\" srcset=\"https:\/\/labvet.cz\/blog\/wp-content\/uploads\/2024\/05\/SPECIFIC-CPD-M-Puppy-Medium-Breed.png 960w, https:\/\/labvet.cz\/blog\/wp-content\/uploads\/2024\/05\/SPECIFIC-CPD-M-Puppy-Medium-Breed-300x75.png 300w, https:\/\/labvet.cz\/blog\/wp-content\/uploads\/2024\/05\/SPECIFIC-CPD-M-Puppy-Medium-Breed-768x192.png 768w\" sizes=\"auto, (max-width: 767px) 89vw, (max-width: 1000px) 54vw, (max-width: 1071px) 543px, 580px\" \/><\/a><\/figure>\n\n\n\n<p>Za\u010d\u00edn\u00e1 obdob\u00ed hon\u016f a tak je t\u0159eba u ps\u016f loveck\u00fdch nebo dal\u0161\u00edch plemen vystaven\u00fdch v\u011bt\u0161\u00ed fyzick\u00e9 n\u00e1maze p\u0159em\u00fd\u0161let nad \u00fapravou krmn\u00e9 d\u00e1vky. V chladu pes vynakl\u00e1d\u00e1 trochu v\u00edce energie a nen\u00ed od v\u011bci mu  krmnou d\u00e1vku lehce zvednout. Vhodn\u00e9 je krmit potravou vytemperovanou na pokojovou teplotu. Nab\u00eddnout psovi prochladl\u00e9mu z pobytu venku kus masa z ledni\u010dky  nen\u00ed rozumn\u00e9. V\u00fdsledkem mohou b\u00fdt nep\u0159\u00edjemn\u00e9 pr\u016fjmy a ur\u010dit\u011b net\u011b\u0161\u00ed \u017e\u00e1dn\u00e9ho majitele b\u011bhat se sv\u00fdm pr\u016fjmuj\u00edc\u00edm psem p\u016flku noci v mlze, de\u0161ti a v\u011btru venku a ukl\u00edzet po n\u011bm \u0159\u00eddk\u00e9 exkrementy.  <\/p>\n\n\n\n<p>Jak ji\u017e bylo \u0159e\u010deno, nelze stanovit p\u0159esn\u00e1 pravidla, jak se v sychrav\u00e9m po\u010das\u00ed chovat ke v\u0161em ps\u016fm. Je t\u0159eba zapojit zdrav\u00fd selsk\u00fd rozum a p\u0159em\u00fd\u0161let nad t\u00edm, na co n\u00e1\u0161 pes fyzicky a psychicky m\u00e1, co ho t\u011b\u0161\u00ed a tak\u00e9 co zvl\u00e1dneme my majitel\u00e9.<\/p>\n\n\n\n<h2 class=\"wp-block-heading\">\u010ct\u011bte tak\u00e9: <a rel=\"noreferrer noopener\" href=\"https:\/\/labvet.cz\/blog\/co-mi-dnes-oblecou-sukynku-overal-nebo-svetr\/\" target=\"_blank\">Co mi dnes oble\u010dou?<\/a><\/h2>\n\n\n\n<figure class=\"wp-block-image size-large\"><a href=\"https:\/\/labvet.vetbook.eu\/kalendar.php\" target=\"_blank\" rel=\"noopener\"><img loading=\"lazy\" decoding=\"async\" width=\"900\" height=\"140\" src=\"https:\/\/labvet.cz\/blog\/wp-content\/uploads\/2021\/12\/Labvet-alergologie-220-800-465-8.png\" alt=\"rezervace vy\u0161et\u0159en\u00ed\" class=\"wp-image-3797\" srcset=\"https:\/\/labvet.cz\/blog\/wp-content\/uploads\/2021\/12\/Labvet-alergologie-220-800-465-8.png 900w, https:\/\/labvet.cz\/blog\/wp-content\/uploads\/2021\/12\/Labvet-alergologie-220-800-465-8-300x47.png 300w, https:\/\/labvet.cz\/blog\/wp-content\/uploads\/2021\/12\/Labvet-alergologie-220-800-465-8-768x119.png 768w\" sizes=\"auto, (max-width: 767px) 89vw, (max-width: 1000px) 54vw, (max-width: 1071px) 543px, 580px\" \/><\/a><\/figure>\n","protected":false},"excerpt":{"rendered":"<p>Leto\u0161n\u00ed l\u00e9to bylo dlouh\u00e9 a hork\u00e9, ale p\u0159echod do m\u00edrn\u011bj\u0161\u00edho podzimu se zat\u00edm nekonal. Naopak, o v\u00edkendu 17. &#8211; 18. z\u00e1\u0159\u00ed do\u0161lo k prudk\u00e9mu ochlazen\u00ed, kter\u00e9 doprov\u00e1zel studen\u00fd d\u00e9\u0161\u0165. Pr\u00e1v\u011b v tomto term\u00ednu se konala mezin\u00e1rodn\u00ed v\u00fdstava ps\u016f v\u0161ech plemen v Klatovech a zd\u00e1lo se, \u017ee v\u011bt\u0161ina lid\u00ed a n\u011bkter\u00e1 plemena ps\u016f, nesou zm\u011bnu po\u010das\u00ed &hellip; <\/p>\n<p class=\"link-more\"><a href=\"https:\/\/labvet.cz\/blog\/prisla-zima-prisly-deste\/\" class=\"more-link\">Pokra\u010dovat ve \u010dten\u00ed<span class=\"screen-reader-text\"> &#8222;P\u0159i\u0161la zima, p\u0159i\u0161ly de\u0161t\u011b&#8220;<\/span><\/a><\/p>\n","protected":false},"author":5,"featured_media":4496,"comment_status":"open","ping_status":"open","sticky":false,"template":"","format":"standard","meta":{"_seopress_robots_primary_cat":"none","_seopress_titles_title":"P\u0159i\u0161la zima, p\u0159i\u0161ly de\u0161t\u011b i na psy | Labvet.cz","_seopress_titles_desc":"Leto\u0161n\u00ed l\u00e9to bylo dlouh\u00e9 a hork\u00e9, ale p\u0159echod do m\u00edrn\u011bj\u0161\u00edho podzimu se zat\u00edm nekonal.","_seopress_robots_index":"","footnotes":""},"categories":[1],"tags":[],"class_list":["post-4494","post","type-post","status-publish","format-standard","has-post-thumbnail","hentry","category-nezarazene"],"yoast_head":"<!-- This site is optimized with the Yoast SEO plugin v25.2 - https:\/\/yoast.com\/wordpress\/plugins\/seo\/ -->\n<title>P\u0159i\u0161la zima, p\u0159i\u0161ly de\u0161t\u011b - Labvet blog<\/title>\n<meta name=\"robots\" content=\"index, follow, max-snippet:-1, max-image-preview:large, max-video-preview:-1\" \/>\n<link rel=\"canonical\" href=\"https:\/\/labvet.cz\/blog\/prisla-zima-prisly-deste\/\" \/>\n<meta property=\"og:locale\" content=\"cs_CZ\" \/>\n<meta property=\"og:type\" content=\"article\" \/>\n<meta property=\"og:title\" content=\"P\u0159i\u0161la zima, p\u0159i\u0161ly de\u0161t\u011b - Labvet blog\" \/>\n<meta property=\"og:description\" content=\"Leto\u0161n\u00ed l\u00e9to bylo dlouh\u00e9 a hork\u00e9, ale p\u0159echod do m\u00edrn\u011bj\u0161\u00edho podzimu se zat\u00edm nekonal. Naopak, o v\u00edkendu 17. &#8211; 18. z\u00e1\u0159\u00ed do\u0161lo k prudk\u00e9mu ochlazen\u00ed, kter\u00e9 doprov\u00e1zel studen\u00fd d\u00e9\u0161\u0165. Pr\u00e1v\u011b v tomto term\u00ednu se konala mezin\u00e1rodn\u00ed v\u00fdstava ps\u016f v\u0161ech plemen v Klatovech a zd\u00e1lo se, \u017ee v\u011bt\u0161ina lid\u00ed a n\u011bkter\u00e1 plemena ps\u016f, nesou zm\u011bnu po\u010das\u00ed &hellip; Pokra\u010dovat ve \u010dten\u00ed &quot;P\u0159i\u0161la zima, p\u0159i\u0161ly de\u0161t\u011b&quot;\" \/>\n<meta property=\"og:url\" content=\"https:\/\/labvet.cz\/blog\/prisla-zima-prisly-deste\/\" \/>\n<meta property=\"og:site_name\" content=\"Labvet blog\" \/>\n<meta property=\"article:publisher\" content=\"https:\/\/www.facebook.com\/Labvet.cz\" \/>\n<meta property=\"article:published_time\" content=\"2022-09-19T15:08:50+00:00\" \/>\n<meta property=\"article:modified_time\" content=\"2024-05-31T14:21:05+00:00\" \/>\n<meta property=\"og:image\" content=\"https:\/\/labvet.cz\/blog\/wp-content\/uploads\/2022\/09\/klatovy1.jpg\" \/>\n\t<meta property=\"og:image:width\" content=\"1202\" \/>\n\t<meta property=\"og:image:height\" content=\"602\" \/>\n\t<meta property=\"og:image:type\" content=\"image\/jpeg\" \/>\n<meta name=\"author\" content=\"Vladim\u00edra Tich\u00e1\" \/>\n<meta name=\"twitter:card\" content=\"summary_large_image\" \/>\n<meta name=\"twitter:label1\" content=\"Napsal(a)\" \/>\n\t<meta name=\"twitter:data1\" content=\"Vladim\u00edra Tich\u00e1\" \/>\n\t<meta name=\"twitter:label2\" content=\"Odhadovan\u00e1 doba \u010dten\u00ed\" \/>\n\t<meta name=\"twitter:data2\" content=\"5 minut\" \/>\n<script type=\"application\/ld+json\" class=\"yoast-schema-graph\">{\"@context\":\"https:\/\/schema.org\",\"@graph\":[{\"@type\":\"Article\",\"@id\":\"https:\/\/labvet.cz\/blog\/prisla-zima-prisly-deste\/#article\",\"isPartOf\":{\"@id\":\"https:\/\/labvet.cz\/blog\/prisla-zima-prisly-deste\/\"},\"author\":{\"name\":\"Vladim\u00edra Tich\u00e1\",\"@id\":\"https:\/\/labvet.cz\/blog\/#\/schema\/person\/bbad2f1a9452008dfc405633ccda24b2\"},\"headline\":\"P\u0159i\u0161la zima, p\u0159i\u0161ly de\u0161t\u011b\",\"datePublished\":\"2022-09-19T15:08:50+00:00\",\"dateModified\":\"2024-05-31T14:21:05+00:00\",\"mainEntityOfPage\":{\"@id\":\"https:\/\/labvet.cz\/blog\/prisla-zima-prisly-deste\/\"},\"wordCount\":1034,\"commentCount\":0,\"publisher\":{\"@id\":\"https:\/\/labvet.cz\/blog\/#organization\"},\"image\":{\"@id\":\"https:\/\/labvet.cz\/blog\/prisla-zima-prisly-deste\/#primaryimage\"},\"thumbnailUrl\":\"https:\/\/labvet.cz\/blog\/wp-content\/uploads\/2022\/09\/klatovy1.jpg\",\"inLanguage\":\"cs\",\"potentialAction\":[{\"@type\":\"CommentAction\",\"name\":\"Comment\",\"target\":[\"https:\/\/labvet.cz\/blog\/prisla-zima-prisly-deste\/#respond\"]}]},{\"@type\":\"WebPage\",\"@id\":\"https:\/\/labvet.cz\/blog\/prisla-zima-prisly-deste\/\",\"url\":\"https:\/\/labvet.cz\/blog\/prisla-zima-prisly-deste\/\",\"name\":\"P\u0159i\u0161la zima, p\u0159i\u0161ly de\u0161t\u011b - Labvet blog\",\"isPartOf\":{\"@id\":\"https:\/\/labvet.cz\/blog\/#website\"},\"primaryImageOfPage\":{\"@id\":\"https:\/\/labvet.cz\/blog\/prisla-zima-prisly-deste\/#primaryimage\"},\"image\":{\"@id\":\"https:\/\/labvet.cz\/blog\/prisla-zima-prisly-deste\/#primaryimage\"},\"thumbnailUrl\":\"https:\/\/labvet.cz\/blog\/wp-content\/uploads\/2022\/09\/klatovy1.jpg\",\"datePublished\":\"2022-09-19T15:08:50+00:00\",\"dateModified\":\"2024-05-31T14:21:05+00:00\",\"breadcrumb\":{\"@id\":\"https:\/\/labvet.cz\/blog\/prisla-zima-prisly-deste\/#breadcrumb\"},\"inLanguage\":\"cs\",\"potentialAction\":[{\"@type\":\"ReadAction\",\"target\":[\"https:\/\/labvet.cz\/blog\/prisla-zima-prisly-deste\/\"]}]},{\"@type\":\"ImageObject\",\"inLanguage\":\"cs\",\"@id\":\"https:\/\/labvet.cz\/blog\/prisla-zima-prisly-deste\/#primaryimage\",\"url\":\"https:\/\/labvet.cz\/blog\/wp-content\/uploads\/2022\/09\/klatovy1.jpg\",\"contentUrl\":\"https:\/\/labvet.cz\/blog\/wp-content\/uploads\/2022\/09\/klatovy1.jpg\",\"width\":1202,\"height\":602},{\"@type\":\"BreadcrumbList\",\"@id\":\"https:\/\/labvet.cz\/blog\/prisla-zima-prisly-deste\/#breadcrumb\",\"itemListElement\":[{\"@type\":\"ListItem\",\"position\":1,\"name\":\"Dom\u016f\",\"item\":\"https:\/\/labvet.cz\/blog\/\"},{\"@type\":\"ListItem\",\"position\":2,\"name\":\"P\u0159i\u0161la zima, p\u0159i\u0161ly de\u0161t\u011b\"}]},{\"@type\":\"WebSite\",\"@id\":\"https:\/\/labvet.cz\/blog\/#website\",\"url\":\"https:\/\/labvet.cz\/blog\/\",\"name\":\"Labvet blog\",\"description\":\"pro chovatele i veterin\u00e1rn\u00ed l\u00e9ka\u0159e\",\"publisher\":{\"@id\":\"https:\/\/labvet.cz\/blog\/#organization\"},\"potentialAction\":[{\"@type\":\"SearchAction\",\"target\":{\"@type\":\"EntryPoint\",\"urlTemplate\":\"https:\/\/labvet.cz\/blog\/?s={search_term_string}\"},\"query-input\":{\"@type\":\"PropertyValueSpecification\",\"valueRequired\":true,\"valueName\":\"search_term_string\"}}],\"inLanguage\":\"cs\"},{\"@type\":\"Organization\",\"@id\":\"https:\/\/labvet.cz\/blog\/#organization\",\"name\":\"Labvet.cz\",\"url\":\"https:\/\/labvet.cz\/blog\/\",\"logo\":{\"@type\":\"ImageObject\",\"inLanguage\":\"cs\",\"@id\":\"https:\/\/labvet.cz\/blog\/#\/schema\/logo\/image\/\",\"url\":\"https:\/\/labvet.cz\/blog\/wp-content\/uploads\/2023\/08\/cropped-Navrh-bez-nazvu.png\",\"contentUrl\":\"https:\/\/labvet.cz\/blog\/wp-content\/uploads\/2023\/08\/cropped-Navrh-bez-nazvu.png\",\"width\":300,\"height\":300,\"caption\":\"Labvet.cz\"},\"image\":{\"@id\":\"https:\/\/labvet.cz\/blog\/#\/schema\/logo\/image\/\"},\"sameAs\":[\"https:\/\/www.facebook.com\/Labvet.cz\",\"https:\/\/www.instagram.com\/labvet.cz\/\",\"https:\/\/www.linkedin.com\/showcase\/94138348\/admin\/dashboard\/\"]},{\"@type\":\"Person\",\"@id\":\"https:\/\/labvet.cz\/blog\/#\/schema\/person\/bbad2f1a9452008dfc405633ccda24b2\",\"name\":\"Vladim\u00edra Tich\u00e1\",\"image\":{\"@type\":\"ImageObject\",\"inLanguage\":\"cs\",\"@id\":\"https:\/\/labvet.cz\/blog\/#\/schema\/person\/image\/\",\"url\":\"https:\/\/secure.gravatar.com\/avatar\/006249f2c43485b8397ae08eea7ba7f3e6b682795e8e33ea4c7dcf34d196813e?s=96&d=mm&r=g\",\"contentUrl\":\"https:\/\/secure.gravatar.com\/avatar\/006249f2c43485b8397ae08eea7ba7f3e6b682795e8e33ea4c7dcf34d196813e?s=96&d=mm&r=g\",\"caption\":\"Vladim\u00edra Tich\u00e1\"},\"url\":\"https:\/\/labvet.cz\/blog\/author\/vladimira\/\"}]}<\/script>\n<!-- \/ Yoast SEO plugin. -->","yoast_head_json":{"title":"P\u0159i\u0161la zima, p\u0159i\u0161ly de\u0161t\u011b - Labvet blog","robots":{"index":"index","follow":"follow","max-snippet":"max-snippet:-1","max-image-preview":"max-image-preview:large","max-video-preview":"max-video-preview:-1"},"canonical":"https:\/\/labvet.cz\/blog\/prisla-zima-prisly-deste\/","og_locale":"cs_CZ","og_type":"article","og_title":"P\u0159i\u0161la zima, p\u0159i\u0161ly de\u0161t\u011b - Labvet blog","og_description":"Leto\u0161n\u00ed l\u00e9to bylo dlouh\u00e9 a hork\u00e9, ale p\u0159echod do m\u00edrn\u011bj\u0161\u00edho podzimu se zat\u00edm nekonal. Naopak, o v\u00edkendu 17. &#8211; 18. z\u00e1\u0159\u00ed do\u0161lo k prudk\u00e9mu ochlazen\u00ed, kter\u00e9 doprov\u00e1zel studen\u00fd d\u00e9\u0161\u0165. Pr\u00e1v\u011b v tomto term\u00ednu se konala mezin\u00e1rodn\u00ed v\u00fdstava ps\u016f v\u0161ech plemen v Klatovech a zd\u00e1lo se, \u017ee v\u011bt\u0161ina lid\u00ed a n\u011bkter\u00e1 plemena ps\u016f, nesou zm\u011bnu po\u010das\u00ed &hellip; Pokra\u010dovat ve \u010dten\u00ed \"P\u0159i\u0161la zima, p\u0159i\u0161ly de\u0161t\u011b\"","og_url":"https:\/\/labvet.cz\/blog\/prisla-zima-prisly-deste\/","og_site_name":"Labvet blog","article_publisher":"https:\/\/www.facebook.com\/Labvet.cz","article_published_time":"2022-09-19T15:08:50+00:00","article_modified_time":"2024-05-31T14:21:05+00:00","og_image":[{"width":1202,"height":602,"url":"https:\/\/labvet.cz\/blog\/wp-content\/uploads\/2022\/09\/klatovy1.jpg","type":"image\/jpeg"}],"author":"Vladim\u00edra Tich\u00e1","twitter_card":"summary_large_image","twitter_misc":{"Napsal(a)":"Vladim\u00edra Tich\u00e1","Odhadovan\u00e1 doba \u010dten\u00ed":"5 minut"},"schema":{"@context":"https:\/\/schema.org","@graph":[{"@type":"Article","@id":"https:\/\/labvet.cz\/blog\/prisla-zima-prisly-deste\/#article","isPartOf":{"@id":"https:\/\/labvet.cz\/blog\/prisla-zima-prisly-deste\/"},"author":{"name":"Vladim\u00edra Tich\u00e1","@id":"https:\/\/labvet.cz\/blog\/#\/schema\/person\/bbad2f1a9452008dfc405633ccda24b2"},"headline":"P\u0159i\u0161la zima, p\u0159i\u0161ly de\u0161t\u011b","datePublished":"2022-09-19T15:08:50+00:00","dateModified":"2024-05-31T14:21:05+00:00","mainEntityOfPage":{"@id":"https:\/\/labvet.cz\/blog\/prisla-zima-prisly-deste\/"},"wordCount":1034,"commentCount":0,"publisher":{"@id":"https:\/\/labvet.cz\/blog\/#organization"},"image":{"@id":"https:\/\/labvet.cz\/blog\/prisla-zima-prisly-deste\/#primaryimage"},"thumbnailUrl":"https:\/\/labvet.cz\/blog\/wp-content\/uploads\/2022\/09\/klatovy1.jpg","inLanguage":"cs","potentialAction":[{"@type":"CommentAction","name":"Comment","target":["https:\/\/labvet.cz\/blog\/prisla-zima-prisly-deste\/#respond"]}]},{"@type":"WebPage","@id":"https:\/\/labvet.cz\/blog\/prisla-zima-prisly-deste\/","url":"https:\/\/labvet.cz\/blog\/prisla-zima-prisly-deste\/","name":"P\u0159i\u0161la zima, p\u0159i\u0161ly de\u0161t\u011b - Labvet blog","isPartOf":{"@id":"https:\/\/labvet.cz\/blog\/#website"},"primaryImageOfPage":{"@id":"https:\/\/labvet.cz\/blog\/prisla-zima-prisly-deste\/#primaryimage"},"image":{"@id":"https:\/\/labvet.cz\/blog\/prisla-zima-prisly-deste\/#primaryimage"},"thumbnailUrl":"https:\/\/labvet.cz\/blog\/wp-content\/uploads\/2022\/09\/klatovy1.jpg","datePublished":"2022-09-19T15:08:50+00:00","dateModified":"2024-05-31T14:21:05+00:00","breadcrumb":{"@id":"https:\/\/labvet.cz\/blog\/prisla-zima-prisly-deste\/#breadcrumb"},"inLanguage":"cs","potentialAction":[{"@type":"ReadAction","target":["https:\/\/labvet.cz\/blog\/prisla-zima-prisly-deste\/"]}]},{"@type":"ImageObject","inLanguage":"cs","@id":"https:\/\/labvet.cz\/blog\/prisla-zima-prisly-deste\/#primaryimage","url":"https:\/\/labvet.cz\/blog\/wp-content\/uploads\/2022\/09\/klatovy1.jpg","contentUrl":"https:\/\/labvet.cz\/blog\/wp-content\/uploads\/2022\/09\/klatovy1.jpg","width":1202,"height":602},{"@type":"BreadcrumbList","@id":"https:\/\/labvet.cz\/blog\/prisla-zima-prisly-deste\/#breadcrumb","itemListElement":[{"@type":"ListItem","position":1,"name":"Dom\u016f","item":"https:\/\/labvet.cz\/blog\/"},{"@type":"ListItem","position":2,"name":"P\u0159i\u0161la zima, p\u0159i\u0161ly de\u0161t\u011b"}]},{"@type":"WebSite","@id":"https:\/\/labvet.cz\/blog\/#website","url":"https:\/\/labvet.cz\/blog\/","name":"Labvet blog","description":"pro chovatele i veterin\u00e1rn\u00ed l\u00e9ka\u0159e","publisher":{"@id":"https:\/\/labvet.cz\/blog\/#organization"},"potentialAction":[{"@type":"SearchAction","target":{"@type":"EntryPoint","urlTemplate":"https:\/\/labvet.cz\/blog\/?s={search_term_string}"},"query-input":{"@type":"PropertyValueSpecification","valueRequired":true,"valueName":"search_term_string"}}],"inLanguage":"cs"},{"@type":"Organization","@id":"https:\/\/labvet.cz\/blog\/#organization","name":"Labvet.cz","url":"https:\/\/labvet.cz\/blog\/","logo":{"@type":"ImageObject","inLanguage":"cs","@id":"https:\/\/labvet.cz\/blog\/#\/schema\/logo\/image\/","url":"https:\/\/labvet.cz\/blog\/wp-content\/uploads\/2023\/08\/cropped-Navrh-bez-nazvu.png","contentUrl":"https:\/\/labvet.cz\/blog\/wp-content\/uploads\/2023\/08\/cropped-Navrh-bez-nazvu.png","width":300,"height":300,"caption":"Labvet.cz"},"image":{"@id":"https:\/\/labvet.cz\/blog\/#\/schema\/logo\/image\/"},"sameAs":["https:\/\/www.facebook.com\/Labvet.cz","https:\/\/www.instagram.com\/labvet.cz\/","https:\/\/www.linkedin.com\/showcase\/94138348\/admin\/dashboard\/"]},{"@type":"Person","@id":"https:\/\/labvet.cz\/blog\/#\/schema\/person\/bbad2f1a9452008dfc405633ccda24b2","name":"Vladim\u00edra Tich\u00e1","image":{"@type":"ImageObject","inLanguage":"cs","@id":"https:\/\/labvet.cz\/blog\/#\/schema\/person\/image\/","url":"https:\/\/secure.gravatar.com\/avatar\/006249f2c43485b8397ae08eea7ba7f3e6b682795e8e33ea4c7dcf34d196813e?s=96&d=mm&r=g","contentUrl":"https:\/\/secure.gravatar.com\/avatar\/006249f2c43485b8397ae08eea7ba7f3e6b682795e8e33ea4c7dcf34d196813e?s=96&d=mm&r=g","caption":"Vladim\u00edra Tich\u00e1"},"url":"https:\/\/labvet.cz\/blog\/author\/vladimira\/"}]}},"_links":{"self":[{"href":"https:\/\/labvet.cz\/blog\/wp-json\/wp\/v2\/posts\/4494","targetHints":{"allow":["GET"]}}],"collection":[{"href":"https:\/\/labvet.cz\/blog\/wp-json\/wp\/v2\/posts"}],"about":[{"href":"https:\/\/labvet.cz\/blog\/wp-json\/wp\/v2\/types\/post"}],"author":[{"embeddable":true,"href":"https:\/\/labvet.cz\/blog\/wp-json\/wp\/v2\/users\/5"}],"replies":[{"embeddable":true,"href":"https:\/\/labvet.cz\/blog\/wp-json\/wp\/v2\/comments?post=4494"}],"version-history":[{"count":6,"href":"https:\/\/labvet.cz\/blog\/wp-json\/wp\/v2\/posts\/4494\/revisions"}],"predecessor-version":[{"id":6244,"href":"https:\/\/labvet.cz\/blog\/wp-json\/wp\/v2\/posts\/4494\/revisions\/6244"}],"wp:featuredmedia":[{"embeddable":true,"href":"https:\/\/labvet.cz\/blog\/wp-json\/wp\/v2\/media\/4496"}],"wp:attachment":[{"href":"https:\/\/labvet.cz\/blog\/wp-json\/wp\/v2\/media?parent=4494"}],"wp:term":[{"taxonomy":"category","embeddable":true,"href":"https:\/\/labvet.cz\/blog\/wp-json\/wp\/v2\/categories?post=4494"},{"taxonomy":"post_tag","embeddable":true,"href":"https:\/\/labvet.cz\/blog\/wp-json\/wp\/v2\/tags?post=4494"}],"curies":[{"name":"wp","href":"https:\/\/api.w.org\/{rel}","templated":true}]}}