{"id":4673,"date":"2023-01-09T11:40:54","date_gmt":"2023-01-09T10:40:54","guid":{"rendered":"https:\/\/labvet.cz\/blog\/?p=4673"},"modified":"2025-03-15T22:45:24","modified_gmt":"2025-03-15T21:45:24","slug":"je-tady-jaro-chovatele-hledaji-harani-feny","status":"publish","type":"post","link":"https:\/\/labvet.cz\/blog\/je-tady-jaro-chovatele-hledaji-harani-feny\/","title":{"rendered":"Je tady jaro, chovatel\u00e9 hledaj\u00ed \u201eh\u00e1r\u00e1n\u00ed feny\u201c"},"content":{"rendered":"\n<p>Mo\u017en\u00e1 v\u00fd\u0161e uveden\u00e9 tvrzen\u00ed n\u011bkoho udiv\u00ed. Pokud se ale pod\u00edv\u00e1me na to, co se d\u011bje v p\u0159\u00edrod\u011b, potvrd\u00edme si, \u017ee jaro je obdob\u00edm, kter\u00e9 m\u00e1 nenahraditeln\u00fd v\u00fdznam z pohledu reprodukce v\u011bt\u0161iny zv\u00ed\u0159at. Do ur\u010dit\u00e9 m\u00edry to plat\u00ed i o psech nebo p\u0159esn\u011bji \u0159e\u010deno o fen\u00e1ch, a proto chovatel\u00e9 pr\u00e1v\u011b z kraje roku zad\u00e1vaj\u00ed do vyhled\u00e1va\u010d\u016f na sv\u00fdch telefonech dotaz <strong>\u201eh\u00e1r\u00e1n\u00ed feny\u201c<\/strong> (a hesla souvisej\u00edc\u00ed) \u010dast\u011bji ne\u017e jindy.<\/p>\n\n\n\n<h2 class=\"wp-block-heading\">Ur\u010den\u00ed dne kryt\u00ed feny<\/h2>\n\n\n\n<p>Hned po Nov\u00e9m roce, jakmile se jen trochu za\u010dne prodlu\u017eovat den, za\u010d\u00edn\u00e1 n\u00e1m v Labvetu \u201esez\u00f3na\u201c reprodukce ps\u016f. Chovatel\u00e9 se zaj\u00edmaj\u00ed o <a rel=\"noreferrer noopener\" href=\"https:\/\/labvet.vetbook.eu\/kalendar.php\" target=\"_blank\">voln\u00e9 term\u00edny<\/a> pro vy\u0161et\u0159en\u00ed hladiny progesteronu k <a rel=\"noreferrer noopener\" href=\"https:\/\/labvet.cz\/blog\/urceni-dne-kryti-feny\/\" target=\"_blank\">ur\u010den\u00ed dne kryt\u00ed<\/a> a dal\u0161\u00ed vy\u0161et\u0159en\u00ed, kter\u00e1 po nich jejich kluby nebo majitel\u00e9 kryc\u00edch partner\u016f po\u017eaduj\u00ed.  \u0158e\u0161\u00edme i dotazy na spolehlivost analyz\u00e1tor\u016f, kter\u00e9 si pro vy\u0161et\u0159en\u00ed hladiny hormon\u016f po\u0159izuj\u00ed mnoz\u00ed kolegov\u00e9.<\/p>\n\n\n\n<iframe loading=\"lazy\" src=\"https:\/\/www.facebook.com\/plugins\/post.php?href=https%3A%2F%2Fwww.facebook.com%2Fmonika.kalinova.545%2Fposts%2F2014888048546966&#038;show_text=true&#038;width=500\" width=\"500\" height=\"170\" style=\"border:none;overflow:hidden\" scrolling=\"no\" frameborder=\"0\" allowfullscreen=\"true\" allow=\"autoplay; clipboard-write; encrypted-media; picture-in-picture; web-share\"><\/iframe>\n\n\n\n<p>Reprodukce ps\u016f je vlajkovou lod\u00ed Labvetu u\u017e dlouho. Publikovali jsme na toto t\u00e9ma <a rel=\"noreferrer noopener\" href=\"https:\/\/labvet.cz\/blog\/category\/reprodukce-psu\/\" target=\"_blank\">\u0159adu \u010dl\u00e1nk\u016f na na\u0161em blogu<\/a>. Od <a rel=\"noreferrer noopener\" href=\"https:\/\/labvet.cz\/blog\/bakteriologicke-vysetreni-fen-pred-krytim\/\" target=\"_blank\">bakteriologick\u00fdch vy\u0161et\u0159en\u00ed<\/a> p\u0159ed kryt\u00edm, ur\u010den\u00ed dne kryt\u00ed feny p\u0159es <a rel=\"noreferrer noopener\" href=\"https:\/\/labvet.cz\/blog\/proc-nam-zase-fena-nezabrezla\/\" target=\"_blank\">pot\u00ed\u017ee se zab\u0159ez\u00e1v\u00e1n\u00edm<\/a>  a\u017e po r\u016fstov\u00e9 testy \u0161t\u011b\u0148at. Pokud i vy pat\u0159\u00edte mezi ty, kte\u0159\u00ed na telefonu \u201eg\u016fgluj\u00ed\u201c h\u00e1r\u00e1n\u00ed feny, ur\u010dit\u011b v\u00e1m na\u0161e \u010dl\u00e1nky, <a rel=\"noreferrer noopener\" href=\"https:\/\/open.spotify.com\/show\/7sAk5KFgVZYuy5JgD7ItPe\" target=\"_blank\">podcasty<\/a> \u010di <a rel=\"noreferrer noopener\" href=\"https:\/\/labvet.online\/nase-sluzby\/webinare-labvetu\/\" target=\"_blank\">webin\u00e1\u0159e<\/a> p\u0159ijdou vhod.<\/p>\n\n\n\n<h2 class=\"wp-block-heading\">M\u00e1 h\u00e1rat na ja\u0159e?<\/h2>\n\n\n\n<p>Pravdou je, \u017ee cel\u00e1 \u0159ada chovatel\u016f si u\u017e starosti s t\u00edm, zda fena m\u00e1 \u010di nem\u00e1 h\u00e1rat na ja\u0159e, moc ned\u011bl\u00e1 a feny h\u00e1raj\u00ed v kter\u00e9mkoliv obdob\u00ed. P\u0159esto je procento fen, kter\u00e9 pova\u017euj\u00ed jarn\u00ed m\u011bs\u00edce za ide\u00e1ln\u00ed obdob\u00ed pro rozmno\u017eov\u00e1n\u00ed, vysok\u00e9. Nen\u00ed se \u010demu divit. P\u0159\u00edroda je mocn\u00e1 \u010darod\u011bjka a v\u00ed, \u017ee fenka nakryt\u00e1 na ja\u0159e porod\u00ed \u0161t\u011b\u0148ata z hlediska jejich v\u00fdvoje v ide\u00e1ln\u00edm term\u00ednu. Sta\u0159\u00ed chovatel\u00e9 \u0159\u00edkali, \u017ee takov\u00e1 \u0161t\u011b\u0148ata \u201erostou do slun\u00ed\u010dka\u201c. Maj\u00ed tedy dostatek vitam\u00ednu D, kdy\u017e jdou do sv\u011bta se nepot\u00fdkaj\u00ed se zimou a vlhkem a dlouh\u00fd den jim umo\u017e\u0148uje dostatek \u010dasu na tolik pot\u0159ebn\u00e9 hry a pohyb.<\/p>\n\n\n\n<figure class=\"wp-block-image size-large\"><img loading=\"lazy\" decoding=\"async\" width=\"1024\" height=\"276\" src=\"https:\/\/labvet.cz\/blog\/wp-content\/uploads\/2023\/01\/Jezevcik-welshterier-1024x276.jpg\" alt=\"h\u00e1r\u00e1n\u00ed feny\" class=\"wp-image-4801\" srcset=\"https:\/\/labvet.cz\/blog\/wp-content\/uploads\/2023\/01\/Jezevcik-welshterier-1024x276.jpg 1024w, https:\/\/labvet.cz\/blog\/wp-content\/uploads\/2023\/01\/Jezevcik-welshterier-300x81.jpg 300w, https:\/\/labvet.cz\/blog\/wp-content\/uploads\/2023\/01\/Jezevcik-welshterier-768x207.jpg 768w, https:\/\/labvet.cz\/blog\/wp-content\/uploads\/2023\/01\/Jezevcik-welshterier-1536x414.jpg 1536w, https:\/\/labvet.cz\/blog\/wp-content\/uploads\/2023\/01\/Jezevcik-welshterier.jpg 1950w\" sizes=\"auto, (max-width: 767px) 89vw, (max-width: 1000px) 54vw, (max-width: 1071px) 543px, 580px\" \/><figcaption class=\"wp-element-caption\">Jezev\u010d\u00edk, welshteri\u00e9r, foto Jan Tich\u00fd<\/figcaption><\/figure>\n\n\n\n<p>V\u00fdhodn\u00e9 to je i z pohledu nabyvatel\u016f \u0161t\u011b\u0148at. \u0158ada z nich si s p\u0159\u00edchodem nov\u00e9ho \u010dlena rodiny bere dovolenou, co\u017e b\u00fdv\u00e1 p\u0159\u00edjemn\u00e9, pokud se p\u0159ekr\u00fdv\u00e1 s pr\u00e1zdninami d\u011bt\u00ed. Nabyvatel m\u00e1 na \u0161t\u011bn\u011b v\u00edc \u010dasu, \u0161t\u011bn\u011b se sn\u00e1ze aklimatizuje a l\u00e9pe se vytv\u00e1\u0159\u00ed vztah mezi majitelem a psem a tak\u00e9 postaven\u00ed psa ve sme\u010dce, kterou pro n\u011bj je lidsk\u00e1 rodina.<\/p>\n\n\n\n<p>Majitel\u00e9 fen to ob\u010das vid\u00ed trochu jinak. Takov\u00e9 jarn\u00ed kryt\u00ed feny m\u00e1 i sv\u00e9 nev\u00fdhody. Pl\u00e1nujeme zahrani\u010dn\u00ed dovolenou a najednou m\u00e1me doma ko\u0161\u00edk \u0161t\u011b\u0148at, kter\u00e1 t\u011b\u017eko d\u00e1me n\u011bkomu jin\u00e9mu na starost. Chovatel se tak\u00e9 m\u016f\u017ee ob\u00e1vat toho, zda bude na \u0161t\u011b\u0148ata odbyt. Ono plat\u00ed, \u017ee pro n\u011bkoho je po\u0159\u00edzen\u00ed \u0161t\u011bn\u011bte na p\u0159elomu jara a l\u00e9ta ide\u00e1ln\u00ed, jin\u00fd m\u00e1 naopak zcela jin\u00e9 z\u00e1jmy a nechce si nechat letn\u00ed m\u011bs\u00edce a dovolenou ru\u0161it \u0161t\u011bn\u011btem. Ot\u00e1zka ale je, zda si takov\u00fd \u010dlov\u011bk m\u00e1 psa v\u016fbec po\u0159izovat.<\/p>\n\n\n\n<figure class=\"wp-block-image size-large\"><a href=\"https:\/\/labvet.online\/tahaky-1\/\"><img loading=\"lazy\" decoding=\"async\" width=\"1024\" height=\"307\" src=\"https:\/\/labvet.cz\/blog\/wp-content\/uploads\/2023\/08\/BANNERY-E-book-1024x307.png\" alt=\"\" class=\"wp-image-5551\" srcset=\"https:\/\/labvet.cz\/blog\/wp-content\/uploads\/2023\/08\/BANNERY-E-book-1024x307.png 1024w, https:\/\/labvet.cz\/blog\/wp-content\/uploads\/2023\/08\/BANNERY-E-book-300x90.png 300w, https:\/\/labvet.cz\/blog\/wp-content\/uploads\/2023\/08\/BANNERY-E-book-768x230.png 768w, https:\/\/labvet.cz\/blog\/wp-content\/uploads\/2023\/08\/BANNERY-E-book-1536x461.png 1536w, https:\/\/labvet.cz\/blog\/wp-content\/uploads\/2023\/08\/BANNERY-E-book.png 2000w\" sizes=\"auto, (max-width: 767px) 89vw, (max-width: 1000px) 54vw, (max-width: 1071px) 543px, 580px\" \/><\/a><\/figure>\n\n\n\n<p>V ka\u017ed\u00e9m p\u0159\u00edpad\u011b plat\u00ed, \u017ee procento fen kryt\u00fdch v jarn\u00edm obdob\u00ed je vysok\u00e9 a \u017ee zvl\u00e1\u0161t\u011b za\u010d\u00e1te\u010dn\u00edci nar\u00e1\u017eej\u00ed na r\u016fzn\u00e9 probl\u00e9my. M\u016f\u017ee se jednat o neznalost samotn\u00e9ho pr\u016fb\u011bhu \u0159\u00edje, o pot\u00ed\u017ee s <a href=\"https:\/\/youtu.be\/E4tL9Igq0T8\" target=\"_blank\" rel=\"noreferrer noopener\">ur\u010den\u00edm optim\u00e1ln\u00edho dne kryt\u00ed<\/a> a tak\u00e9 o p\u00e9\u010di o nast\u00e1vaj\u00edc\u00ed matku. Ot\u00e1zky typu: \u201eNap\u0159ed m\u00e1 jasn\u011b \u010derven\u00fd v\u00fdtok, pak to bledne a za t\u0159i t\u00fddny vypad\u00e1, jako by z n\u00ed tekla masov\u00e1 voda. Je to norm\u00e1ln\u00ed? Jak pozn\u00e1m, kdy jet za \u017eenichem? A co to je sv\u00e1z\u00e1n\u00ed a jak dlouho m\u00e1 trvat? Nakryli jsme \u0161ampionem a pak si je\u0161t\u011b sama na\u0161la vo\u0159\u00ed\u0161ka. To ale asi u\u017e byla \u201eza\u0161puntovan\u00e1&#8220; a po vo\u0159\u00ed\u0161kovi \u0161t\u011b\u0148ata m\u00edt nebude, nebo se m\u00fdl\u00edm? M\u00e1me j\u00ed v\u00edc krmit? M\u016f\u017ee chodit na proch\u00e1zky a hr\u00e1t si s ostatn\u00edmi psy? Jak to je s o\u010dkov\u00e1n\u00edm? Za\u010d\u00ednaj\u00ed v\u00fdstavy, mohu na n\u011b s b\u0159ez\u00ed fenkou chodit? A co <a href=\"https:\/\/labvet.online\/nase-sluzby\/webinare-labvetu\/reprodukce-psu-porod-prednasi-mvdr-roman-kvapil\/\" target=\"_blank\" rel=\"noreferrer noopener\">porod<\/a>?\u201c<\/p>\n\n\n\n<p>Podobn\u00fdch ot\u00e1zek je cel\u00e1 \u0159ada. H\u00e1r\u00e1n\u00ed feny pak u majitel\u016f vyvol\u00e1v\u00e1 mnoho ot\u00e1zek. Kladou je sv\u00fdm veterin\u00e1\u0159\u016fm a ptaj\u00ed se zku\u0161en\u00fdch i r\u00e1doby zku\u0161en\u00fdch chovatel\u016f. Pokud se obr\u00e1t\u00edte na LABVET, r\u00e1di v\u00e1m porad\u00edme a pom\u016f\u017eeme. K dispozici je ale tak\u00e9 mo\u017enost z\u00edskat odpov\u011bdi na ot\u00e1zky a prohloubit svoje znalosti. <\/p>\n\n\n\n<hr class=\"wp-block-separator has-alpha-channel-opacity\"\/>\n\n\n\n<figure class=\"wp-block-image size-full\"><a href=\"https:\/\/labvet.vetbook.eu\/kalendar.php\" target=\"_blank\" rel=\"noreferrer noopener\"><img loading=\"lazy\" decoding=\"async\" width=\"900\" height=\"140\" src=\"https:\/\/labvet.cz\/blog\/wp-content\/uploads\/2023\/05\/Labvet-alergologie-220-800-465-27.jpg\" alt=\"\" class=\"wp-image-5061\" srcset=\"https:\/\/labvet.cz\/blog\/wp-content\/uploads\/2023\/05\/Labvet-alergologie-220-800-465-27.jpg 900w, https:\/\/labvet.cz\/blog\/wp-content\/uploads\/2023\/05\/Labvet-alergologie-220-800-465-27-300x47.jpg 300w, https:\/\/labvet.cz\/blog\/wp-content\/uploads\/2023\/05\/Labvet-alergologie-220-800-465-27-768x119.jpg 768w\" sizes=\"auto, (max-width: 767px) 89vw, (max-width: 1000px) 54vw, (max-width: 1071px) 543px, 580px\" \/><\/a><\/figure>\n\n\n\n<a href=\"https:\/\/www.firmy.cz\/detail\/13103986-veterinarni-laborator-labvet-cz-praha.html#hodnoceni\" target=\"_blank\" rel=\"noopener\"><img decoding=\"async\" src=\"https:\/\/www.firmy.cz\/img-stars\/light-13103986.svg\" alt=\"Veterin\u00e1rn\u00ed laborato\u0159 Labvet.cz na Firmy.cz\" \/><\/a>\n\n\n\n<figure class=\"wp-block-image size-full\"><a href=\"https:\/\/petshop.cymedica.cz\/labvet\/Shop?page=1&amp;q=12%20kg\" target=\"_blank\" rel=\"noreferrer noopener\"><img loading=\"lazy\" decoding=\"async\" width=\"960\" height=\"240\" src=\"https:\/\/labvet.cz\/blog\/wp-content\/uploads\/2024\/05\/SPECIFIC-CPD-M-Puppy-Medium-Breed.png\" alt=\"\" class=\"wp-image-6216\" srcset=\"https:\/\/labvet.cz\/blog\/wp-content\/uploads\/2024\/05\/SPECIFIC-CPD-M-Puppy-Medium-Breed.png 960w, https:\/\/labvet.cz\/blog\/wp-content\/uploads\/2024\/05\/SPECIFIC-CPD-M-Puppy-Medium-Breed-300x75.png 300w, https:\/\/labvet.cz\/blog\/wp-content\/uploads\/2024\/05\/SPECIFIC-CPD-M-Puppy-Medium-Breed-768x192.png 768w\" sizes=\"auto, (max-width: 767px) 89vw, (max-width: 1000px) 54vw, (max-width: 1071px) 543px, 580px\" \/><\/a><figcaption class=\"wp-element-caption\">V\u00fdhodn\u00e9 cenov\u00e9 akce pr\u00e9miov\u00e9ho krmiva pro dosp\u011bl\u00e9 psy i&nbsp;\u0161t\u011b\u0148ata zna\u010dky Specific\u2122. V akci najdete i veterin\u00e1rn\u00ed dietu s&nbsp;n\u00edzk\u00fd obsahem tuk\u016f a&nbsp;kalori\u00ed pro psy s&nbsp;nadv\u00e1hou.<\/figcaption><\/figure>\n","protected":false},"excerpt":{"rendered":"<p>Jak na to, aby kryt\u00ed feny vedlo k narozen\u00ed \u0161t\u011b\u0148\u00e1tek? Jak \u0159e\u0161it probl\u00e9my se zab\u0159ez\u00e1v\u00e1n\u00edm? Spolehliv\u00e9 informace od h\u00e1r\u00e1n\u00ed feny a\u017e po odchov \u0161t\u011b\u0148at.<\/p>\n","protected":false},"author":5,"featured_media":5084,"comment_status":"open","ping_status":"open","sticky":false,"template":"","format":"standard","meta":{"_seopress_robots_primary_cat":"10","_seopress_titles_title":"Je tady jaro, chovatel\u00e9 hledaj\u00ed \u201eh\u00e1r\u00e1n\u00ed feny\u201c | Labvet.cz","_seopress_titles_desc":"Jak na to, aby kryt\u00ed feny vedlo k narozen\u00ed \u0161t\u011b\u0148\u00e1tek? Jak \u0159e\u0161it probl\u00e9my se zab\u0159ez\u00e1v\u00e1n\u00edm? Spolehliv\u00e9 informace od h\u00e1r\u00e1n\u00ed feny a\u017e po odchov \u0161t\u011b\u0148at.","_seopress_robots_index":"","footnotes":""},"categories":[10],"tags":[250,37,26],"class_list":["post-4673","post","type-post","status-publish","format-standard","has-post-thumbnail","hentry","category-reprodukce-psu","tag-harani-feny","tag-kryti-feny","tag-vladimira-ticha"],"yoast_head":"<!-- This site is optimized with the Yoast SEO plugin v25.2 - https:\/\/yoast.com\/wordpress\/plugins\/seo\/ -->\n<title>Je tady jaro, chovatel\u00e9 hledaj\u00ed \u201eh\u00e1r\u00e1n\u00ed feny\u201c - Labvet blog<\/title>\n<meta name=\"robots\" content=\"index, follow, max-snippet:-1, max-image-preview:large, max-video-preview:-1\" \/>\n<link rel=\"canonical\" href=\"https:\/\/labvet.cz\/blog\/je-tady-jaro-chovatele-hledaji-harani-feny\/\" \/>\n<meta property=\"og:locale\" content=\"cs_CZ\" \/>\n<meta property=\"og:type\" content=\"article\" \/>\n<meta property=\"og:title\" content=\"Je tady jaro, chovatel\u00e9 hledaj\u00ed \u201eh\u00e1r\u00e1n\u00ed feny\u201c - Labvet blog\" \/>\n<meta property=\"og:description\" content=\"Jak na to, aby kryt\u00ed feny vedlo k narozen\u00ed \u0161t\u011b\u0148\u00e1tek? Jak \u0159e\u0161it probl\u00e9my se zab\u0159ez\u00e1v\u00e1n\u00edm? Spolehliv\u00e9 informace od h\u00e1r\u00e1n\u00ed feny a\u017e po odchov \u0161t\u011b\u0148at.\" \/>\n<meta property=\"og:url\" content=\"https:\/\/labvet.cz\/blog\/je-tady-jaro-chovatele-hledaji-harani-feny\/\" \/>\n<meta property=\"og:site_name\" content=\"Labvet blog\" \/>\n<meta property=\"article:publisher\" content=\"https:\/\/www.facebook.com\/Labvet.cz\" \/>\n<meta property=\"article:published_time\" content=\"2023-01-09T10:40:54+00:00\" \/>\n<meta property=\"article:modified_time\" content=\"2025-03-15T21:45:24+00:00\" \/>\n<meta property=\"og:image\" content=\"https:\/\/labvet.cz\/blog\/wp-content\/uploads\/2023\/01\/cestujeme-se-psem-e1685092590996.png\" \/>\n\t<meta property=\"og:image:width\" content=\"820\" \/>\n\t<meta property=\"og:image:height\" content=\"462\" \/>\n\t<meta property=\"og:image:type\" content=\"image\/png\" \/>\n<meta name=\"author\" content=\"Vladim\u00edra Tich\u00e1\" \/>\n<meta name=\"twitter:card\" content=\"summary_large_image\" \/>\n<meta name=\"twitter:label1\" content=\"Napsal(a)\" \/>\n\t<meta name=\"twitter:data1\" content=\"Vladim\u00edra Tich\u00e1\" \/>\n\t<meta name=\"twitter:label2\" content=\"Odhadovan\u00e1 doba \u010dten\u00ed\" \/>\n\t<meta name=\"twitter:data2\" content=\"5 minut\" \/>\n<script type=\"application\/ld+json\" class=\"yoast-schema-graph\">{\"@context\":\"https:\/\/schema.org\",\"@graph\":[{\"@type\":\"Article\",\"@id\":\"https:\/\/labvet.cz\/blog\/je-tady-jaro-chovatele-hledaji-harani-feny\/#article\",\"isPartOf\":{\"@id\":\"https:\/\/labvet.cz\/blog\/je-tady-jaro-chovatele-hledaji-harani-feny\/\"},\"author\":{\"name\":\"Vladim\u00edra Tich\u00e1\",\"@id\":\"https:\/\/labvet.cz\/blog\/#\/schema\/person\/bbad2f1a9452008dfc405633ccda24b2\"},\"headline\":\"Je tady jaro, chovatel\u00e9 hledaj\u00ed \u201eh\u00e1r\u00e1n\u00ed feny\u201c\",\"datePublished\":\"2023-01-09T10:40:54+00:00\",\"dateModified\":\"2025-03-15T21:45:24+00:00\",\"mainEntityOfPage\":{\"@id\":\"https:\/\/labvet.cz\/blog\/je-tady-jaro-chovatele-hledaji-harani-feny\/\"},\"wordCount\":912,\"commentCount\":0,\"publisher\":{\"@id\":\"https:\/\/labvet.cz\/blog\/#organization\"},\"image\":{\"@id\":\"https:\/\/labvet.cz\/blog\/je-tady-jaro-chovatele-hledaji-harani-feny\/#primaryimage\"},\"thumbnailUrl\":\"https:\/\/labvet.cz\/blog\/wp-content\/uploads\/2023\/01\/cestujeme-se-psem-e1685092590996.png\",\"keywords\":[\"h\u00e1r\u00e1n\u00ed feny\",\"kryt\u00ed feny\",\"Vladim\u00edra Tich\u00e1\"],\"articleSection\":[\"Reprodukce ps\u016f\"],\"inLanguage\":\"cs\",\"potentialAction\":[{\"@type\":\"CommentAction\",\"name\":\"Comment\",\"target\":[\"https:\/\/labvet.cz\/blog\/je-tady-jaro-chovatele-hledaji-harani-feny\/#respond\"]}]},{\"@type\":\"WebPage\",\"@id\":\"https:\/\/labvet.cz\/blog\/je-tady-jaro-chovatele-hledaji-harani-feny\/\",\"url\":\"https:\/\/labvet.cz\/blog\/je-tady-jaro-chovatele-hledaji-harani-feny\/\",\"name\":\"Je tady jaro, chovatel\u00e9 hledaj\u00ed \u201eh\u00e1r\u00e1n\u00ed feny\u201c - Labvet blog\",\"isPartOf\":{\"@id\":\"https:\/\/labvet.cz\/blog\/#website\"},\"primaryImageOfPage\":{\"@id\":\"https:\/\/labvet.cz\/blog\/je-tady-jaro-chovatele-hledaji-harani-feny\/#primaryimage\"},\"image\":{\"@id\":\"https:\/\/labvet.cz\/blog\/je-tady-jaro-chovatele-hledaji-harani-feny\/#primaryimage\"},\"thumbnailUrl\":\"https:\/\/labvet.cz\/blog\/wp-content\/uploads\/2023\/01\/cestujeme-se-psem-e1685092590996.png\",\"datePublished\":\"2023-01-09T10:40:54+00:00\",\"dateModified\":\"2025-03-15T21:45:24+00:00\",\"breadcrumb\":{\"@id\":\"https:\/\/labvet.cz\/blog\/je-tady-jaro-chovatele-hledaji-harani-feny\/#breadcrumb\"},\"inLanguage\":\"cs\",\"potentialAction\":[{\"@type\":\"ReadAction\",\"target\":[\"https:\/\/labvet.cz\/blog\/je-tady-jaro-chovatele-hledaji-harani-feny\/\"]}]},{\"@type\":\"ImageObject\",\"inLanguage\":\"cs\",\"@id\":\"https:\/\/labvet.cz\/blog\/je-tady-jaro-chovatele-hledaji-harani-feny\/#primaryimage\",\"url\":\"https:\/\/labvet.cz\/blog\/wp-content\/uploads\/2023\/01\/cestujeme-se-psem-e1685092590996.png\",\"contentUrl\":\"https:\/\/labvet.cz\/blog\/wp-content\/uploads\/2023\/01\/cestujeme-se-psem-e1685092590996.png\",\"width\":820,\"height\":462},{\"@type\":\"BreadcrumbList\",\"@id\":\"https:\/\/labvet.cz\/blog\/je-tady-jaro-chovatele-hledaji-harani-feny\/#breadcrumb\",\"itemListElement\":[{\"@type\":\"ListItem\",\"position\":1,\"name\":\"Dom\u016f\",\"item\":\"https:\/\/labvet.cz\/blog\/\"},{\"@type\":\"ListItem\",\"position\":2,\"name\":\"Je tady jaro, chovatel\u00e9 hledaj\u00ed \u201eh\u00e1r\u00e1n\u00ed feny\u201c\"}]},{\"@type\":\"WebSite\",\"@id\":\"https:\/\/labvet.cz\/blog\/#website\",\"url\":\"https:\/\/labvet.cz\/blog\/\",\"name\":\"Labvet blog\",\"description\":\"pro chovatele i veterin\u00e1rn\u00ed l\u00e9ka\u0159e\",\"publisher\":{\"@id\":\"https:\/\/labvet.cz\/blog\/#organization\"},\"potentialAction\":[{\"@type\":\"SearchAction\",\"target\":{\"@type\":\"EntryPoint\",\"urlTemplate\":\"https:\/\/labvet.cz\/blog\/?s={search_term_string}\"},\"query-input\":{\"@type\":\"PropertyValueSpecification\",\"valueRequired\":true,\"valueName\":\"search_term_string\"}}],\"inLanguage\":\"cs\"},{\"@type\":\"Organization\",\"@id\":\"https:\/\/labvet.cz\/blog\/#organization\",\"name\":\"Labvet.cz\",\"url\":\"https:\/\/labvet.cz\/blog\/\",\"logo\":{\"@type\":\"ImageObject\",\"inLanguage\":\"cs\",\"@id\":\"https:\/\/labvet.cz\/blog\/#\/schema\/logo\/image\/\",\"url\":\"https:\/\/labvet.cz\/blog\/wp-content\/uploads\/2023\/08\/cropped-Navrh-bez-nazvu.png\",\"contentUrl\":\"https:\/\/labvet.cz\/blog\/wp-content\/uploads\/2023\/08\/cropped-Navrh-bez-nazvu.png\",\"width\":300,\"height\":300,\"caption\":\"Labvet.cz\"},\"image\":{\"@id\":\"https:\/\/labvet.cz\/blog\/#\/schema\/logo\/image\/\"},\"sameAs\":[\"https:\/\/www.facebook.com\/Labvet.cz\",\"https:\/\/www.instagram.com\/labvet.cz\/\",\"https:\/\/www.linkedin.com\/showcase\/94138348\/admin\/dashboard\/\"]},{\"@type\":\"Person\",\"@id\":\"https:\/\/labvet.cz\/blog\/#\/schema\/person\/bbad2f1a9452008dfc405633ccda24b2\",\"name\":\"Vladim\u00edra Tich\u00e1\",\"image\":{\"@type\":\"ImageObject\",\"inLanguage\":\"cs\",\"@id\":\"https:\/\/labvet.cz\/blog\/#\/schema\/person\/image\/\",\"url\":\"https:\/\/secure.gravatar.com\/avatar\/006249f2c43485b8397ae08eea7ba7f3e6b682795e8e33ea4c7dcf34d196813e?s=96&d=mm&r=g\",\"contentUrl\":\"https:\/\/secure.gravatar.com\/avatar\/006249f2c43485b8397ae08eea7ba7f3e6b682795e8e33ea4c7dcf34d196813e?s=96&d=mm&r=g\",\"caption\":\"Vladim\u00edra Tich\u00e1\"},\"url\":\"https:\/\/labvet.cz\/blog\/author\/vladimira\/\"}]}<\/script>\n<!-- \/ Yoast SEO plugin. -->","yoast_head_json":{"title":"Je tady jaro, chovatel\u00e9 hledaj\u00ed \u201eh\u00e1r\u00e1n\u00ed feny\u201c - Labvet blog","robots":{"index":"index","follow":"follow","max-snippet":"max-snippet:-1","max-image-preview":"max-image-preview:large","max-video-preview":"max-video-preview:-1"},"canonical":"https:\/\/labvet.cz\/blog\/je-tady-jaro-chovatele-hledaji-harani-feny\/","og_locale":"cs_CZ","og_type":"article","og_title":"Je tady jaro, chovatel\u00e9 hledaj\u00ed \u201eh\u00e1r\u00e1n\u00ed feny\u201c - Labvet blog","og_description":"Jak na to, aby kryt\u00ed feny vedlo k narozen\u00ed \u0161t\u011b\u0148\u00e1tek? Jak \u0159e\u0161it probl\u00e9my se zab\u0159ez\u00e1v\u00e1n\u00edm? Spolehliv\u00e9 informace od h\u00e1r\u00e1n\u00ed feny a\u017e po odchov \u0161t\u011b\u0148at.","og_url":"https:\/\/labvet.cz\/blog\/je-tady-jaro-chovatele-hledaji-harani-feny\/","og_site_name":"Labvet blog","article_publisher":"https:\/\/www.facebook.com\/Labvet.cz","article_published_time":"2023-01-09T10:40:54+00:00","article_modified_time":"2025-03-15T21:45:24+00:00","og_image":[{"width":820,"height":462,"url":"https:\/\/labvet.cz\/blog\/wp-content\/uploads\/2023\/01\/cestujeme-se-psem-e1685092590996.png","type":"image\/png"}],"author":"Vladim\u00edra Tich\u00e1","twitter_card":"summary_large_image","twitter_misc":{"Napsal(a)":"Vladim\u00edra Tich\u00e1","Odhadovan\u00e1 doba \u010dten\u00ed":"5 minut"},"schema":{"@context":"https:\/\/schema.org","@graph":[{"@type":"Article","@id":"https:\/\/labvet.cz\/blog\/je-tady-jaro-chovatele-hledaji-harani-feny\/#article","isPartOf":{"@id":"https:\/\/labvet.cz\/blog\/je-tady-jaro-chovatele-hledaji-harani-feny\/"},"author":{"name":"Vladim\u00edra Tich\u00e1","@id":"https:\/\/labvet.cz\/blog\/#\/schema\/person\/bbad2f1a9452008dfc405633ccda24b2"},"headline":"Je tady jaro, chovatel\u00e9 hledaj\u00ed \u201eh\u00e1r\u00e1n\u00ed feny\u201c","datePublished":"2023-01-09T10:40:54+00:00","dateModified":"2025-03-15T21:45:24+00:00","mainEntityOfPage":{"@id":"https:\/\/labvet.cz\/blog\/je-tady-jaro-chovatele-hledaji-harani-feny\/"},"wordCount":912,"commentCount":0,"publisher":{"@id":"https:\/\/labvet.cz\/blog\/#organization"},"image":{"@id":"https:\/\/labvet.cz\/blog\/je-tady-jaro-chovatele-hledaji-harani-feny\/#primaryimage"},"thumbnailUrl":"https:\/\/labvet.cz\/blog\/wp-content\/uploads\/2023\/01\/cestujeme-se-psem-e1685092590996.png","keywords":["h\u00e1r\u00e1n\u00ed feny","kryt\u00ed feny","Vladim\u00edra Tich\u00e1"],"articleSection":["Reprodukce ps\u016f"],"inLanguage":"cs","potentialAction":[{"@type":"CommentAction","name":"Comment","target":["https:\/\/labvet.cz\/blog\/je-tady-jaro-chovatele-hledaji-harani-feny\/#respond"]}]},{"@type":"WebPage","@id":"https:\/\/labvet.cz\/blog\/je-tady-jaro-chovatele-hledaji-harani-feny\/","url":"https:\/\/labvet.cz\/blog\/je-tady-jaro-chovatele-hledaji-harani-feny\/","name":"Je tady jaro, chovatel\u00e9 hledaj\u00ed \u201eh\u00e1r\u00e1n\u00ed feny\u201c - Labvet blog","isPartOf":{"@id":"https:\/\/labvet.cz\/blog\/#website"},"primaryImageOfPage":{"@id":"https:\/\/labvet.cz\/blog\/je-tady-jaro-chovatele-hledaji-harani-feny\/#primaryimage"},"image":{"@id":"https:\/\/labvet.cz\/blog\/je-tady-jaro-chovatele-hledaji-harani-feny\/#primaryimage"},"thumbnailUrl":"https:\/\/labvet.cz\/blog\/wp-content\/uploads\/2023\/01\/cestujeme-se-psem-e1685092590996.png","datePublished":"2023-01-09T10:40:54+00:00","dateModified":"2025-03-15T21:45:24+00:00","breadcrumb":{"@id":"https:\/\/labvet.cz\/blog\/je-tady-jaro-chovatele-hledaji-harani-feny\/#breadcrumb"},"inLanguage":"cs","potentialAction":[{"@type":"ReadAction","target":["https:\/\/labvet.cz\/blog\/je-tady-jaro-chovatele-hledaji-harani-feny\/"]}]},{"@type":"ImageObject","inLanguage":"cs","@id":"https:\/\/labvet.cz\/blog\/je-tady-jaro-chovatele-hledaji-harani-feny\/#primaryimage","url":"https:\/\/labvet.cz\/blog\/wp-content\/uploads\/2023\/01\/cestujeme-se-psem-e1685092590996.png","contentUrl":"https:\/\/labvet.cz\/blog\/wp-content\/uploads\/2023\/01\/cestujeme-se-psem-e1685092590996.png","width":820,"height":462},{"@type":"BreadcrumbList","@id":"https:\/\/labvet.cz\/blog\/je-tady-jaro-chovatele-hledaji-harani-feny\/#breadcrumb","itemListElement":[{"@type":"ListItem","position":1,"name":"Dom\u016f","item":"https:\/\/labvet.cz\/blog\/"},{"@type":"ListItem","position":2,"name":"Je tady jaro, chovatel\u00e9 hledaj\u00ed \u201eh\u00e1r\u00e1n\u00ed feny\u201c"}]},{"@type":"WebSite","@id":"https:\/\/labvet.cz\/blog\/#website","url":"https:\/\/labvet.cz\/blog\/","name":"Labvet blog","description":"pro chovatele i veterin\u00e1rn\u00ed l\u00e9ka\u0159e","publisher":{"@id":"https:\/\/labvet.cz\/blog\/#organization"},"potentialAction":[{"@type":"SearchAction","target":{"@type":"EntryPoint","urlTemplate":"https:\/\/labvet.cz\/blog\/?s={search_term_string}"},"query-input":{"@type":"PropertyValueSpecification","valueRequired":true,"valueName":"search_term_string"}}],"inLanguage":"cs"},{"@type":"Organization","@id":"https:\/\/labvet.cz\/blog\/#organization","name":"Labvet.cz","url":"https:\/\/labvet.cz\/blog\/","logo":{"@type":"ImageObject","inLanguage":"cs","@id":"https:\/\/labvet.cz\/blog\/#\/schema\/logo\/image\/","url":"https:\/\/labvet.cz\/blog\/wp-content\/uploads\/2023\/08\/cropped-Navrh-bez-nazvu.png","contentUrl":"https:\/\/labvet.cz\/blog\/wp-content\/uploads\/2023\/08\/cropped-Navrh-bez-nazvu.png","width":300,"height":300,"caption":"Labvet.cz"},"image":{"@id":"https:\/\/labvet.cz\/blog\/#\/schema\/logo\/image\/"},"sameAs":["https:\/\/www.facebook.com\/Labvet.cz","https:\/\/www.instagram.com\/labvet.cz\/","https:\/\/www.linkedin.com\/showcase\/94138348\/admin\/dashboard\/"]},{"@type":"Person","@id":"https:\/\/labvet.cz\/blog\/#\/schema\/person\/bbad2f1a9452008dfc405633ccda24b2","name":"Vladim\u00edra Tich\u00e1","image":{"@type":"ImageObject","inLanguage":"cs","@id":"https:\/\/labvet.cz\/blog\/#\/schema\/person\/image\/","url":"https:\/\/secure.gravatar.com\/avatar\/006249f2c43485b8397ae08eea7ba7f3e6b682795e8e33ea4c7dcf34d196813e?s=96&d=mm&r=g","contentUrl":"https:\/\/secure.gravatar.com\/avatar\/006249f2c43485b8397ae08eea7ba7f3e6b682795e8e33ea4c7dcf34d196813e?s=96&d=mm&r=g","caption":"Vladim\u00edra Tich\u00e1"},"url":"https:\/\/labvet.cz\/blog\/author\/vladimira\/"}]}},"_links":{"self":[{"href":"https:\/\/labvet.cz\/blog\/wp-json\/wp\/v2\/posts\/4673","targetHints":{"allow":["GET"]}}],"collection":[{"href":"https:\/\/labvet.cz\/blog\/wp-json\/wp\/v2\/posts"}],"about":[{"href":"https:\/\/labvet.cz\/blog\/wp-json\/wp\/v2\/types\/post"}],"author":[{"embeddable":true,"href":"https:\/\/labvet.cz\/blog\/wp-json\/wp\/v2\/users\/5"}],"replies":[{"embeddable":true,"href":"https:\/\/labvet.cz\/blog\/wp-json\/wp\/v2\/comments?post=4673"}],"version-history":[{"count":23,"href":"https:\/\/labvet.cz\/blog\/wp-json\/wp\/v2\/posts\/4673\/revisions"}],"predecessor-version":[{"id":6524,"href":"https:\/\/labvet.cz\/blog\/wp-json\/wp\/v2\/posts\/4673\/revisions\/6524"}],"wp:featuredmedia":[{"embeddable":true,"href":"https:\/\/labvet.cz\/blog\/wp-json\/wp\/v2\/media\/5084"}],"wp:attachment":[{"href":"https:\/\/labvet.cz\/blog\/wp-json\/wp\/v2\/media?parent=4673"}],"wp:term":[{"taxonomy":"category","embeddable":true,"href":"https:\/\/labvet.cz\/blog\/wp-json\/wp\/v2\/categories?post=4673"},{"taxonomy":"post_tag","embeddable":true,"href":"https:\/\/labvet.cz\/blog\/wp-json\/wp\/v2\/tags?post=4673"}],"curies":[{"name":"wp","href":"https:\/\/api.w.org\/{rel}","templated":true}]}}