{"id":5316,"date":"2024-05-17T18:22:59","date_gmt":"2024-05-17T16:22:59","guid":{"rendered":"https:\/\/labvet.cz\/blog\/?p=5316"},"modified":"2025-03-17T13:21:00","modified_gmt":"2025-03-17T12:21:00","slug":"kdyz-se-rekne-zrale-stene","status":"publish","type":"post","link":"https:\/\/labvet.cz\/blog\/kdyz-se-rekne-zrale-stene\/","title":{"rendered":"Kdy\u017e se \u0159ekne: &#8222;zral\u00e9 \u0161t\u011bn\u011b&#8220;"},"content":{"rendered":"\n<h2 class=\"wp-block-heading\">Odb\u011br \u0161t\u011bn\u011bte<\/h2>\n\n\n\n<p>Hovo\u0159\u00ed-li se o tom, \u017ee je n\u011bco zral\u00e9, p\u0159edstavuje si v\u011bt\u0161ina z n\u00e1s jablko, hru\u0161ku, \u0161vestku, prost\u011b ovoce. Stejn\u00fd term\u00edn&nbsp;se ale pou\u017e\u00edv\u00e1 i ve vztahu ke ps\u016fm, p\u0159esn\u011bji \u0159e\u010deno ke \u0161t\u011b\u0148at\u016fm a k dob\u011b, kdy je lze odebrat od m\u00e1my feny.<\/p>\n\n\n\n<p>V&nbsp;souvislosti s p\u0159echodem \u0161t\u011bn\u011bte od chovatele k nov\u00e9mu majiteli se pou\u017e\u00edvaj\u00ed dva pojmy, kter\u00e9 b\u00fdvaj\u00ed \u010dasto zam\u011b\u0148ov\u00e1ny, a to odb\u011br a odstav. Pro up\u0159esn\u011bn\u00ed, odstavem se m\u00edn\u00ed definitivn\u00ed p\u0159echod z&nbsp;mate\u0159sk\u00e9ho ml\u00e9ka na <a href=\"https:\/\/petshop.cymedica.cz\/labvet\/Shop?q=specific+cpd\">norm\u00e1ln\u00ed stravu<\/a>, odb\u011br \u0161t\u011bn\u011bte je p\u0159echod od chovatele k&nbsp;nov\u00e9mu majiteli.<\/p>\n\n\n\n<figure class=\"wp-block-image size-large\"><a href=\"https:\/\/labvet.online\/nase-sluzby\/webinare-labvetu\/webinar-priciny-nezabrezavani\/\" target=\"_blank\" rel=\"noreferrer noopener\"><img loading=\"lazy\" decoding=\"async\" width=\"1024\" height=\"307\" src=\"https:\/\/labvet.cz\/blog\/wp-content\/uploads\/2023\/12\/Priciny-nezabrezavani-1024x307.jpg\" alt=\"\" class=\"wp-image-5810\" srcset=\"https:\/\/labvet.cz\/blog\/wp-content\/uploads\/2023\/12\/Priciny-nezabrezavani-1024x307.jpg 1024w, https:\/\/labvet.cz\/blog\/wp-content\/uploads\/2023\/12\/Priciny-nezabrezavani-300x90.jpg 300w, https:\/\/labvet.cz\/blog\/wp-content\/uploads\/2023\/12\/Priciny-nezabrezavani-768x230.jpg 768w, https:\/\/labvet.cz\/blog\/wp-content\/uploads\/2023\/12\/Priciny-nezabrezavani-1536x461.jpg 1536w, https:\/\/labvet.cz\/blog\/wp-content\/uploads\/2023\/12\/Priciny-nezabrezavani.jpg 2000w\" sizes=\"auto, (max-width: 767px) 89vw, (max-width: 1000px) 54vw, (max-width: 1071px) 543px, 580px\" \/><\/a><\/figure>\n\n\n\n<p>Je t\u0159eba p\u0159ipomenout, \u017ee p\u0159echod od chovatele k&nbsp;nov\u00e9mu majiteli je pro \u0161t\u011bn\u011b velmi n\u00e1ro\u010dn\u00fdm obdob\u00edm. Pokud nen\u00ed na zm\u011bnu p\u0159ipraveno a je odebr\u00e1no p\u0159\u00edli\u0161 brzy, m\u016f\u017ee doj\u00edt k&nbsp;\u0159ad\u011b nep\u0159\u00edjemn\u00fdch probl\u00e9m\u016f. Do t\u00e9to oblasti pat\u0159\u00ed:<\/p>\n\n\n\n<p>zpomalen\u00ed fyzick\u00e9ho v\u00fdvoje<\/p>\n\n\n\n<p>hor\u0161\u00ed obranyschopnost v\u016f\u010di infek\u010dn\u00edm onemocn\u011bn\u00edm<\/p>\n\n\n\n<p>hor\u0161\u00ed p\u0159\u00edjem potravy<\/p>\n\n\n\n<p>hor\u0161\u00ed odezva na p\u0159\u00edpadnou vakcinaci<\/p>\n\n\n\n<p>naru\u0161en\u00ed d\u016fle\u017eit\u00e9ho obdob\u00ed ran\u00e9 socializace a z&nbsp;n\u011bj vypl\u00fdvaj\u00edc\u00ed mo\u017en\u00e9 probl\u00e9my v&nbsp;budouc\u00edm chov\u00e1n\u00ed psa<\/p>\n\n\n\n<p>\u0161t\u011bn\u011b si obt\u00ed\u017en\u011b zvyk\u00e1 na nov\u00e9 prost\u0159ed\u00ed , teskn\u00ed po matce a sourozenc\u00edch a v\u00fdsledkem je hor\u0161\u00ed navazov\u00e1n\u00ed kontaktu s&nbsp;novou sme\u010dkou, kterou pro n\u011bj rodina nov\u00e9ho majitele p\u0159edstavuje<\/p>\n\n\n\n<ul class=\"wp-block-list\">\n<li><\/li>\n<\/ul>\n\n\n\n<p>Kynologick\u00e9 p\u0159edpisy se \u0159\u00edd\u00ed vyhl\u00e1\u0161kou dopl\u0148uj\u00edc\u00ed Z\u00e1kon na ochranu zv\u00ed\u0159at proti t\u00fdr\u00e1n\u00ed, kter\u00e1 \u0159\u00edk\u00e1, \u017ee minim\u00e1ln\u00ed v\u011bk pro odb\u011br \u0161t\u011bn\u011bte je 50 dn\u00ed. Pravidla se bohu\u017eel vztahuj\u00ed na organizovan\u00e9 chovatele a na chovatele, kte\u0159\u00ed maj\u00ed na chov ps\u016f \u017eivnostensk\u00fd list. V n\u00e1vrhu novely zm\u00edn\u011bn\u00e9ho z\u00e1kona do\u0161lo k \u00faprav\u011b a po\u017eadavky by tedy m\u011bly platit \u00fapln\u011b pro v\u0161echny.<\/p>\n\n\n\n<p>Chovatel\u00e9 se p\u0159i stanoven\u00ed term\u00ednu odb\u011bru \u0161t\u011b\u0148at \u0159\u00edd\u00ed chovatelsk\u00fdmi p\u0159edpisy, a tak\u00e9 mo\u017enostmi vlastn\u00edmi i mo\u017enostmi budouc\u00edch majitel\u016f. Trochu stranou n\u011bkdy z\u016fst\u00e1v\u00e1 \u0161t\u011bn\u011b samotn\u00e9 nebo sp\u00ed\u0161e jeho fyzick\u00e1 a psychick\u00e1 vysp\u011blost. Ta b\u00fdv\u00e1 ozna\u010dov\u00e1na jako \u201ezralost\u201c \u0161t\u011bn\u011bte a lze ji hodnotit podle deseti z\u00e1kladn\u00edch ukazatel\u016f.<\/p>\n\n\n\n<figure class=\"wp-block-image size-full\"><a href=\"https:\/\/petshop.cymedica.cz\/labvet\/Shop?q=puppy\" target=\"_blank\" rel=\"noreferrer noopener\"><img loading=\"lazy\" decoding=\"async\" width=\"960\" height=\"240\" src=\"https:\/\/labvet.cz\/blog\/wp-content\/uploads\/2024\/01\/SPECIFIC-CPD-M-Puppy-Medium-Breed.jpg\" alt=\"SPECIFIC CPD\" class=\"wp-image-5936\" srcset=\"https:\/\/labvet.cz\/blog\/wp-content\/uploads\/2024\/01\/SPECIFIC-CPD-M-Puppy-Medium-Breed.jpg 960w, https:\/\/labvet.cz\/blog\/wp-content\/uploads\/2024\/01\/SPECIFIC-CPD-M-Puppy-Medium-Breed-300x75.jpg 300w, https:\/\/labvet.cz\/blog\/wp-content\/uploads\/2024\/01\/SPECIFIC-CPD-M-Puppy-Medium-Breed-768x192.jpg 768w\" sizes=\"auto, (max-width: 767px) 89vw, (max-width: 1000px) 54vw, (max-width: 1071px) 543px, 580px\" \/><\/a><figcaption class=\"wp-element-caption\">Toto krmivo je velmi vhodn\u00e9 pro \u0161t\u011b\u0148ata st\u0159edn\u00edch plemen. SPECIFIC\u2122 CPD-M Puppy Medium Breed je mo\u017en\u00e9 pod\u00e1vat od doby odstavu (5.-6. t\u00fdden \u017eivota) do dosa\u017een\u00ed 80 % t\u011blesn\u00e9 hmotnosti dosp\u011bl\u00e9ho jedince. \nB\u011bhem b\u0159ezosti a kojen\u00ed se u fen zvy\u0161uj\u00ed energetick\u00e9 a \u017eivinov\u00e9 po\u017eadavky. SPECIFIC\u2122 CPD-M Puppy Medium Breed vhodn\u00fdm krmivem i pro b\u0159ez\u00ed a koj\u00edc\u00ed feny v\u0161ech plemen. <\/figcaption><\/figure>\n\n\n\n<h3 class=\"wp-block-heading\"><strong>Zral\u00e9 \u0161t\u011bn\u011b<\/strong><\/h3>\n\n\n\n<ul class=\"wp-block-list\">\n<li>je po fyzick\u00e9 a psychick\u00e9 str\u00e1nce \u00fam\u011brn\u011b vyvinut\u00e9<\/li>\n\n\n\n<li>je zdrav\u00e9<\/li>\n\n\n\n<li>dob\u0159e se pohybuje, mimo kroku vyu\u017e\u00edv\u00e1 klus i cval<\/li>\n\n\n\n<li>hlavu dr\u017e\u00ed pevn\u011b a oc\u00e1skem (m\u00e1-li ho) dok\u00e1\u017ee vyjad\u0159ovat sv\u00e9 pocity ani\u017e by do\u0161lo k naru\u0161en\u00ed rovnov\u00e1hy<\/li>\n\n\n\n<li>pro\u0159ez\u00e1ny jsou \u0161pi\u010d\u00e1ky i \u0159ez\u00e1ky<\/li>\n\n\n\n<li>je odstaven\u00e9 od feny a dob\u0159e p\u0159ij\u00edm\u00e1 i kusovou potravu<\/li>\n\n\n\n<li>s matkou fenou si hraje, ale nen\u00ed na ni zcela z\u00e1visl\u00e9<\/li>\n\n\n\n<li>je zv\u00eddav\u00e9, v kontaktu s nezn\u00e1m\u00fdmi v\u011bcmi opatrn\u00e9, nikoliv v\u0161ak b\u00e1zliv\u00e9<\/li>\n\n\n\n<li>vyhled\u00e1v\u00e1 spole\u010dnost \u010dlov\u011bka a reaguje na lidskou \u0159e\u010d<\/li>\n\n\n\n<li>bylo podle doporu\u010den\u00ed o\u0161et\u0159uj\u00edc\u00edho veterin\u00e1\u0159e od\u010derven\u00e9 a o\u010dkovan\u00e9<\/li>\n<\/ul>\n\n\n\n<p><strong>Faktory ovliv\u0148uj\u00edc\u00ed \u201ezralost\u201c \u2013 vysp\u011blost \u0161t\u011bn\u011bte<\/strong><\/p>\n\n\n\n<ul class=\"wp-block-list\">\n<li>v\u011bk \u0161t\u011bn\u011bte \u2013 v\u011bt\u0161ina \u0161t\u011b\u0148at popsan\u00e9 zralosti opravdu dosahuje ve v\u011bku okolo 7-8 t\u00fddn\u016f<\/li>\n\n\n\n<li>pr\u016fb\u011bh b\u0159ezosti, porodu a n\u00e1sledn\u00e9ho v\u00fdvoje \u0161t\u011b\u0148at \u2013 zvl\u00e1\u0161t\u011b zdravotn\u00ed probl\u00e9my maj\u00ed v&nbsp;t\u00e9to oblasti zna\u010dn\u00fd dopad<\/li>\n\n\n\n<li>plemenn\u00e1 p\u0159\u00edslu\u0161nost &#8211; \u0161t\u011b\u0148ata \u010deskoslovensk\u00fdch vl\u010d\u00e1k\u016f jsou zral\u00e1 ve v\u011bku okolo p\u011bti t\u00fddn\u016f, mal\u00e1 plemena typu bolo\u0148sk\u00fd ps\u00edk o \u010dty\u0159i a\u017e p\u011bt t\u00fddn\u016f pozd\u011bji<\/li>\n\n\n\n<li>po\u010det \u0161t\u011b\u0148at ve vrhu \u2013 \u0161t\u011b\u0148ata z&nbsp;v\u00edce\u010detn\u00e9ho vrhu b\u00fdvaj\u00ed rychleji samostatn\u00e1, ne\u017e jedin\u00e1\u010dci<\/li>\n\n\n\n<li>term\u00edn vrhu \u2013 \u0161t\u011b\u0148ata z&nbsp;jarn\u00edch vrh\u016f vysp\u00edvaj\u00ed rychleji ne\u017e nap\u0159. \u0161t\u011b\u0148ata z&nbsp;vrh\u016f podzimn\u00edch<\/li>\n\n\n\n<li>p\u00e9\u010de chovatele. Nap\u0159. kusovou potravu asi bude l\u00e9pe p\u0159ij\u00edmat \u0161t\u011bn\u011b, kter\u00e9 s n\u00ed p\u0159i\u0161lo do styku ne\u017e pejsek, kter\u00e9mu byly, mimo mate\u0159sk\u00e9ho ml\u00e9ka p\u0159edkl\u00e1d\u00e1ny jen ka\u0161e,pohybovat se cvalem asi nedok\u00e1\u017ee \u0161t\u011bn\u011b z vrhu, kter\u00fd byl po celou dobu sv\u00e9ho \u017eivota um\u00edst\u011bn v mal\u00e9 p\u0159enosce a p\u0159\u00e1telsky reagovat na lidskou p\u0159\u00edtomnost nebude \u0161t\u011bn\u011b, kter\u00e9 chovatele vid\u00ed s&nbsp;b\u00eddou jednou denn\u011b<\/li>\n<\/ul>\n\n\n\n<p>Jak bylo v\u00fd\u0161e uvedeno, stanovuj\u00ed obecn\u011b platn\u00e9 p\u0159edpisy minim\u00e1ln\u00ed v\u011bk pro odb\u011br \u0161t\u011b\u0148at. Faktem je, \u017ee \u0159ada chovatelsk\u00fdch klub\u016f si stanoven\u00fd term\u00edn podle pot\u0159eb sv\u00e9ho plemene prodlu\u017euje. P\u0159esto je t\u0159eba chovatele upozor\u0148ovat na nutnost individu\u00e1ln\u00edho p\u0159\u00edstupu. Vhodn\u011b zvolen\u00fd a ze zralosti \u0161t\u011bn\u011bte vypl\u00fdvaj\u00edc\u00ed term\u00edn odb\u011bru m\u00e1 \u0159adu v\u00fdhod.<\/p>\n\n\n\n<figure class=\"wp-block-image size-large\"><a href=\"https:\/\/labvet.online\/nase-sluzby\/ke-stazeni\/10-otazek\/\" target=\"_blank\" rel=\"noreferrer noopener\"><img loading=\"lazy\" decoding=\"async\" width=\"1024\" height=\"307\" src=\"https:\/\/labvet.cz\/blog\/wp-content\/uploads\/2023\/09\/BANNERY-E-book-1024x307.png\" alt=\"\" class=\"wp-image-5675\" srcset=\"https:\/\/labvet.cz\/blog\/wp-content\/uploads\/2023\/09\/BANNERY-E-book-1024x307.png 1024w, https:\/\/labvet.cz\/blog\/wp-content\/uploads\/2023\/09\/BANNERY-E-book-300x90.png 300w, https:\/\/labvet.cz\/blog\/wp-content\/uploads\/2023\/09\/BANNERY-E-book-768x230.png 768w, https:\/\/labvet.cz\/blog\/wp-content\/uploads\/2023\/09\/BANNERY-E-book-1536x461.png 1536w, https:\/\/labvet.cz\/blog\/wp-content\/uploads\/2023\/09\/BANNERY-E-book.png 2000w\" sizes=\"auto, (max-width: 767px) 89vw, (max-width: 1000px) 54vw, (max-width: 1071px) 543px, 580px\" \/><\/a><\/figure>\n\n\n\n<p>Chovatel nemus\u00ed m\u00edt obavy z&nbsp;pot\u00ed\u017e\u00ed vypl\u00fdvaj\u00edc\u00edch z&nbsp;prodan\u00e9ho a n\u00e1sledn\u011b z&nbsp;hlediska zdravotn\u00edho problematick\u00e9ho \u0161t\u011bn\u011bte. Nov\u00fd majitel si bere psa, kter\u00fd dob\u0159e p\u0159ij\u00edm\u00e1 potravu i nov\u00e9 informace, a kter\u00fd mu neznep\u0159\u00edjemn\u00ed prvn\u00ed spole\u010dn\u011b str\u00e1ven\u00e9 noci n\u00e1\u0159kem po fen\u011b matce a sourozenc\u00edch.<\/p>\n\n\n\n<p>\u0160t\u011bn\u011b samotn\u00e9 je dob\u0159e p\u0159ipraveno sn\u00e1\u0161et stres, kter\u00fd p\u0159echod od chovatele k&nbsp;nov\u00e9mu majiteli p\u0159edstavuje a jeho \u201epohoda\u201c je v&nbsp;r\u00e1mci mo\u017enost\u00ed zaji\u0161t\u011bna. \u010cek\u00e1 ho ale cel\u00e1 \u0159ada preventivn\u00edch opat\u0159en\u00ed. Rozumn\u00fd majitel se sv\u00fdm nov\u00fdm \u010dty\u0159noh\u00fdm p\u0159\u00edtelem vyhled\u00e1 veterin\u00e1\u0159e a porad\u00ed se nap\u0159. kdy p\u0159ij\u00edt na o\u010dkov\u00e1n\u00ed, kdy a \u010d\u00edm \u0161t\u011bn\u011b od\u010dervit, pokud nen\u00ed identifika\u010dn\u011b ozna\u010deno, tak kdy ho o\u010dipovat.<\/p>\n\n\n\n<p>Veterin\u00e1\u0159 p\u0159i prvn\u00ed n\u00e1v\u0161t\u011bv\u011b psa prohl\u00e9dne a eventu\u00e1ln\u011b doporu\u010d\u00ed \u010d\u00edm a jak \u010dasto jej krmit a jak s n\u00edm zach\u00e1zet. Vzhledem k tomu, \u017ee by se takov\u00e1 prvn\u00ed n\u00e1v\u0161t\u011bva hned po odb\u011bru \u0161t\u011bn\u011bte nem\u011bla spojovat s o\u010dkov\u00e1n\u00edm, proto\u017ee se \u0161t\u011bn\u011b pot\u0159ebuje u nov\u00e9ho majitele aklimatizovat, m\u00e1 i v\u00fdznam socializa\u010dn\u00ed. \u0160t\u011bn\u011b se sezn\u00e1m\u00ed s nov\u00fdm prost\u0159ed\u00edm, nov\u00fdmi pachy a nov\u00fdmi lidmi a v praxi to znamen\u00e1, \u017ee se v budoucnu nemus\u00ed veterin\u00e1rn\u00edho pracovi\u0161t\u011b b\u00e1t.<\/p>\n\n\n\n<figure class=\"wp-block-image size-full\"><a href=\"https:\/\/labvet.vetbook.eu\/kalendar.php\" target=\"_blank\" rel=\"noreferrer noopener\"><img loading=\"lazy\" decoding=\"async\" width=\"900\" height=\"140\" src=\"https:\/\/labvet.cz\/blog\/wp-content\/uploads\/2023\/05\/Labvet-alergologie-220-800-465-27.jpg\" alt=\"\" class=\"wp-image-5061\" srcset=\"https:\/\/labvet.cz\/blog\/wp-content\/uploads\/2023\/05\/Labvet-alergologie-220-800-465-27.jpg 900w, https:\/\/labvet.cz\/blog\/wp-content\/uploads\/2023\/05\/Labvet-alergologie-220-800-465-27-300x47.jpg 300w, https:\/\/labvet.cz\/blog\/wp-content\/uploads\/2023\/05\/Labvet-alergologie-220-800-465-27-768x119.jpg 768w\" sizes=\"auto, (max-width: 767px) 89vw, (max-width: 1000px) 54vw, (max-width: 1071px) 543px, 580px\" \/><\/a><\/figure>\n\n\n\n<p><\/p>\n\n\n\n<figure class=\"wp-block-image size-full\"><a href=\"https:\/\/petshop.cymedica.cz\/labvet\/Shop?page=1&amp;q=12%20kg\" target=\"_blank\" rel=\"noreferrer noopener\"><img loading=\"lazy\" decoding=\"async\" width=\"960\" height=\"240\" src=\"https:\/\/labvet.cz\/blog\/wp-content\/uploads\/2024\/05\/SPECIFIC-CPD-M-Puppy-Medium-Breed.png\" alt=\"\" class=\"wp-image-6216\" srcset=\"https:\/\/labvet.cz\/blog\/wp-content\/uploads\/2024\/05\/SPECIFIC-CPD-M-Puppy-Medium-Breed.png 960w, https:\/\/labvet.cz\/blog\/wp-content\/uploads\/2024\/05\/SPECIFIC-CPD-M-Puppy-Medium-Breed-300x75.png 300w, https:\/\/labvet.cz\/blog\/wp-content\/uploads\/2024\/05\/SPECIFIC-CPD-M-Puppy-Medium-Breed-768x192.png 768w\" sizes=\"auto, (max-width: 767px) 89vw, (max-width: 1000px) 54vw, (max-width: 1071px) 543px, 580px\" \/><\/a><\/figure>\n","protected":false},"excerpt":{"rendered":"<p>Odb\u011br \u0161t\u011bn\u011bte Hovo\u0159\u00ed-li se o tom, \u017ee je n\u011bco zral\u00e9, p\u0159edstavuje si v\u011bt\u0161ina z n\u00e1s jablko, hru\u0161ku, \u0161vestku, prost\u011b ovoce. Stejn\u00fd term\u00edn&nbsp;se ale pou\u017e\u00edv\u00e1 i ve vztahu ke ps\u016fm, p\u0159esn\u011bji \u0159e\u010deno ke \u0161t\u011b\u0148at\u016fm a k dob\u011b, kdy je lze odebrat od m\u00e1my feny. V&nbsp;souvislosti s p\u0159echodem \u0161t\u011bn\u011bte od chovatele k nov\u00e9mu majiteli se pou\u017e\u00edvaj\u00ed dva &hellip; <\/p>\n<p class=\"link-more\"><a href=\"https:\/\/labvet.cz\/blog\/kdyz-se-rekne-zrale-stene\/\" class=\"more-link\">Pokra\u010dovat ve \u010dten\u00ed<span class=\"screen-reader-text\"> &#8222;Kdy\u017e se \u0159ekne: &#8222;zral\u00e9 \u0161t\u011bn\u011b&#8220;&#8220;<\/span><\/a><\/p>\n","protected":false},"author":5,"featured_media":5815,"comment_status":"open","ping_status":"open","sticky":false,"template":"","format":"standard","meta":{"_seopress_robots_primary_cat":"none","_seopress_titles_title":"Kdy\u017e se \u0159ekne: &quot;zral\u00e9 \u0161t\u011bn\u011b&quot; | Labvet","_seopress_titles_desc":"","_seopress_robots_index":"","footnotes":""},"categories":[10,110],"tags":[],"class_list":["post-5316","post","type-post","status-publish","format-standard","has-post-thumbnail","hentry","category-reprodukce-psu","category-stene"],"yoast_head":"<!-- This site is optimized with the Yoast SEO plugin v25.2 - https:\/\/yoast.com\/wordpress\/plugins\/seo\/ -->\n<title>Kdy\u017e se \u0159ekne: &quot;zral\u00e9 \u0161t\u011bn\u011b&quot; - Labvet blog<\/title>\n<meta name=\"robots\" content=\"index, follow, max-snippet:-1, max-image-preview:large, max-video-preview:-1\" \/>\n<link rel=\"canonical\" href=\"https:\/\/labvet.cz\/blog\/kdyz-se-rekne-zrale-stene\/\" \/>\n<meta property=\"og:locale\" content=\"cs_CZ\" \/>\n<meta property=\"og:type\" content=\"article\" \/>\n<meta property=\"og:title\" content=\"Kdy\u017e se \u0159ekne: &quot;zral\u00e9 \u0161t\u011bn\u011b&quot; - Labvet blog\" \/>\n<meta property=\"og:description\" content=\"Odb\u011br \u0161t\u011bn\u011bte Hovo\u0159\u00ed-li se o tom, \u017ee je n\u011bco zral\u00e9, p\u0159edstavuje si v\u011bt\u0161ina z n\u00e1s jablko, hru\u0161ku, \u0161vestku, prost\u011b ovoce. Stejn\u00fd term\u00edn&nbsp;se ale pou\u017e\u00edv\u00e1 i ve vztahu ke ps\u016fm, p\u0159esn\u011bji \u0159e\u010deno ke \u0161t\u011b\u0148at\u016fm a k dob\u011b, kdy je lze odebrat od m\u00e1my feny. V&nbsp;souvislosti s p\u0159echodem \u0161t\u011bn\u011bte od chovatele k nov\u00e9mu majiteli se pou\u017e\u00edvaj\u00ed dva &hellip; Pokra\u010dovat ve \u010dten\u00ed &quot;Kdy\u017e se \u0159ekne: &#8222;zral\u00e9 \u0161t\u011bn\u011b&#8220;&quot;\" \/>\n<meta property=\"og:url\" content=\"https:\/\/labvet.cz\/blog\/kdyz-se-rekne-zrale-stene\/\" \/>\n<meta property=\"og:site_name\" content=\"Labvet blog\" \/>\n<meta property=\"article:publisher\" content=\"https:\/\/www.facebook.com\/Labvet.cz\" \/>\n<meta property=\"article:published_time\" content=\"2024-05-17T16:22:59+00:00\" \/>\n<meta property=\"article:modified_time\" content=\"2025-03-17T12:21:00+00:00\" \/>\n<meta property=\"og:image\" content=\"https:\/\/labvet.cz\/blog\/wp-content\/uploads\/2023\/06\/zrale-stene.jpg\" \/>\n\t<meta property=\"og:image:width\" content=\"820\" \/>\n\t<meta property=\"og:image:height\" content=\"462\" \/>\n\t<meta property=\"og:image:type\" content=\"image\/jpeg\" \/>\n<meta name=\"author\" content=\"Vladim\u00edra Tich\u00e1\" \/>\n<meta name=\"twitter:card\" content=\"summary_large_image\" \/>\n<meta name=\"twitter:label1\" content=\"Napsal(a)\" \/>\n\t<meta name=\"twitter:data1\" content=\"Vladim\u00edra Tich\u00e1\" \/>\n\t<meta name=\"twitter:label2\" content=\"Odhadovan\u00e1 doba \u010dten\u00ed\" \/>\n\t<meta name=\"twitter:data2\" content=\"6 minut\" \/>\n<script type=\"application\/ld+json\" class=\"yoast-schema-graph\">{\"@context\":\"https:\/\/schema.org\",\"@graph\":[{\"@type\":\"Article\",\"@id\":\"https:\/\/labvet.cz\/blog\/kdyz-se-rekne-zrale-stene\/#article\",\"isPartOf\":{\"@id\":\"https:\/\/labvet.cz\/blog\/kdyz-se-rekne-zrale-stene\/\"},\"author\":{\"name\":\"Vladim\u00edra Tich\u00e1\",\"@id\":\"https:\/\/labvet.cz\/blog\/#\/schema\/person\/bbad2f1a9452008dfc405633ccda24b2\"},\"headline\":\"Kdy\u017e se \u0159ekne: &#8222;zral\u00e9 \u0161t\u011bn\u011b&#8220;\",\"datePublished\":\"2024-05-17T16:22:59+00:00\",\"dateModified\":\"2025-03-17T12:21:00+00:00\",\"mainEntityOfPage\":{\"@id\":\"https:\/\/labvet.cz\/blog\/kdyz-se-rekne-zrale-stene\/\"},\"wordCount\":1198,\"commentCount\":0,\"publisher\":{\"@id\":\"https:\/\/labvet.cz\/blog\/#organization\"},\"image\":{\"@id\":\"https:\/\/labvet.cz\/blog\/kdyz-se-rekne-zrale-stene\/#primaryimage\"},\"thumbnailUrl\":\"https:\/\/labvet.cz\/blog\/wp-content\/uploads\/2023\/06\/zrale-stene.jpg\",\"articleSection\":[\"Reprodukce ps\u016f\",\"\u0160\u0165\u011bn\u011b\"],\"inLanguage\":\"cs\",\"potentialAction\":[{\"@type\":\"CommentAction\",\"name\":\"Comment\",\"target\":[\"https:\/\/labvet.cz\/blog\/kdyz-se-rekne-zrale-stene\/#respond\"]}]},{\"@type\":\"WebPage\",\"@id\":\"https:\/\/labvet.cz\/blog\/kdyz-se-rekne-zrale-stene\/\",\"url\":\"https:\/\/labvet.cz\/blog\/kdyz-se-rekne-zrale-stene\/\",\"name\":\"Kdy\u017e se \u0159ekne: \\\"zral\u00e9 \u0161t\u011bn\u011b\\\" - Labvet blog\",\"isPartOf\":{\"@id\":\"https:\/\/labvet.cz\/blog\/#website\"},\"primaryImageOfPage\":{\"@id\":\"https:\/\/labvet.cz\/blog\/kdyz-se-rekne-zrale-stene\/#primaryimage\"},\"image\":{\"@id\":\"https:\/\/labvet.cz\/blog\/kdyz-se-rekne-zrale-stene\/#primaryimage\"},\"thumbnailUrl\":\"https:\/\/labvet.cz\/blog\/wp-content\/uploads\/2023\/06\/zrale-stene.jpg\",\"datePublished\":\"2024-05-17T16:22:59+00:00\",\"dateModified\":\"2025-03-17T12:21:00+00:00\",\"breadcrumb\":{\"@id\":\"https:\/\/labvet.cz\/blog\/kdyz-se-rekne-zrale-stene\/#breadcrumb\"},\"inLanguage\":\"cs\",\"potentialAction\":[{\"@type\":\"ReadAction\",\"target\":[\"https:\/\/labvet.cz\/blog\/kdyz-se-rekne-zrale-stene\/\"]}]},{\"@type\":\"ImageObject\",\"inLanguage\":\"cs\",\"@id\":\"https:\/\/labvet.cz\/blog\/kdyz-se-rekne-zrale-stene\/#primaryimage\",\"url\":\"https:\/\/labvet.cz\/blog\/wp-content\/uploads\/2023\/06\/zrale-stene.jpg\",\"contentUrl\":\"https:\/\/labvet.cz\/blog\/wp-content\/uploads\/2023\/06\/zrale-stene.jpg\",\"width\":820,\"height\":462},{\"@type\":\"BreadcrumbList\",\"@id\":\"https:\/\/labvet.cz\/blog\/kdyz-se-rekne-zrale-stene\/#breadcrumb\",\"itemListElement\":[{\"@type\":\"ListItem\",\"position\":1,\"name\":\"Dom\u016f\",\"item\":\"https:\/\/labvet.cz\/blog\/\"},{\"@type\":\"ListItem\",\"position\":2,\"name\":\"Kdy\u017e se \u0159ekne: &#8222;zral\u00e9 \u0161t\u011bn\u011b&#8220;\"}]},{\"@type\":\"WebSite\",\"@id\":\"https:\/\/labvet.cz\/blog\/#website\",\"url\":\"https:\/\/labvet.cz\/blog\/\",\"name\":\"Labvet blog\",\"description\":\"pro chovatele i veterin\u00e1rn\u00ed l\u00e9ka\u0159e\",\"publisher\":{\"@id\":\"https:\/\/labvet.cz\/blog\/#organization\"},\"potentialAction\":[{\"@type\":\"SearchAction\",\"target\":{\"@type\":\"EntryPoint\",\"urlTemplate\":\"https:\/\/labvet.cz\/blog\/?s={search_term_string}\"},\"query-input\":{\"@type\":\"PropertyValueSpecification\",\"valueRequired\":true,\"valueName\":\"search_term_string\"}}],\"inLanguage\":\"cs\"},{\"@type\":\"Organization\",\"@id\":\"https:\/\/labvet.cz\/blog\/#organization\",\"name\":\"Labvet.cz\",\"url\":\"https:\/\/labvet.cz\/blog\/\",\"logo\":{\"@type\":\"ImageObject\",\"inLanguage\":\"cs\",\"@id\":\"https:\/\/labvet.cz\/blog\/#\/schema\/logo\/image\/\",\"url\":\"https:\/\/labvet.cz\/blog\/wp-content\/uploads\/2023\/08\/cropped-Navrh-bez-nazvu.png\",\"contentUrl\":\"https:\/\/labvet.cz\/blog\/wp-content\/uploads\/2023\/08\/cropped-Navrh-bez-nazvu.png\",\"width\":300,\"height\":300,\"caption\":\"Labvet.cz\"},\"image\":{\"@id\":\"https:\/\/labvet.cz\/blog\/#\/schema\/logo\/image\/\"},\"sameAs\":[\"https:\/\/www.facebook.com\/Labvet.cz\",\"https:\/\/www.instagram.com\/labvet.cz\/\",\"https:\/\/www.linkedin.com\/showcase\/94138348\/admin\/dashboard\/\"]},{\"@type\":\"Person\",\"@id\":\"https:\/\/labvet.cz\/blog\/#\/schema\/person\/bbad2f1a9452008dfc405633ccda24b2\",\"name\":\"Vladim\u00edra Tich\u00e1\",\"image\":{\"@type\":\"ImageObject\",\"inLanguage\":\"cs\",\"@id\":\"https:\/\/labvet.cz\/blog\/#\/schema\/person\/image\/\",\"url\":\"https:\/\/secure.gravatar.com\/avatar\/006249f2c43485b8397ae08eea7ba7f3e6b682795e8e33ea4c7dcf34d196813e?s=96&d=mm&r=g\",\"contentUrl\":\"https:\/\/secure.gravatar.com\/avatar\/006249f2c43485b8397ae08eea7ba7f3e6b682795e8e33ea4c7dcf34d196813e?s=96&d=mm&r=g\",\"caption\":\"Vladim\u00edra Tich\u00e1\"},\"url\":\"https:\/\/labvet.cz\/blog\/author\/vladimira\/\"}]}<\/script>\n<!-- \/ Yoast SEO plugin. -->","yoast_head_json":{"title":"Kdy\u017e se \u0159ekne: \"zral\u00e9 \u0161t\u011bn\u011b\" - Labvet blog","robots":{"index":"index","follow":"follow","max-snippet":"max-snippet:-1","max-image-preview":"max-image-preview:large","max-video-preview":"max-video-preview:-1"},"canonical":"https:\/\/labvet.cz\/blog\/kdyz-se-rekne-zrale-stene\/","og_locale":"cs_CZ","og_type":"article","og_title":"Kdy\u017e se \u0159ekne: \"zral\u00e9 \u0161t\u011bn\u011b\" - Labvet blog","og_description":"Odb\u011br \u0161t\u011bn\u011bte Hovo\u0159\u00ed-li se o tom, \u017ee je n\u011bco zral\u00e9, p\u0159edstavuje si v\u011bt\u0161ina z n\u00e1s jablko, hru\u0161ku, \u0161vestku, prost\u011b ovoce. Stejn\u00fd term\u00edn&nbsp;se ale pou\u017e\u00edv\u00e1 i ve vztahu ke ps\u016fm, p\u0159esn\u011bji \u0159e\u010deno ke \u0161t\u011b\u0148at\u016fm a k dob\u011b, kdy je lze odebrat od m\u00e1my feny. V&nbsp;souvislosti s p\u0159echodem \u0161t\u011bn\u011bte od chovatele k nov\u00e9mu majiteli se pou\u017e\u00edvaj\u00ed dva &hellip; Pokra\u010dovat ve \u010dten\u00ed \"Kdy\u017e se \u0159ekne: &#8222;zral\u00e9 \u0161t\u011bn\u011b&#8220;\"","og_url":"https:\/\/labvet.cz\/blog\/kdyz-se-rekne-zrale-stene\/","og_site_name":"Labvet blog","article_publisher":"https:\/\/www.facebook.com\/Labvet.cz","article_published_time":"2024-05-17T16:22:59+00:00","article_modified_time":"2025-03-17T12:21:00+00:00","og_image":[{"width":820,"height":462,"url":"https:\/\/labvet.cz\/blog\/wp-content\/uploads\/2023\/06\/zrale-stene.jpg","type":"image\/jpeg"}],"author":"Vladim\u00edra Tich\u00e1","twitter_card":"summary_large_image","twitter_misc":{"Napsal(a)":"Vladim\u00edra Tich\u00e1","Odhadovan\u00e1 doba \u010dten\u00ed":"6 minut"},"schema":{"@context":"https:\/\/schema.org","@graph":[{"@type":"Article","@id":"https:\/\/labvet.cz\/blog\/kdyz-se-rekne-zrale-stene\/#article","isPartOf":{"@id":"https:\/\/labvet.cz\/blog\/kdyz-se-rekne-zrale-stene\/"},"author":{"name":"Vladim\u00edra Tich\u00e1","@id":"https:\/\/labvet.cz\/blog\/#\/schema\/person\/bbad2f1a9452008dfc405633ccda24b2"},"headline":"Kdy\u017e se \u0159ekne: &#8222;zral\u00e9 \u0161t\u011bn\u011b&#8220;","datePublished":"2024-05-17T16:22:59+00:00","dateModified":"2025-03-17T12:21:00+00:00","mainEntityOfPage":{"@id":"https:\/\/labvet.cz\/blog\/kdyz-se-rekne-zrale-stene\/"},"wordCount":1198,"commentCount":0,"publisher":{"@id":"https:\/\/labvet.cz\/blog\/#organization"},"image":{"@id":"https:\/\/labvet.cz\/blog\/kdyz-se-rekne-zrale-stene\/#primaryimage"},"thumbnailUrl":"https:\/\/labvet.cz\/blog\/wp-content\/uploads\/2023\/06\/zrale-stene.jpg","articleSection":["Reprodukce ps\u016f","\u0160\u0165\u011bn\u011b"],"inLanguage":"cs","potentialAction":[{"@type":"CommentAction","name":"Comment","target":["https:\/\/labvet.cz\/blog\/kdyz-se-rekne-zrale-stene\/#respond"]}]},{"@type":"WebPage","@id":"https:\/\/labvet.cz\/blog\/kdyz-se-rekne-zrale-stene\/","url":"https:\/\/labvet.cz\/blog\/kdyz-se-rekne-zrale-stene\/","name":"Kdy\u017e se \u0159ekne: \"zral\u00e9 \u0161t\u011bn\u011b\" - Labvet blog","isPartOf":{"@id":"https:\/\/labvet.cz\/blog\/#website"},"primaryImageOfPage":{"@id":"https:\/\/labvet.cz\/blog\/kdyz-se-rekne-zrale-stene\/#primaryimage"},"image":{"@id":"https:\/\/labvet.cz\/blog\/kdyz-se-rekne-zrale-stene\/#primaryimage"},"thumbnailUrl":"https:\/\/labvet.cz\/blog\/wp-content\/uploads\/2023\/06\/zrale-stene.jpg","datePublished":"2024-05-17T16:22:59+00:00","dateModified":"2025-03-17T12:21:00+00:00","breadcrumb":{"@id":"https:\/\/labvet.cz\/blog\/kdyz-se-rekne-zrale-stene\/#breadcrumb"},"inLanguage":"cs","potentialAction":[{"@type":"ReadAction","target":["https:\/\/labvet.cz\/blog\/kdyz-se-rekne-zrale-stene\/"]}]},{"@type":"ImageObject","inLanguage":"cs","@id":"https:\/\/labvet.cz\/blog\/kdyz-se-rekne-zrale-stene\/#primaryimage","url":"https:\/\/labvet.cz\/blog\/wp-content\/uploads\/2023\/06\/zrale-stene.jpg","contentUrl":"https:\/\/labvet.cz\/blog\/wp-content\/uploads\/2023\/06\/zrale-stene.jpg","width":820,"height":462},{"@type":"BreadcrumbList","@id":"https:\/\/labvet.cz\/blog\/kdyz-se-rekne-zrale-stene\/#breadcrumb","itemListElement":[{"@type":"ListItem","position":1,"name":"Dom\u016f","item":"https:\/\/labvet.cz\/blog\/"},{"@type":"ListItem","position":2,"name":"Kdy\u017e se \u0159ekne: &#8222;zral\u00e9 \u0161t\u011bn\u011b&#8220;"}]},{"@type":"WebSite","@id":"https:\/\/labvet.cz\/blog\/#website","url":"https:\/\/labvet.cz\/blog\/","name":"Labvet blog","description":"pro chovatele i veterin\u00e1rn\u00ed l\u00e9ka\u0159e","publisher":{"@id":"https:\/\/labvet.cz\/blog\/#organization"},"potentialAction":[{"@type":"SearchAction","target":{"@type":"EntryPoint","urlTemplate":"https:\/\/labvet.cz\/blog\/?s={search_term_string}"},"query-input":{"@type":"PropertyValueSpecification","valueRequired":true,"valueName":"search_term_string"}}],"inLanguage":"cs"},{"@type":"Organization","@id":"https:\/\/labvet.cz\/blog\/#organization","name":"Labvet.cz","url":"https:\/\/labvet.cz\/blog\/","logo":{"@type":"ImageObject","inLanguage":"cs","@id":"https:\/\/labvet.cz\/blog\/#\/schema\/logo\/image\/","url":"https:\/\/labvet.cz\/blog\/wp-content\/uploads\/2023\/08\/cropped-Navrh-bez-nazvu.png","contentUrl":"https:\/\/labvet.cz\/blog\/wp-content\/uploads\/2023\/08\/cropped-Navrh-bez-nazvu.png","width":300,"height":300,"caption":"Labvet.cz"},"image":{"@id":"https:\/\/labvet.cz\/blog\/#\/schema\/logo\/image\/"},"sameAs":["https:\/\/www.facebook.com\/Labvet.cz","https:\/\/www.instagram.com\/labvet.cz\/","https:\/\/www.linkedin.com\/showcase\/94138348\/admin\/dashboard\/"]},{"@type":"Person","@id":"https:\/\/labvet.cz\/blog\/#\/schema\/person\/bbad2f1a9452008dfc405633ccda24b2","name":"Vladim\u00edra Tich\u00e1","image":{"@type":"ImageObject","inLanguage":"cs","@id":"https:\/\/labvet.cz\/blog\/#\/schema\/person\/image\/","url":"https:\/\/secure.gravatar.com\/avatar\/006249f2c43485b8397ae08eea7ba7f3e6b682795e8e33ea4c7dcf34d196813e?s=96&d=mm&r=g","contentUrl":"https:\/\/secure.gravatar.com\/avatar\/006249f2c43485b8397ae08eea7ba7f3e6b682795e8e33ea4c7dcf34d196813e?s=96&d=mm&r=g","caption":"Vladim\u00edra Tich\u00e1"},"url":"https:\/\/labvet.cz\/blog\/author\/vladimira\/"}]}},"_links":{"self":[{"href":"https:\/\/labvet.cz\/blog\/wp-json\/wp\/v2\/posts\/5316","targetHints":{"allow":["GET"]}}],"collection":[{"href":"https:\/\/labvet.cz\/blog\/wp-json\/wp\/v2\/posts"}],"about":[{"href":"https:\/\/labvet.cz\/blog\/wp-json\/wp\/v2\/types\/post"}],"author":[{"embeddable":true,"href":"https:\/\/labvet.cz\/blog\/wp-json\/wp\/v2\/users\/5"}],"replies":[{"embeddable":true,"href":"https:\/\/labvet.cz\/blog\/wp-json\/wp\/v2\/comments?post=5316"}],"version-history":[{"count":6,"href":"https:\/\/labvet.cz\/blog\/wp-json\/wp\/v2\/posts\/5316\/revisions"}],"predecessor-version":[{"id":6652,"href":"https:\/\/labvet.cz\/blog\/wp-json\/wp\/v2\/posts\/5316\/revisions\/6652"}],"wp:featuredmedia":[{"embeddable":true,"href":"https:\/\/labvet.cz\/blog\/wp-json\/wp\/v2\/media\/5815"}],"wp:attachment":[{"href":"https:\/\/labvet.cz\/blog\/wp-json\/wp\/v2\/media?parent=5316"}],"wp:term":[{"taxonomy":"category","embeddable":true,"href":"https:\/\/labvet.cz\/blog\/wp-json\/wp\/v2\/categories?post=5316"},{"taxonomy":"post_tag","embeddable":true,"href":"https:\/\/labvet.cz\/blog\/wp-json\/wp\/v2\/tags?post=5316"}],"curies":[{"name":"wp","href":"https:\/\/api.w.org\/{rel}","templated":true}]}}