{"id":5714,"date":"2023-10-20T12:22:06","date_gmt":"2023-10-20T10:22:06","guid":{"rendered":"https:\/\/labvet.cz\/blog\/?p=5714"},"modified":"2025-04-09T13:32:36","modified_gmt":"2025-04-09T11:32:36","slug":"strasak-chovatelu-mycoplasma-u-psu","status":"publish","type":"post","link":"https:\/\/labvet.cz\/blog\/strasak-chovatelu-mycoplasma-u-psu\/","title":{"rendered":"Stra\u0161\u00e1k chovatel\u016f &#8211; mycoplasma u psa"},"content":{"rendered":"\n<p>V&nbsp;posledn\u00ed dob\u011b se mezi chovateli sklo\u0148uje n\u00e1zev bakterie, o kter\u00e9 se d\u0159\u00edve v\u016fbec nemluvilo a kter\u00e1 je dnes pova\u017eov\u00e1na za nejv\u011bt\u0161\u00edho stra\u0161\u00e1ka&nbsp;kynolog\u016f v&nbsp;oblasti reprodukce. Jedn\u00e1 se o mycoplasmu, o kter\u00e9 se \u0159\u00edk\u00e1, \u017ee <strong>je d\u016fvodem pro nezab\u0159ez\u00e1v\u00e1n\u00ed, potraty a neplodnost<\/strong> a tak\u00e9 o tom, \u017ee k&nbsp;naka\u017een\u00ed doch\u00e1z\u00ed z\u00e1sadn\u011b pohlavn\u00edm stykem. Mo\u017en\u00e1 stoj\u00ed za to, n\u011bco o n\u00ed napsat.<\/p>\n\n\n\n<figure class=\"wp-block-image size-full\"><a href=\"https:\/\/labvet.online\/nase-sluzby\/webinare-labvetu\/webinar-priciny-nezabrezavani\/\" target=\"_blank\" rel=\"noreferrer noopener\"><img loading=\"lazy\" decoding=\"async\" width=\"2000\" height=\"600\" src=\"https:\/\/labvet.cz\/blog\/wp-content\/uploads\/2023\/12\/Priciny-nezabrezavani.jpg\" alt=\"\" class=\"wp-image-5810\" srcset=\"https:\/\/labvet.cz\/blog\/wp-content\/uploads\/2023\/12\/Priciny-nezabrezavani.jpg 2000w, https:\/\/labvet.cz\/blog\/wp-content\/uploads\/2023\/12\/Priciny-nezabrezavani-300x90.jpg 300w, https:\/\/labvet.cz\/blog\/wp-content\/uploads\/2023\/12\/Priciny-nezabrezavani-1024x307.jpg 1024w, https:\/\/labvet.cz\/blog\/wp-content\/uploads\/2023\/12\/Priciny-nezabrezavani-768x230.jpg 768w, https:\/\/labvet.cz\/blog\/wp-content\/uploads\/2023\/12\/Priciny-nezabrezavani-1536x461.jpg 1536w\" sizes=\"auto, (max-width: 767px) 89vw, (max-width: 1000px) 54vw, (max-width: 1071px) 543px, 580px\" \/><\/a><\/figure>\n\n\n\n<h2 class=\"wp-block-heading\"><strong>Co je mycoplasma?<\/strong><\/h2>\n\n\n\n<p>Mycoplasma pat\u0159\u00ed mezi nejmen\u0161\u00ed a nejjednodu\u0161\u0161\u00ed bakterie, ob\u010das b\u00fdv\u00e1 ozna\u010dovan\u00e1 jako p\u0159echod mezi viry a bakteriemi. M\u00e1 pom\u011brn\u011b jednoduchou stavbu t\u011bla, nap\u0159. nem\u00e1 bun\u011b\u010dnou st\u011bnu, co\u017e ovliv\u0148uje celou \u0159adu v\u011bc\u00ed v\u010detn\u011b \u0161patn\u00e9 odezvy na antibiotickou l\u00e9\u010dbu. Do bun\u011bk sv\u00e9ho hostitele nevnik\u00e1, ale \u201ep\u0159isaje se\u201c na jejich povrch.<\/p>\n\n\n\n<p>Existuje velk\u00e9 mno\u017estv\u00ed druh\u016f mycoplasem. V\u011bt\u0161inou se jedn\u00e1 o tak zvan\u00e9 slizni\u010dn\u00ed komens\u00e1ly, tedy o z\u00e1rodky, kter\u00e9 ke sv\u00e9mu \u017eivotu vyu\u017e\u00edvaj\u00ed n\u011bjak\u00e9ho hostitele, ale p\u0159i tom mu ne\u0161kod\u00ed. \u0158adu druh\u016f mycoplasem najdeme i u ps\u016f. Jako potencion\u00e1ln\u00ed nebezpe\u010d\u00ed b\u00fdvaj\u00ed zmi\u0148ov\u00e1ny M. cynos, M. spumatis a M. canis. M.cynos se m\u016f\u017ee pod\u00edlet na vzniku pneumoni\u00ed, M. spumatis a M. canis mohou b\u00fdt p\u0159\u00ed\u010dinou onemocn\u011bn\u00ed urogenit\u00e1ln\u00edho traktu. Pravdou ale je, \u017ee informac\u00ed o jednotliv\u00fdch druz\u00edch mycoplasem a jejich p\u0159\u00edpadn\u00e9 patogenit\u011b moc nen\u00ed.<\/p>\n\n\n\n<iframe loading=\"lazy\" src=\"https:\/\/www.facebook.com\/plugins\/post.php?href=https%3A%2F%2Fwww.facebook.com%2Fzuzana.hodova.12%2Fposts%2F2615200455403939&#038;show_text=true&#038;width=500\" width=\"500\" height=\"266\" style=\"border:none;overflow:hidden\" scrolling=\"no\" frameborder=\"0\" allowfullscreen=\"true\" allow=\"autoplay; clipboard-write; encrypted-media; picture-in-picture; web-share\"><\/iframe>\n\n\n\n<h2 class=\"wp-block-heading\"><strong>Jak se mycoplasma u ps\u016f \u0161\u00ed\u0159\u00ed?<\/strong><\/h2>\n\n\n\n<p>K&nbsp;p\u0159enosu mycoplasmosy u psa doch\u00e1z\u00ed kap\u00e9nkovou infekc\u00ed, pohlavn\u00edm stykem a popisov\u00e1n je i p\u0159enos prost\u0159ednictv\u00edm krve saj\u00edc\u00edho parazita, nap\u0159. kl\u00ed\u0161t\u011bte. Pokud tedy n\u011bkdo tvrd\u00ed, \u017ee jeho fenku nakazil pes p\u0159i kryt\u00ed nebo naopak nakazila fenka psa, m\u016f\u017ee, ale tak\u00e9 nemus\u00ed m\u00edt pravdu.<\/p>\n\n\n\n<p>K&nbsp;tomu, aby se mycoplasmosa u ur\u010dit\u00e9ho jedince namno\u017eila tak, aby mohla \u0161kodit, pot\u0159ebuje je\u0161t\u011b vhodn\u00e9 prost\u0159ed\u00ed. A to nal\u00e9z\u00e1 u jedinc\u016f s&nbsp;oslabenou obranyschopnost\u00ed organismu, kte\u0159\u00ed se ataku bakterie nedok\u00e1\u017e\u00ed \u00fasp\u011b\u0161n\u011b br\u00e1nit.<\/p>\n\n\n\n<h2 class=\"wp-block-heading\"><strong>P\u0159\u00edznaky mykoplazmy u ps\u016f<\/strong> <strong>a diagnostika<\/strong><\/h2>\n\n\n\n<p>Chovatele samoz\u0159ejm\u011b zaj\u00edm\u00e1, zda m\u00e1 jedinec, u kter\u00e9ho se n\u011bkter\u00e1 z mycoplasem p\u0159emno\u017eila v&nbsp;pohlavn\u00edm traktu, n\u011bjak\u00e9 klinick\u00e9 dob\u0159e viditeln\u00e9 p\u0159\u00edznaky. Ojedin\u011ble se mohou vyskytnout nap\u0159. v\u0159\u00eddky na pohlavn\u00edch org\u00e1nech, ale v\u011bt\u0161\u00ed posti\u017een\u00ed organizmu (teploty, nechutenstv\u00ed, zvracen\u00ed, pr\u016fjmy atd.) majitel psa nebo fenky nepozoruje. Trochu jin\u00e9 to je v&nbsp;p\u0159\u00edpad\u011b pneumoni\u00ed, ale na ty se nar\u00e1\u017e\u00ed zcela ojedin\u011ble.<\/p>\n\n\n\n<p>Chovatel\u00e9 se infekce mycoplasmosou boj\u00ed a hledaj\u00ed, jak ji prok\u00e1zat. Vzhledem k&nbsp;tomu, o jak\u00fd z\u00e1rodek se jedn\u00e1, je velmi obt\u00ed\u017en\u00e1 klasick\u00e1 kultivace prov\u00e1d\u011bn\u00e1 u jin\u00fdch bakteri\u00ed nap\u0159. streptokok\u016f, stafylokok\u016f atd. K&nbsp;dispozici ale je PCR vy\u0161et\u0159en\u00ed, tedy vy\u0161et\u0159en\u00ed, kter\u00e9 prokazuje, \u017ee ve vzorku odebran\u00e9m od psa nebo feny je nebo nen\u00ed p\u0159\u00edtomna DNA\/ RNA z\u00e1rodku, kter\u00fd hled\u00e1me.<\/p>\n\n\n\n<p>Existuje n\u011bkolik zp\u016fsob\u016f PCR vy\u0161et\u0159en\u00ed nebo p\u0159esn\u011bji \u0159e\u010deno n\u011bkolik z\u00e1v\u011br\u016f, kter\u00e9 z&nbsp;ur\u010dit\u00e9ho typu vy\u0161et\u0159en\u00ed vych\u00e1zej\u00ed.<\/p>\n\n\n\n<div class=\"wp-block-group is-vertical is-layout-flex wp-container-core-group-is-layout-8cf370e7 wp-block-group-is-layout-flex\">\n<p><strong>Vy\u0161et\u0159en\u00ed kvalitativn\u00ed<\/strong> &#8211; je finan\u010dn\u011b p\u0159\u00edjemn\u011bj\u0161\u00ed a \u0159\u00edk\u00e1, zda v&nbsp;odebran\u00e9m vzorku byla mycoplasmosa prok\u00e1z\u00e1na. <\/p>\n\n\n\n<p><strong>Vy\u0161et\u0159en\u00ed kvantitativn\u00ed<\/strong> &#8211; je podrobn\u011bj\u0161\u00ed, \u010demu\u017e odpov\u00edd\u00e1 i cena a v\u00fdsledkem je nejen prost\u00e9 konstatov\u00e1n\u00ed, \u017ee je v&nbsp;organismu mycoplasma p\u0159\u00edtomna, ale tak\u00e9 kolik j\u00ed tam je. To je informace velmi d\u016fle\u017eit\u00e1 z&nbsp;pohledu nutnosti p\u0159\u00edpadn\u00e9 l\u00e9\u010dby. <\/p>\n\n\n\n<p><strong>Typizace<\/strong> &#8211; t\u0159et\u00ed typ vy\u0161et\u0159en\u00ed \u0159\u00edk\u00e1 nejen, zda je mycoplasmosa p\u0159\u00edtomna, ale tak\u00e9 o kter\u00fd druh jde. Prov\u00e1d\u00ed se v\u011bt\u0161inou a\u017e po t\u00e9, kdy je p\u0159\u00edtomnost mycoplasmy prok\u00e1z\u00e1na a cena vy\u0161et\u0159en\u00ed je tomu odpov\u00eddaj\u00edc\u00ed.<\/p>\n\n\n\n<figure class=\"wp-block-image size-large\"><img loading=\"lazy\" decoding=\"async\" width=\"1024\" height=\"276\" src=\"https:\/\/labvet.cz\/blog\/wp-content\/uploads\/2023\/10\/Jezevcik-welshterier-3-1024x276.jpg\" alt=\"Mycoplasma u psa m\u016f\u017ee zp\u016fsobovat neplodnost\" class=\"wp-image-5725\" srcset=\"https:\/\/labvet.cz\/blog\/wp-content\/uploads\/2023\/10\/Jezevcik-welshterier-3-1024x276.jpg 1024w, https:\/\/labvet.cz\/blog\/wp-content\/uploads\/2023\/10\/Jezevcik-welshterier-3-300x81.jpg 300w, https:\/\/labvet.cz\/blog\/wp-content\/uploads\/2023\/10\/Jezevcik-welshterier-3-768x207.jpg 768w, https:\/\/labvet.cz\/blog\/wp-content\/uploads\/2023\/10\/Jezevcik-welshterier-3-1536x414.jpg 1536w, https:\/\/labvet.cz\/blog\/wp-content\/uploads\/2023\/10\/Jezevcik-welshterier-3.jpg 1950w\" sizes=\"auto, (max-width: 767px) 89vw, (max-width: 1000px) 54vw, (max-width: 1071px) 543px, 580px\" \/><\/figure>\n<\/div>\n\n\n\n<h2 class=\"wp-block-heading\"><strong>Kdy l\u00e9\u010dit mycoplasmu?<\/strong><\/h2>\n\n\n\n<p>L\u00e9\u010dba mycoplasmosy u ps\u016f nen\u00ed \u00fapln\u011b jednoduch\u00e1. Nedaj\u00ed se pou\u017e\u00edt b\u011b\u017en\u011b pou\u017e\u00edvan\u00e1 antibiotika, a co je velmi podstatn\u00e9, neposta\u010d\u00ed t\u00fdden a\u017e deset dn\u016f trvaj\u00edc\u00ed pod\u00e1v\u00e1n\u00ed antibiotik b\u011b\u017en\u011b \u00fasp\u011b\u0161n\u00e9 u jin\u00fdch infekc\u00ed. V&nbsp;p\u0159\u00edpad\u011b mycoplasmosy je t\u0159eba l\u00e9k pod\u00e1vat 3 &#8211; 6 t\u00fddn\u016f. <strong>Po skon\u010den\u00ed l\u00e9\u010dby by m\u011blo b\u00fdt provedeno kontroln\u00ed vy\u0161et\u0159en\u00ed. <\/strong><\/p>\n\n\n\n<p>Ale pozor. To, \u017ee je v\u00fdsledek negativn\u00ed je\u0161t\u011b neznamen\u00e1, \u017ee s&nbsp;odstupem dvou, t\u0159\u00ed a v\u00edce m\u011bs\u00edc\u00edch bude v\u00fdsledek stejn\u00fd. Mycoplasmosa je velmi roz\u0161\u00ed\u0159en\u00e1 a psa v&nbsp;takov\u00e9 izolaci, aby ji nepotkal, asi neudr\u017e\u00edme. Reinfekce jsou b\u011b\u017en\u00e9.<\/p>\n\n\n\n<p>Otev\u00edr\u00e1 se ot\u00e1zka, kdy vlastn\u011b psa nebo fenku, u kter\u00fdch byla mycoplasma prok\u00e1z\u00e1na, je t\u0159eba l\u00e9\u010dit. Tady se trochu rozch\u00e1z\u00ed pohled chovatel\u016f a veterin\u00e1\u0159\u016f. <\/p>\n\n\n\n<p>Chovatel\u00e9 jsou p\u0159esv\u011bd\u010deni, \u017ee je t\u0159eba l\u00e9\u010dit v\u017edy a to nejen jedince, u kter\u00e9ho byla bakterie prok\u00e1z\u00e1na, ale v\u0161echny psy i fenky v\u00a0dan\u00e9m chovu. Negativn\u00ed v\u00fdsledek vy\u0161et\u0159en\u00ed na mycoplasmosu tak\u00e9 b\u00fdv\u00e1 jednou z\u00a0podm\u00ednek p\u0159i kryt\u00ed.<\/p>\n\n\n\n<p>Trochu odli\u0161n\u00fd je p\u0159\u00edstup v\u011bt\u0161iny veterin\u00e1\u0159\u016f. Ti rozumn\u00ed nevid\u00ed r\u00e1di <strong>zbyte\u010dnou antibiotickou l\u00e9\u010dbu<\/strong> a doporu\u010duj\u00ed p\u0159el\u00e9\u010den\u00ed psa nebo fenky tehdy, pokud v\u00fdsledek kvantitativn\u00edho vy\u0161et\u0159en\u00ed prokazuje vysokou z\u00e1t\u011b\u017e.<\/p>\n\n\n\n<p>Na z\u00e1v\u011br je asi t\u0159eba p\u0159ipomenout, \u017ee<strong> Labvet m\u016f\u017ee nab\u00eddnout odb\u011br vzork\u016f<\/strong> na mycoplasmosu a zajist\u00edme i jejich p\u0159ed\u00e1n\u00ed p\u0159\u00edslu\u0161n\u00fdm laborato\u0159\u00edm, kter\u00e9 vy\u0161et\u0159en\u00ed PCR prov\u00e1d\u00ed. Vzorky u fen odeb\u00edr\u00e1me z\u00a0pochvy z\u00a0oblasti p\u0159ed d\u011blo\u017en\u00edm kr\u010dkem a u ps\u016f z\u00a0p\u0159edko\u017eky. <\/p>\n\n\n\n<p>Odb\u011br to nen\u00ed nijak n\u00e1ro\u010dn\u00fd. V\u00a0p\u0159\u00edpad\u011b pozitivn\u00edho z\u00e1chytu nab\u00edz\u00edme konzultaci i p\u0159\u00edpadnou l\u00e9\u010dbu. <\/p>\n\n\n\n<p>Mimo vy\u0161et\u0159en\u00ed zam\u011b\u0159en\u00e9ho na mycoplasmosu u ps\u016f m\u016f\u017eeme nab\u00eddnout i cel\u00e9 reproduk\u010dn\u00ed bal\u00ed\u010dky. Vy\u0161et\u0159en\u00ed v\u00a0nich zakotven\u00e1 jsou o n\u011bco \u0161ir\u0161\u00ed a zam\u011b\u0159uj\u00ed se na pr\u016fkaz nejen mycoplasmosy, ale tak\u00e9 na ureaplasmosu, chlamydie, brucelozu a <a href=\"https:\/\/labvet.cz\/blog\/bakteriologicke-vysetreni-fen-pred-krytim\/\" target=\"_blank\" rel=\"noreferrer noopener\">z\u00e1kladn\u00ed bakteriologick\u00e9 vy\u0161et\u0159en\u00ed<\/a>.<\/p>\n\n\n\n<div class=\"wp-block-buttons is-layout-flex wp-block-buttons-is-layout-flex\">\n<div class=\"wp-block-button\"><a class=\"wp-block-button__link wp-element-button\" href=\"https:\/\/labvet.vetbook.eu\/kalendar.php\">Rezervujte si term\u00edn vy\u0161et\u0159en\u00ed je\u0161t\u011b dnes!<\/a><\/div>\n<\/div>\n\n\n\n<p>Pokud chcete svoji fenku p\u0159ed kryt\u00edm vy\u0161et\u0159it, m\u00e1te dv\u011b mo\u017enosti. M\u016f\u017eete p\u0159ij\u00edt 6 &#8211; 8 t\u00fddn\u016f p\u0159ed p\u0159edpokl\u00e1dan\u00fdm kryt\u00edm. Bude-li mycoplasmosa prok\u00e1z\u00e1na, m\u00e1te je\u0161t\u011b \u010das fenku p\u0159el\u00e9\u010dit. M\u016f\u017eete tak\u00e9 p\u0159ij\u00edt na za\u010d\u00e1tku barven\u00ed a pak se rozhodovat na z\u00e1klad\u011b v\u00fdsledk\u016f zda kr\u00fdt budete \u010di ne.<\/p>\n\n\n\n<p>Pes je \u017eiv\u00fd tvor a v\u0161e co se ho t\u00fdk\u00e1 nelze vysv\u011btlit jednoduch\u00fdmi pou\u010dkami. V\u00fd\u0161e byl pou\u017eit\u00fd term\u00edn \u201em\u016f\u017ee se pod\u00edlet\u201c. Chybn\u011b p\u0159istupuje ten, kdo nezab\u0159eznut\u00ed fenky okam\u017eit\u011b p\u0159isuzuje mycoplasmose. <a href=\"https:\/\/labvet.cz\/blog\/proc-nam-zase-fena-nezabrezla\/\" data-type=\"link\" data-id=\"https:\/\/labvet.cz\/blog\/proc-nam-zase-fena-nezabrezla\/\" target=\"_blank\" rel=\"noreferrer noopener\">P\u0159\u00ed\u010din p\u0159ece m\u016f\u017ee b\u00fdt daleko v\u00edc<\/a>. Pokud je mn\u011b zn\u00e1mo, tak zat\u00edm nejsou k&nbsp;dispozici odborn\u00e9 pr\u00e1ce zab\u00fdvaj\u00edc\u00ed se podrobn\u011b touto problematikou. Ned\u00e1vno n\u00e1s stra\u0161ila herpesvir\u00f3za, dnes u\u017e se o n\u00ed nemluv\u00ed. \u010cas uk\u00e1\u017ee, zda se mycoplasmosy budeme b\u00e1t je\u0161t\u011b za n\u011bjakou dobu nebo zda zjist\u00edme, \u017ee to nen\u00ed tak z\u00e1va\u017en\u00fd probl\u00e9m, jak si dnes \u0159ada lid\u00ed mysl\u00ed.<\/p>\n\n\n\n<hr class=\"wp-block-separator has-alpha-channel-opacity\"\/>\n\n\n\n<h2 class=\"wp-block-heading\">St\u00e1tn\u00ed veterin\u00e1rn\u00ed \u00fastav: <a href=\"https:\/\/www.svupraha.cz\/vysetreni-zvirat\/psi\/mykoplazmata\">Mykoplazmata<\/a><\/h2>\n\n\n\n<figure class=\"wp-block-image size-full\"><a href=\"https:\/\/labvet.vetbook.eu\/kalendar.php\" target=\"_blank\" rel=\"noreferrer noopener\"><img loading=\"lazy\" decoding=\"async\" width=\"900\" height=\"140\" src=\"https:\/\/labvet.cz\/blog\/wp-content\/uploads\/2023\/05\/Labvet-alergologie-220-800-465-27.jpg\" alt=\"\" class=\"wp-image-5061\" srcset=\"https:\/\/labvet.cz\/blog\/wp-content\/uploads\/2023\/05\/Labvet-alergologie-220-800-465-27.jpg 900w, https:\/\/labvet.cz\/blog\/wp-content\/uploads\/2023\/05\/Labvet-alergologie-220-800-465-27-300x47.jpg 300w, https:\/\/labvet.cz\/blog\/wp-content\/uploads\/2023\/05\/Labvet-alergologie-220-800-465-27-768x119.jpg 768w\" sizes=\"auto, (max-width: 767px) 89vw, (max-width: 1000px) 54vw, (max-width: 1071px) 543px, 580px\" \/><\/a><\/figure>\n\n\n\n<a href=\"https:\/\/www.firmy.cz\/detail\/13103986-veterina-labvet-cz-praha.html#hodnoceni\" target=\"_blank\" rel=\"noopener\"><img decoding=\"async\" src=\"https:\/\/www.firmy.cz\/img-stars\/light-13103986.svg\" alt=\"Veterina Labvet.cz na Firmy.cz\" \/><\/a>\n\n\n\n<h2 class=\"wp-block-heading\">\u010ct\u011bte tak\u00e9: <a href=\"https:\/\/labvet.cz\/blog\/pece-o-brezi-fenku-ockovani-a-odcerveni\/\" target=\"_blank\" rel=\"noreferrer noopener\">P\u00e9\u010de o b\u0159ez\u00ed fenku \u2013 o\u010dkov\u00e1n\u00ed a od\u010derven\u00ed<\/a><\/h2>\n","protected":false},"excerpt":{"rendered":"<p>V&nbsp;posledn\u00ed dob\u011b se mezi chovateli sklo\u0148uje n\u00e1zev bakterie, o kter\u00e9 se d\u0159\u00edve v\u016fbec nemluvilo a kter\u00e1 je dnes pova\u017eov\u00e1na za nejv\u011bt\u0161\u00edho stra\u0161\u00e1ka&nbsp;kynolog\u016f v&nbsp;oblasti reprodukce. Jedn\u00e1 se o mycoplasmu, o kter\u00e9 se \u0159\u00edk\u00e1, \u017ee je d\u016fvodem pro nezab\u0159ez\u00e1v\u00e1n\u00ed, potraty a neplodnost a tak\u00e9 o tom, \u017ee k&nbsp;naka\u017een\u00ed doch\u00e1z\u00ed z\u00e1sadn\u011b pohlavn\u00edm stykem. Mo\u017en\u00e1 stoj\u00ed za to, n\u011bco &hellip; <\/p>\n<p class=\"link-more\"><a href=\"https:\/\/labvet.cz\/blog\/strasak-chovatelu-mycoplasma-u-psu\/\" class=\"more-link\">Pokra\u010dovat ve \u010dten\u00ed<span class=\"screen-reader-text\"> &#8222;Stra\u0161\u00e1k chovatel\u016f &#8211; mycoplasma u psa&#8220;<\/span><\/a><\/p>\n","protected":false},"author":5,"featured_media":5720,"comment_status":"open","ping_status":"open","sticky":false,"template":"","format":"standard","meta":{"_seopress_robots_primary_cat":"none","_seopress_titles_title":"Mycoplasma u psa: P\u0159\u00ed\u010diny, p\u0159\u00edznaky a l\u00e9\u010dba | Labvet","_seopress_titles_desc":"Mycoplasma u ps\u016f a fen \u2013 p\u0159\u00ed\u010diny neplodnosti, potrat\u016f a dal\u0161\u00edch probl\u00e9m\u016f. Jak se p\u0159en\u00e1\u0161\u00ed, jak\u00e9 jsou p\u0159\u00edznaky, diagnostika a \u00fa\u010dinn\u00e1 l\u00e9\u010dba.","_seopress_robots_index":"","footnotes":""},"categories":[10],"tags":[],"class_list":["post-5714","post","type-post","status-publish","format-standard","has-post-thumbnail","hentry","category-reprodukce-psu"],"yoast_head":"<!-- This site is optimized with the Yoast SEO plugin v25.2 - https:\/\/yoast.com\/wordpress\/plugins\/seo\/ -->\n<title>Stra\u0161\u00e1k chovatel\u016f - mycoplasma u psa - Labvet blog<\/title>\n<meta name=\"robots\" content=\"index, follow, max-snippet:-1, max-image-preview:large, max-video-preview:-1\" \/>\n<link rel=\"canonical\" href=\"https:\/\/labvet.cz\/blog\/strasak-chovatelu-mycoplasma-u-psu\/\" \/>\n<meta property=\"og:locale\" content=\"cs_CZ\" \/>\n<meta property=\"og:type\" content=\"article\" \/>\n<meta property=\"og:title\" content=\"Stra\u0161\u00e1k chovatel\u016f - mycoplasma u psa - Labvet blog\" \/>\n<meta property=\"og:description\" content=\"V&nbsp;posledn\u00ed dob\u011b se mezi chovateli sklo\u0148uje n\u00e1zev bakterie, o kter\u00e9 se d\u0159\u00edve v\u016fbec nemluvilo a kter\u00e1 je dnes pova\u017eov\u00e1na za nejv\u011bt\u0161\u00edho stra\u0161\u00e1ka&nbsp;kynolog\u016f v&nbsp;oblasti reprodukce. Jedn\u00e1 se o mycoplasmu, o kter\u00e9 se \u0159\u00edk\u00e1, \u017ee je d\u016fvodem pro nezab\u0159ez\u00e1v\u00e1n\u00ed, potraty a neplodnost a tak\u00e9 o tom, \u017ee k&nbsp;naka\u017een\u00ed doch\u00e1z\u00ed z\u00e1sadn\u011b pohlavn\u00edm stykem. Mo\u017en\u00e1 stoj\u00ed za to, n\u011bco &hellip; Pokra\u010dovat ve \u010dten\u00ed &quot;Stra\u0161\u00e1k chovatel\u016f &#8211; mycoplasma u psa&quot;\" \/>\n<meta property=\"og:url\" content=\"https:\/\/labvet.cz\/blog\/strasak-chovatelu-mycoplasma-u-psu\/\" \/>\n<meta property=\"og:site_name\" content=\"Labvet blog\" \/>\n<meta property=\"article:publisher\" content=\"https:\/\/www.facebook.com\/Labvet.cz\" \/>\n<meta property=\"article:published_time\" content=\"2023-10-20T10:22:06+00:00\" \/>\n<meta property=\"article:modified_time\" content=\"2025-04-09T11:32:36+00:00\" \/>\n<meta property=\"og:image\" content=\"https:\/\/labvet.cz\/blog\/wp-content\/uploads\/2023\/10\/cestujeme-se-psem-1-e1697801281446.jpg\" \/>\n\t<meta property=\"og:image:width\" content=\"820\" \/>\n\t<meta property=\"og:image:height\" content=\"462\" \/>\n\t<meta property=\"og:image:type\" content=\"image\/jpeg\" \/>\n<meta name=\"author\" content=\"Vladim\u00edra Tich\u00e1\" \/>\n<meta name=\"twitter:card\" content=\"summary_large_image\" \/>\n<meta name=\"twitter:label1\" content=\"Napsal(a)\" \/>\n\t<meta name=\"twitter:data1\" content=\"Vladim\u00edra Tich\u00e1\" \/>\n\t<meta name=\"twitter:label2\" content=\"Odhadovan\u00e1 doba \u010dten\u00ed\" \/>\n\t<meta name=\"twitter:data2\" content=\"7 minut\" \/>\n<script type=\"application\/ld+json\" class=\"yoast-schema-graph\">{\"@context\":\"https:\/\/schema.org\",\"@graph\":[{\"@type\":\"Article\",\"@id\":\"https:\/\/labvet.cz\/blog\/strasak-chovatelu-mycoplasma-u-psu\/#article\",\"isPartOf\":{\"@id\":\"https:\/\/labvet.cz\/blog\/strasak-chovatelu-mycoplasma-u-psu\/\"},\"author\":{\"name\":\"Vladim\u00edra Tich\u00e1\",\"@id\":\"https:\/\/labvet.cz\/blog\/#\/schema\/person\/bbad2f1a9452008dfc405633ccda24b2\"},\"headline\":\"Stra\u0161\u00e1k chovatel\u016f &#8211; mycoplasma u psa\",\"datePublished\":\"2023-10-20T10:22:06+00:00\",\"dateModified\":\"2025-04-09T11:32:36+00:00\",\"mainEntityOfPage\":{\"@id\":\"https:\/\/labvet.cz\/blog\/strasak-chovatelu-mycoplasma-u-psu\/\"},\"wordCount\":1312,\"commentCount\":0,\"publisher\":{\"@id\":\"https:\/\/labvet.cz\/blog\/#organization\"},\"image\":{\"@id\":\"https:\/\/labvet.cz\/blog\/strasak-chovatelu-mycoplasma-u-psu\/#primaryimage\"},\"thumbnailUrl\":\"https:\/\/labvet.cz\/blog\/wp-content\/uploads\/2023\/10\/cestujeme-se-psem-1-e1697801281446.jpg\",\"articleSection\":[\"Reprodukce ps\u016f\"],\"inLanguage\":\"cs\",\"potentialAction\":[{\"@type\":\"CommentAction\",\"name\":\"Comment\",\"target\":[\"https:\/\/labvet.cz\/blog\/strasak-chovatelu-mycoplasma-u-psu\/#respond\"]}]},{\"@type\":\"WebPage\",\"@id\":\"https:\/\/labvet.cz\/blog\/strasak-chovatelu-mycoplasma-u-psu\/\",\"url\":\"https:\/\/labvet.cz\/blog\/strasak-chovatelu-mycoplasma-u-psu\/\",\"name\":\"Stra\u0161\u00e1k chovatel\u016f - mycoplasma u psa - Labvet blog\",\"isPartOf\":{\"@id\":\"https:\/\/labvet.cz\/blog\/#website\"},\"primaryImageOfPage\":{\"@id\":\"https:\/\/labvet.cz\/blog\/strasak-chovatelu-mycoplasma-u-psu\/#primaryimage\"},\"image\":{\"@id\":\"https:\/\/labvet.cz\/blog\/strasak-chovatelu-mycoplasma-u-psu\/#primaryimage\"},\"thumbnailUrl\":\"https:\/\/labvet.cz\/blog\/wp-content\/uploads\/2023\/10\/cestujeme-se-psem-1-e1697801281446.jpg\",\"datePublished\":\"2023-10-20T10:22:06+00:00\",\"dateModified\":\"2025-04-09T11:32:36+00:00\",\"breadcrumb\":{\"@id\":\"https:\/\/labvet.cz\/blog\/strasak-chovatelu-mycoplasma-u-psu\/#breadcrumb\"},\"inLanguage\":\"cs\",\"potentialAction\":[{\"@type\":\"ReadAction\",\"target\":[\"https:\/\/labvet.cz\/blog\/strasak-chovatelu-mycoplasma-u-psu\/\"]}]},{\"@type\":\"ImageObject\",\"inLanguage\":\"cs\",\"@id\":\"https:\/\/labvet.cz\/blog\/strasak-chovatelu-mycoplasma-u-psu\/#primaryimage\",\"url\":\"https:\/\/labvet.cz\/blog\/wp-content\/uploads\/2023\/10\/cestujeme-se-psem-1-e1697801281446.jpg\",\"contentUrl\":\"https:\/\/labvet.cz\/blog\/wp-content\/uploads\/2023\/10\/cestujeme-se-psem-1-e1697801281446.jpg\",\"width\":820,\"height\":462},{\"@type\":\"BreadcrumbList\",\"@id\":\"https:\/\/labvet.cz\/blog\/strasak-chovatelu-mycoplasma-u-psu\/#breadcrumb\",\"itemListElement\":[{\"@type\":\"ListItem\",\"position\":1,\"name\":\"Dom\u016f\",\"item\":\"https:\/\/labvet.cz\/blog\/\"},{\"@type\":\"ListItem\",\"position\":2,\"name\":\"Stra\u0161\u00e1k chovatel\u016f &#8211; mycoplasma u psa\"}]},{\"@type\":\"WebSite\",\"@id\":\"https:\/\/labvet.cz\/blog\/#website\",\"url\":\"https:\/\/labvet.cz\/blog\/\",\"name\":\"Labvet blog\",\"description\":\"pro chovatele i veterin\u00e1rn\u00ed l\u00e9ka\u0159e\",\"publisher\":{\"@id\":\"https:\/\/labvet.cz\/blog\/#organization\"},\"potentialAction\":[{\"@type\":\"SearchAction\",\"target\":{\"@type\":\"EntryPoint\",\"urlTemplate\":\"https:\/\/labvet.cz\/blog\/?s={search_term_string}\"},\"query-input\":{\"@type\":\"PropertyValueSpecification\",\"valueRequired\":true,\"valueName\":\"search_term_string\"}}],\"inLanguage\":\"cs\"},{\"@type\":\"Organization\",\"@id\":\"https:\/\/labvet.cz\/blog\/#organization\",\"name\":\"Labvet.cz\",\"url\":\"https:\/\/labvet.cz\/blog\/\",\"logo\":{\"@type\":\"ImageObject\",\"inLanguage\":\"cs\",\"@id\":\"https:\/\/labvet.cz\/blog\/#\/schema\/logo\/image\/\",\"url\":\"https:\/\/labvet.cz\/blog\/wp-content\/uploads\/2023\/08\/cropped-Navrh-bez-nazvu.png\",\"contentUrl\":\"https:\/\/labvet.cz\/blog\/wp-content\/uploads\/2023\/08\/cropped-Navrh-bez-nazvu.png\",\"width\":300,\"height\":300,\"caption\":\"Labvet.cz\"},\"image\":{\"@id\":\"https:\/\/labvet.cz\/blog\/#\/schema\/logo\/image\/\"},\"sameAs\":[\"https:\/\/www.facebook.com\/Labvet.cz\",\"https:\/\/www.instagram.com\/labvet.cz\/\",\"https:\/\/www.linkedin.com\/showcase\/94138348\/admin\/dashboard\/\"]},{\"@type\":\"Person\",\"@id\":\"https:\/\/labvet.cz\/blog\/#\/schema\/person\/bbad2f1a9452008dfc405633ccda24b2\",\"name\":\"Vladim\u00edra Tich\u00e1\",\"image\":{\"@type\":\"ImageObject\",\"inLanguage\":\"cs\",\"@id\":\"https:\/\/labvet.cz\/blog\/#\/schema\/person\/image\/\",\"url\":\"https:\/\/secure.gravatar.com\/avatar\/006249f2c43485b8397ae08eea7ba7f3e6b682795e8e33ea4c7dcf34d196813e?s=96&d=mm&r=g\",\"contentUrl\":\"https:\/\/secure.gravatar.com\/avatar\/006249f2c43485b8397ae08eea7ba7f3e6b682795e8e33ea4c7dcf34d196813e?s=96&d=mm&r=g\",\"caption\":\"Vladim\u00edra Tich\u00e1\"},\"url\":\"https:\/\/labvet.cz\/blog\/author\/vladimira\/\"}]}<\/script>\n<!-- \/ Yoast SEO plugin. -->","yoast_head_json":{"title":"Stra\u0161\u00e1k chovatel\u016f - mycoplasma u psa - Labvet blog","robots":{"index":"index","follow":"follow","max-snippet":"max-snippet:-1","max-image-preview":"max-image-preview:large","max-video-preview":"max-video-preview:-1"},"canonical":"https:\/\/labvet.cz\/blog\/strasak-chovatelu-mycoplasma-u-psu\/","og_locale":"cs_CZ","og_type":"article","og_title":"Stra\u0161\u00e1k chovatel\u016f - mycoplasma u psa - Labvet blog","og_description":"V&nbsp;posledn\u00ed dob\u011b se mezi chovateli sklo\u0148uje n\u00e1zev bakterie, o kter\u00e9 se d\u0159\u00edve v\u016fbec nemluvilo a kter\u00e1 je dnes pova\u017eov\u00e1na za nejv\u011bt\u0161\u00edho stra\u0161\u00e1ka&nbsp;kynolog\u016f v&nbsp;oblasti reprodukce. Jedn\u00e1 se o mycoplasmu, o kter\u00e9 se \u0159\u00edk\u00e1, \u017ee je d\u016fvodem pro nezab\u0159ez\u00e1v\u00e1n\u00ed, potraty a neplodnost a tak\u00e9 o tom, \u017ee k&nbsp;naka\u017een\u00ed doch\u00e1z\u00ed z\u00e1sadn\u011b pohlavn\u00edm stykem. Mo\u017en\u00e1 stoj\u00ed za to, n\u011bco &hellip; Pokra\u010dovat ve \u010dten\u00ed \"Stra\u0161\u00e1k chovatel\u016f &#8211; mycoplasma u psa\"","og_url":"https:\/\/labvet.cz\/blog\/strasak-chovatelu-mycoplasma-u-psu\/","og_site_name":"Labvet blog","article_publisher":"https:\/\/www.facebook.com\/Labvet.cz","article_published_time":"2023-10-20T10:22:06+00:00","article_modified_time":"2025-04-09T11:32:36+00:00","og_image":[{"width":820,"height":462,"url":"https:\/\/labvet.cz\/blog\/wp-content\/uploads\/2023\/10\/cestujeme-se-psem-1-e1697801281446.jpg","type":"image\/jpeg"}],"author":"Vladim\u00edra Tich\u00e1","twitter_card":"summary_large_image","twitter_misc":{"Napsal(a)":"Vladim\u00edra Tich\u00e1","Odhadovan\u00e1 doba \u010dten\u00ed":"7 minut"},"schema":{"@context":"https:\/\/schema.org","@graph":[{"@type":"Article","@id":"https:\/\/labvet.cz\/blog\/strasak-chovatelu-mycoplasma-u-psu\/#article","isPartOf":{"@id":"https:\/\/labvet.cz\/blog\/strasak-chovatelu-mycoplasma-u-psu\/"},"author":{"name":"Vladim\u00edra Tich\u00e1","@id":"https:\/\/labvet.cz\/blog\/#\/schema\/person\/bbad2f1a9452008dfc405633ccda24b2"},"headline":"Stra\u0161\u00e1k chovatel\u016f &#8211; mycoplasma u psa","datePublished":"2023-10-20T10:22:06+00:00","dateModified":"2025-04-09T11:32:36+00:00","mainEntityOfPage":{"@id":"https:\/\/labvet.cz\/blog\/strasak-chovatelu-mycoplasma-u-psu\/"},"wordCount":1312,"commentCount":0,"publisher":{"@id":"https:\/\/labvet.cz\/blog\/#organization"},"image":{"@id":"https:\/\/labvet.cz\/blog\/strasak-chovatelu-mycoplasma-u-psu\/#primaryimage"},"thumbnailUrl":"https:\/\/labvet.cz\/blog\/wp-content\/uploads\/2023\/10\/cestujeme-se-psem-1-e1697801281446.jpg","articleSection":["Reprodukce ps\u016f"],"inLanguage":"cs","potentialAction":[{"@type":"CommentAction","name":"Comment","target":["https:\/\/labvet.cz\/blog\/strasak-chovatelu-mycoplasma-u-psu\/#respond"]}]},{"@type":"WebPage","@id":"https:\/\/labvet.cz\/blog\/strasak-chovatelu-mycoplasma-u-psu\/","url":"https:\/\/labvet.cz\/blog\/strasak-chovatelu-mycoplasma-u-psu\/","name":"Stra\u0161\u00e1k chovatel\u016f - mycoplasma u psa - Labvet blog","isPartOf":{"@id":"https:\/\/labvet.cz\/blog\/#website"},"primaryImageOfPage":{"@id":"https:\/\/labvet.cz\/blog\/strasak-chovatelu-mycoplasma-u-psu\/#primaryimage"},"image":{"@id":"https:\/\/labvet.cz\/blog\/strasak-chovatelu-mycoplasma-u-psu\/#primaryimage"},"thumbnailUrl":"https:\/\/labvet.cz\/blog\/wp-content\/uploads\/2023\/10\/cestujeme-se-psem-1-e1697801281446.jpg","datePublished":"2023-10-20T10:22:06+00:00","dateModified":"2025-04-09T11:32:36+00:00","breadcrumb":{"@id":"https:\/\/labvet.cz\/blog\/strasak-chovatelu-mycoplasma-u-psu\/#breadcrumb"},"inLanguage":"cs","potentialAction":[{"@type":"ReadAction","target":["https:\/\/labvet.cz\/blog\/strasak-chovatelu-mycoplasma-u-psu\/"]}]},{"@type":"ImageObject","inLanguage":"cs","@id":"https:\/\/labvet.cz\/blog\/strasak-chovatelu-mycoplasma-u-psu\/#primaryimage","url":"https:\/\/labvet.cz\/blog\/wp-content\/uploads\/2023\/10\/cestujeme-se-psem-1-e1697801281446.jpg","contentUrl":"https:\/\/labvet.cz\/blog\/wp-content\/uploads\/2023\/10\/cestujeme-se-psem-1-e1697801281446.jpg","width":820,"height":462},{"@type":"BreadcrumbList","@id":"https:\/\/labvet.cz\/blog\/strasak-chovatelu-mycoplasma-u-psu\/#breadcrumb","itemListElement":[{"@type":"ListItem","position":1,"name":"Dom\u016f","item":"https:\/\/labvet.cz\/blog\/"},{"@type":"ListItem","position":2,"name":"Stra\u0161\u00e1k chovatel\u016f &#8211; mycoplasma u psa"}]},{"@type":"WebSite","@id":"https:\/\/labvet.cz\/blog\/#website","url":"https:\/\/labvet.cz\/blog\/","name":"Labvet blog","description":"pro chovatele i veterin\u00e1rn\u00ed l\u00e9ka\u0159e","publisher":{"@id":"https:\/\/labvet.cz\/blog\/#organization"},"potentialAction":[{"@type":"SearchAction","target":{"@type":"EntryPoint","urlTemplate":"https:\/\/labvet.cz\/blog\/?s={search_term_string}"},"query-input":{"@type":"PropertyValueSpecification","valueRequired":true,"valueName":"search_term_string"}}],"inLanguage":"cs"},{"@type":"Organization","@id":"https:\/\/labvet.cz\/blog\/#organization","name":"Labvet.cz","url":"https:\/\/labvet.cz\/blog\/","logo":{"@type":"ImageObject","inLanguage":"cs","@id":"https:\/\/labvet.cz\/blog\/#\/schema\/logo\/image\/","url":"https:\/\/labvet.cz\/blog\/wp-content\/uploads\/2023\/08\/cropped-Navrh-bez-nazvu.png","contentUrl":"https:\/\/labvet.cz\/blog\/wp-content\/uploads\/2023\/08\/cropped-Navrh-bez-nazvu.png","width":300,"height":300,"caption":"Labvet.cz"},"image":{"@id":"https:\/\/labvet.cz\/blog\/#\/schema\/logo\/image\/"},"sameAs":["https:\/\/www.facebook.com\/Labvet.cz","https:\/\/www.instagram.com\/labvet.cz\/","https:\/\/www.linkedin.com\/showcase\/94138348\/admin\/dashboard\/"]},{"@type":"Person","@id":"https:\/\/labvet.cz\/blog\/#\/schema\/person\/bbad2f1a9452008dfc405633ccda24b2","name":"Vladim\u00edra Tich\u00e1","image":{"@type":"ImageObject","inLanguage":"cs","@id":"https:\/\/labvet.cz\/blog\/#\/schema\/person\/image\/","url":"https:\/\/secure.gravatar.com\/avatar\/006249f2c43485b8397ae08eea7ba7f3e6b682795e8e33ea4c7dcf34d196813e?s=96&d=mm&r=g","contentUrl":"https:\/\/secure.gravatar.com\/avatar\/006249f2c43485b8397ae08eea7ba7f3e6b682795e8e33ea4c7dcf34d196813e?s=96&d=mm&r=g","caption":"Vladim\u00edra Tich\u00e1"},"url":"https:\/\/labvet.cz\/blog\/author\/vladimira\/"}]}},"_links":{"self":[{"href":"https:\/\/labvet.cz\/blog\/wp-json\/wp\/v2\/posts\/5714","targetHints":{"allow":["GET"]}}],"collection":[{"href":"https:\/\/labvet.cz\/blog\/wp-json\/wp\/v2\/posts"}],"about":[{"href":"https:\/\/labvet.cz\/blog\/wp-json\/wp\/v2\/types\/post"}],"author":[{"embeddable":true,"href":"https:\/\/labvet.cz\/blog\/wp-json\/wp\/v2\/users\/5"}],"replies":[{"embeddable":true,"href":"https:\/\/labvet.cz\/blog\/wp-json\/wp\/v2\/comments?post=5714"}],"version-history":[{"count":19,"href":"https:\/\/labvet.cz\/blog\/wp-json\/wp\/v2\/posts\/5714\/revisions"}],"predecessor-version":[{"id":6737,"href":"https:\/\/labvet.cz\/blog\/wp-json\/wp\/v2\/posts\/5714\/revisions\/6737"}],"wp:featuredmedia":[{"embeddable":true,"href":"https:\/\/labvet.cz\/blog\/wp-json\/wp\/v2\/media\/5720"}],"wp:attachment":[{"href":"https:\/\/labvet.cz\/blog\/wp-json\/wp\/v2\/media?parent=5714"}],"wp:term":[{"taxonomy":"category","embeddable":true,"href":"https:\/\/labvet.cz\/blog\/wp-json\/wp\/v2\/categories?post=5714"},{"taxonomy":"post_tag","embeddable":true,"href":"https:\/\/labvet.cz\/blog\/wp-json\/wp\/v2\/tags?post=5714"}],"curies":[{"name":"wp","href":"https:\/\/api.w.org\/{rel}","templated":true}]}}