{"id":594,"date":"2019-07-08T11:45:32","date_gmt":"2019-07-08T09:45:32","guid":{"rendered":"https:\/\/www.labvet.cz\/blog\/?p=594"},"modified":"2025-03-05T09:18:32","modified_gmt":"2025-03-05T08:18:32","slug":"urceni-dne-kryti-feny","status":"publish","type":"post","link":"https:\/\/labvet.cz\/blog\/urceni-dne-kryti-feny\/","title":{"rendered":"Ur\u010den\u00ed dne kryt\u00ed feny"},"content":{"rendered":"\n<h2 class=\"wp-block-heading\">Progesteron u feny<\/h2>\n\n\n\n<p>Ur\u010den\u00ed vhodn\u00e9 doby ke kryt\u00ed feny b\u00fdv\u00e1 pro chovatele mnohdy probl\u00e9mem. Laboratorn\u00ed vy\u0161et\u0159en\u00ed m\u016f\u017ee zna\u010dn\u011b pomoci. Optim\u00e1ln\u00ed den kryti feny lze stanovit podle vy\u0161et\u0159en\u00ed koncentrace progesteronu v krvi nebo cytologick\u00fdm vy\u0161et\u0159en\u00edm st\u011bru z klenby po\u0161evn\u00ed. Na\u0161e laborato\u0159 prov\u00e1d\u00ed tato vy\u0161et\u0159en\u00ed od devades\u00e1t\u00fdch let. Doporu\u010dujeme sp\u00ed\u0161e vy\u0161et\u0159en\u00ed, j\u00edm\u017e se stanov\u00ed <strong><a href=\"https:\/\/labvet.cz\/blog\/jak-se-meri-progesteron-u-feny\/\">hladina progesteronu u feny<\/a><\/strong>, proto\u017ee je p\u0159esn\u011bj\u0161\u00ed. V na\u0161em <a href=\"https:\/\/labvet.online\/nase-sluzby\/webinare-labvetu\/hormonalni-cyklus-feny-urceni-dne-kryti\/\" target=\"_blank\" rel=\"noreferrer noopener\">webin\u00e1\u0159i<\/a> pak celou problematiku prob\u00edr\u00e1me podrobn\u011bji.<\/p>\n\n\n\n<h2 class=\"wp-block-heading\">Chovatel\u00e9 se na n\u00e1s obracej\u00ed s n\u00e1sleduj\u00edc\u00edmi ot\u00e1zkami.<\/h2>\n\n\n\n<h3 class=\"wp-block-heading\"><strong>Kdy je rozumn\u00e9 vy\u0161et\u0159en\u00ed prov\u00e1d\u011bt?<\/strong><\/h3>\n\n\n\n<ul class=\"wp-block-list\">\n<li>kdy\u017e si chovatel nen\u00ed jist\u00fd za\u010d\u00e1tkem barven\u00ed<\/li>\n\n\n\n<li>barven\u00ed je nev\u00fdrazn\u00e9<\/li>\n\n\n\n<li>fenka odm\u00edt\u00e1 psa<\/li>\n\n\n\n<li>pes nem\u00e1 o fenu z\u00e1jem<\/li>\n\n\n\n<li>fenka opakovan\u011b nezab\u0159ez\u00e1v\u00e1<\/li>\n\n\n\n<li>chovatel pot\u0159ebuje term\u00edn kryt\u00ed up\u0159esnit nap\u0159. proto, \u017ee je p\u0159ed cestou na druh\u00fd konec republiky nebo do zahrani\u010d\u00ed<\/li>\n<\/ul>\n\n\n\n<figure class=\"wp-block-image size-large\"><a href=\"https:\/\/labvet.online\/nase-sluzby\/webinare-labvetu\/webinar-priciny-nezabrezavani\/\"><img loading=\"lazy\" decoding=\"async\" width=\"1024\" height=\"307\" src=\"https:\/\/labvet.cz\/blog\/wp-content\/uploads\/2023\/12\/Priciny-nezabrezavani-1024x307.jpg\" alt=\"reklama na webin\u00e1\u0159\" class=\"wp-image-5810\" srcset=\"https:\/\/labvet.cz\/blog\/wp-content\/uploads\/2023\/12\/Priciny-nezabrezavani-1024x307.jpg 1024w, https:\/\/labvet.cz\/blog\/wp-content\/uploads\/2023\/12\/Priciny-nezabrezavani-300x90.jpg 300w, https:\/\/labvet.cz\/blog\/wp-content\/uploads\/2023\/12\/Priciny-nezabrezavani-768x230.jpg 768w, https:\/\/labvet.cz\/blog\/wp-content\/uploads\/2023\/12\/Priciny-nezabrezavani-1536x461.jpg 1536w, https:\/\/labvet.cz\/blog\/wp-content\/uploads\/2023\/12\/Priciny-nezabrezavani.jpg 2000w\" sizes=\"auto, (max-width: 767px) 89vw, (max-width: 1000px) 54vw, (max-width: 1071px) 543px, 580px\" \/><\/a><\/figure>\n\n\n\n<h3 class=\"wp-block-heading\"><strong>Jak se vy\u0161et\u0159en\u00ed prov\u00e1d\u00ed?<\/strong><\/h3>\n\n\n\n<p>Progesteron u feny se zji\u0161\u0165uje vy\u0161et\u0159en\u00edm krve. Nejjednodu\u0161\u0161\u00ed je dostavit se k odb\u011bru krve s fenou k n\u00e1m do laborato\u0159e, ale m\u016f\u017eeme zpracovat i vzorek, kter\u00fd odebere v\u00e1\u0161 veterin\u00e1rn\u00ed l\u00e9ka\u0159, pokud jej doru\u010d\u00edte dostate\u010dn\u011b rychle. Vy\u0161et\u0159en\u00ed se prov\u00e1d\u00ed z krevn\u00edho s\u00e9ra nebo z krevn\u00ed plazmy.<\/p>\n\n\n\n<p>Odb\u011br na cytologick\u00e9 vy\u0161et\u0159en\u00ed prov\u00e1d\u00edme p\u0159\u00edmo v na\u0161\u00ed laborato\u0159i. Vzorek mus\u00ed b\u00fdt odebr\u00e1n z klenby po\u0161evn\u00ed pomoc\u00ed spekula. Prost\u00fd v\u00fdt\u011br z p\u0159ezky feny neposta\u010duje.<\/p>\n\n\n\n<iframe loading=\"lazy\" src=\"https:\/\/www.facebook.com\/plugins\/post.php?href=https%3A%2F%2Fwww.facebook.com%2Fpermalink.php%3Fstory_fbid%3D3349965075320442%26id%3D100009209468120&amp;show_text=true&amp;width=500\" width=\"500\" height=\"170\" style=\"border:none;overflow:hidden\" scrolling=\"no\" frameborder=\"0\" allowfullscreen=\"true\" allow=\"autoplay; clipboard-write; encrypted-media; picture-in-picture; web-share\"><\/iframe>\n\n\n\n<h3 class=\"wp-block-heading\"><strong>Kdy na vy\u0161et\u0159en\u00ed nejl\u00e9pe j\u00edt a kdy jsou k dispozici v\u00fdsledky?<\/strong><\/h3>\n\n\n\n<p>Doporu\u010duje se prvn\u00ed odb\u011br prov\u00e1d\u011bt cca 8. den od prvn\u00edch p\u0159\u00edznak\u016f barven\u00ed. U fen, kde je barven\u00ed nev\u00fdrazn\u00e9, je vhodn\u00e9 p\u0159ij\u00edt d\u0159\u00edve. V\u00fdsledky vy\u0161et\u0159en\u00ed jsou k dispozici je\u0161t\u011b t\u00fd\u017e den, zpravidla do dvou a\u017e  t\u0159\u00ed hodin. Term\u00edn vy\u0161et\u0159en\u00ed si m\u016f\u017eete rezervovat online.<\/p>\n\n\n\n<h3 class=\"wp-block-heading\"><strong>Jak se v\u00fdsledky dozv\u00edm a budu jim rozum\u011bt?<\/strong><\/h3>\n\n\n\n<p>V\u00fdsledky sd\u011blujeme p\u0159ev\u00e1\u017en\u011b elektronicky. Ve v\u00fdsledc\u00edch uv\u00e1d\u00edme nejen prost\u00e9 \u010d\u00edslo vyjad\u0159uj\u00edc\u00ed moment\u00e1ln\u00ed hladinu progesteronu, ale i f\u00e1zi \u0159\u00edje, v kter\u00e9 se fenka nach\u00e1z\u00ed. Doporu\u010d\u00edme v\u00e1m den kryt\u00ed nebo p\u0159i n\u00edzk\u00e9 hladin\u011b progesteronu term\u00edn doporu\u010den\u00e9 kontroly.<\/p>\n\n\n\n<figure class=\"wp-block-image\"><a href=\"https:\/\/www.facebook.com\/groups\/485126205222303\" target=\"_blank\" rel=\"noopener\"><img loading=\"lazy\" decoding=\"async\" width=\"820\" height=\"312\" src=\"https:\/\/www.labvet.cz\/blog\/wp-content\/uploads\/2019\/07\/progclub-1.png\" alt=\"\u0161t\u011b\u0148ata z labvetu\" class=\"wp-image-627\" srcset=\"https:\/\/labvet.cz\/blog\/wp-content\/uploads\/2019\/07\/progclub-1.png 820w, https:\/\/labvet.cz\/blog\/wp-content\/uploads\/2019\/07\/progclub-1-300x114.png 300w, https:\/\/labvet.cz\/blog\/wp-content\/uploads\/2019\/07\/progclub-1-768x292.png 768w\" sizes=\"auto, (max-width: 767px) 89vw, (max-width: 1000px) 54vw, (max-width: 1071px) 543px, 580px\" \/><\/a><figcaption class=\"wp-element-caption\">Spokojen\u00ed z\u00e1kazn\u00edci, kte\u0159\u00ed  n\u00e1m pos\u00edlaj\u00ed obr\u00e1zky \u0161t\u011b\u0148\u00e1tek<\/figcaption><\/figure>\n\n\n\n<h3 class=\"wp-block-heading\"><strong>Jak daleko dop\u0159edu ur\u010d\u00edte kdy nakr\u00fdt fenu?<\/strong><\/h3>\n\n\n\n<p>Na z\u00e1klad\u011b hladiny progesteronu lze ur\u010dit optim\u00e1ln\u00ed den kryt\u00ed  maxim\u00e1ln\u011b na 24 &#8211; 48 hodin dop\u0159edu. Pokud je hladina progesteronu u feny n\u00edzk\u00e1, doporu\u010dujeme kontroln\u00ed vy\u0161et\u0159en\u00ed<\/p>\n\n\n\n<h4 class=\"wp-block-heading\">Pokud je ur\u010den\u00fd optim\u00e1ln\u00ed den kryt\u00ed feny, mus\u00ed se p\u0159ekr\u00fdvat tedy kryt\u00ed opakovat?<\/h4>\n\n\n\n<p>Pokud kryt\u00ed prob\u011bhne bez probl\u00e9m\u016f, nemus\u00ed. Tuto z\u00e1le\u017eitost ale m\u016f\u017ee ovlivnit i pes. Jedn\u00e1-li se nap\u0159. o del\u0161\u00ed dobu nekryj\u00edc\u00edho psa, je lep\u0161\u00ed kryt\u00ed s odstupem 24 &#8211; 48 hod opakovat.<\/p>\n\n\n\n<figure class=\"wp-block-image size-large\"><a href=\"https:\/\/labvet.online\/nase-sluzby\/ke-stazeni\/tahaky-1\/\" target=\"_blank\" rel=\"noreferrer noopener\"><img loading=\"lazy\" decoding=\"async\" width=\"1024\" height=\"307\" src=\"https:\/\/labvet.cz\/blog\/wp-content\/uploads\/2023\/08\/BANNERY-E-book-1024x307.png\" alt=\"odkaz pro sta\u017een\u00ed ebooku\" class=\"wp-image-5551\" srcset=\"https:\/\/labvet.cz\/blog\/wp-content\/uploads\/2023\/08\/BANNERY-E-book-1024x307.png 1024w, https:\/\/labvet.cz\/blog\/wp-content\/uploads\/2023\/08\/BANNERY-E-book-300x90.png 300w, https:\/\/labvet.cz\/blog\/wp-content\/uploads\/2023\/08\/BANNERY-E-book-768x230.png 768w, https:\/\/labvet.cz\/blog\/wp-content\/uploads\/2023\/08\/BANNERY-E-book-1536x461.png 1536w, https:\/\/labvet.cz\/blog\/wp-content\/uploads\/2023\/08\/BANNERY-E-book.png 2000w\" sizes=\"auto, (max-width: 767px) 89vw, (max-width: 1000px) 54vw, (max-width: 1071px) 543px, 580px\" \/><\/a><\/figure>\n\n\n\n<h3 class=\"wp-block-heading\"><strong>M\u016f\u017eete v souvislosti s kryt\u00edm fenky nab\u00eddnout i jin\u00e1 vy\u0161et\u0159en\u00ed?<\/strong><\/h3>\n\n\n\n<p>U\u017e v cen\u011b vy\u0161et\u0159en\u00ed je i parazitologie trusu b\u0159ez\u00ed feny kr\u00e1tce p\u0159ed porodem.<\/p>\n\n\n\n<p>P\u0159i opakovan\u00e9m nezab\u0159ez\u00e1v\u00e1n\u00ed fenky m\u016f\u017eeme nab\u00eddnout <a href=\"https:\/\/labvet.cz\/blog\/bakteriologicke-vysetreni-fen-pred-krytim\/\">bakteriologick\u00e9 vy\u0161et\u0159en\u00ed st\u011bru z d\u011blo\u017en\u00edho kr\u010dk<\/a><a rel=\"noreferrer noopener\" href=\"https:\/\/www.labvet.cz\/bakteriologie-pred-krytim-feny-laborator-125.php\" target=\"_blank\">u<\/a>. Vy\u0161et\u0159en\u00ed se prov\u00e1d\u00ed na za\u010d\u00e1tku barven\u00ed a v\u00fdsledky v\u010detn\u011b p\u0159\u00edpadn\u00e9 citlivosti na antibiotika jsou k dispozici za 48 hod. P\u0159i z\u00e1chytu patogenn\u00edch z\u00e1rodk\u016f je mo\u017en\u00e9 fenku je\u0161t\u011b p\u0159ed kryt\u00edm p\u0159el\u00e9\u010dit. Tato vy\u0161et\u0159en\u00ed n\u011bkdy po\u017eaduj\u00ed majitel\u00e9 chovn\u00fdch ps\u016f ze zahrani\u010d\u00ed. V\u00fdsledky sd\u011blujeme do 24 hod. <\/p>\n\n\n\n<p>Vzorek na bakteriologick\u00e9 vy\u0161et\u0159en\u00ed m\u016f\u017ee odebrat i v\u00e1\u0161 veterin\u00e1\u0159 a poslat do laborato\u0159e po\u0161tou \u010di kur\u00fdrem.<\/p>\n\n\n\n<p>V od\u016fvodn\u011bn\u00fdch p\u0159\u00edpadech m\u016f\u017eeme zprost\u0159edkovat vy\u0161et\u0159en\u00ed nap\u0159. na herpesvir\u00f3zu nebo mycoplasmu.<\/p>\n\n\n\n<hr class=\"wp-block-separator has-css-opacity\"\/>\n\n\n\n<h2 class=\"wp-block-heading\">\u010ct\u011bte tak\u00e9: <a href=\"https:\/\/labvet.cz\/blog\/jak-se-meri-progesteron-u-feny\/\">Jak se m\u011b\u0159\u00ed progesteron u feny<\/a><\/h2>\n\n\n\n<figure class=\"wp-block-image size-full\"><a href=\"https:\/\/labvet.vetbook.eu\/kalendar.php\"><img loading=\"lazy\" decoding=\"async\" width=\"900\" height=\"140\" src=\"https:\/\/labvet.cz\/blog\/wp-content\/uploads\/2023\/05\/Labvet-alergologie-220-800-465-27.jpg\" alt=\"odkaz do rezerva\u010dnho kalend\u00e1\u0159e\" class=\"wp-image-5061\" srcset=\"https:\/\/labvet.cz\/blog\/wp-content\/uploads\/2023\/05\/Labvet-alergologie-220-800-465-27.jpg 900w, https:\/\/labvet.cz\/blog\/wp-content\/uploads\/2023\/05\/Labvet-alergologie-220-800-465-27-300x47.jpg 300w, https:\/\/labvet.cz\/blog\/wp-content\/uploads\/2023\/05\/Labvet-alergologie-220-800-465-27-768x119.jpg 768w\" sizes=\"auto, (max-width: 767px) 89vw, (max-width: 1000px) 54vw, (max-width: 1071px) 543px, 580px\" \/><\/a><\/figure>\n\n\n\n<a href=\"https:\/\/www.firmy.cz\/detail\/13103986-veterinarni-laborator-labvet-cz-praha.html#hodnoceni\" target=\"_blank\" rel=\"noopener\"><img decoding=\"async\" src=\"https:\/\/www.firmy.cz\/img-stars\/light-13103986.svg\" alt=\"Veterin\u00e1rn\u00ed laborato\u0159 Labvet.cz na Firmy.cz\" \/><\/a>\n\n\n\n<h2 class=\"wp-block-heading\">\u010ct\u011bte tak\u00e9:&nbsp;<a href=\"https:\/\/www.labvet.cz\/blog\/par-slov-o-brezosti-aneb-co-se-deje-v-nasi-fence-po-kryti\/\" target=\"_blank\" rel=\"noreferrer noopener\">V\u00fd\u017eiva b\u0159ez\u00ed feny<\/a><\/h2>\n\n\n\n<figure class=\"wp-block-image size-full\"><a href=\"https:\/\/petshop.cymedica.cz\/labvet\/Shop?q=SPECIFIC+CPD-M\" target=\"_blank\" rel=\"noreferrer noopener\"><img loading=\"lazy\" decoding=\"async\" width=\"960\" height=\"240\" src=\"https:\/\/labvet.cz\/blog\/wp-content\/uploads\/2024\/01\/SPECIFIC-CPD-M-Puppy-Medium-Breed.jpg\" alt=\"reklama na krmivo SPECIFIC CPD\" class=\"wp-image-5936\" srcset=\"https:\/\/labvet.cz\/blog\/wp-content\/uploads\/2024\/01\/SPECIFIC-CPD-M-Puppy-Medium-Breed.jpg 960w, https:\/\/labvet.cz\/blog\/wp-content\/uploads\/2024\/01\/SPECIFIC-CPD-M-Puppy-Medium-Breed-300x75.jpg 300w, https:\/\/labvet.cz\/blog\/wp-content\/uploads\/2024\/01\/SPECIFIC-CPD-M-Puppy-Medium-Breed-768x192.jpg 768w\" sizes=\"auto, (max-width: 767px) 89vw, (max-width: 1000px) 54vw, (max-width: 1071px) 543px, 580px\" \/><\/a><figcaption class=\"wp-element-caption\">Toto krmivo je velmi vhodn\u00e9 pro \u0161t\u011b\u0148ata st\u0159edn\u00edch plemen. SPECIFIC\u2122 CPD-M Puppy Medium Breed je mo\u017en\u00e9 pod\u00e1vat od doby odstavu (5.-6. t\u00fdden \u017eivota) do dosa\u017een\u00ed 80 % t\u011blesn\u00e9 hmotnosti dosp\u011bl\u00e9ho jedince. \nB\u011bhem b\u0159ezosti a kojen\u00ed se u fen zvy\u0161uj\u00ed energetick\u00e9 a \u017eivinov\u00e9 po\u017eadavky. SPECIFIC\u2122 CPD-M Puppy Medium Breed vhodn\u00fdm krmivem i pro b\u0159ez\u00ed a koj\u00edc\u00ed feny v\u0161ech plemen. <\/figcaption><\/figure>\n","protected":false},"excerpt":{"rendered":"<p>Progesteron u feny Ur\u010den\u00ed vhodn\u00e9 doby ke kryt\u00ed feny b\u00fdv\u00e1 pro chovatele mnohdy probl\u00e9mem. Laboratorn\u00ed vy\u0161et\u0159en\u00ed m\u016f\u017ee zna\u010dn\u011b pomoci. Optim\u00e1ln\u00ed den kryti feny lze stanovit podle vy\u0161et\u0159en\u00ed koncentrace progesteronu v krvi nebo cytologick\u00fdm vy\u0161et\u0159en\u00edm st\u011bru z klenby po\u0161evn\u00ed. Na\u0161e laborato\u0159 prov\u00e1d\u00ed tato vy\u0161et\u0159en\u00ed od devades\u00e1t\u00fdch let. Doporu\u010dujeme sp\u00ed\u0161e vy\u0161et\u0159en\u00ed, j\u00edm\u017e se stanov\u00ed hladina progesteronu u &hellip; <\/p>\n<p class=\"link-more\"><a href=\"https:\/\/labvet.cz\/blog\/urceni-dne-kryti-feny\/\" class=\"more-link\">Pokra\u010dovat ve \u010dten\u00ed<span class=\"screen-reader-text\"> &#8222;Ur\u010den\u00ed dne kryt\u00ed feny&#8220;<\/span><\/a><\/p>\n","protected":false},"author":5,"featured_media":5129,"comment_status":"open","ping_status":"open","sticky":false,"template":"","format":"standard","meta":{"_seopress_robots_primary_cat":"none","_seopress_titles_title":"Ur\u010den\u00ed dne kryt\u00ed feny | Progesteron u feny | Labvet.cz","_seopress_titles_desc":"Kdy kr\u00fdt, aby fena zab\u0159ezla? Jak\u00e1 vy\u0161et\u0159en\u00ed jsou vhodn\u00e1 pro ur\u010den\u00ed dne kryt\u00ed feny? Jak dlouho dop\u0159edu lze den kryt\u00ed ur\u010dit? ","_seopress_robots_index":"","footnotes":""},"categories":[10],"tags":[215,213,37,188,218,26],"class_list":["post-594","post","type-post","status-publish","format-standard","has-post-thumbnail","hentry","category-reprodukce-psu","tag-hladina-progesteronu-u-feny","tag-kdy-nakryt-fenu","tag-kryti-feny","tag-progesteron-u-feny","tag-reprodukce-psu","tag-vladimira-ticha"],"yoast_head":"<!-- This site is optimized with the Yoast SEO plugin v25.2 - https:\/\/yoast.com\/wordpress\/plugins\/seo\/ -->\n<title>Ur\u010den\u00ed dne kryt\u00ed feny - Labvet blog<\/title>\n<meta name=\"robots\" content=\"index, follow, max-snippet:-1, max-image-preview:large, max-video-preview:-1\" \/>\n<link rel=\"canonical\" href=\"https:\/\/labvet.cz\/blog\/urceni-dne-kryti-feny\/\" \/>\n<meta property=\"og:locale\" content=\"cs_CZ\" \/>\n<meta property=\"og:type\" content=\"article\" \/>\n<meta property=\"og:title\" content=\"Ur\u010den\u00ed dne kryt\u00ed feny - Labvet blog\" \/>\n<meta property=\"og:description\" content=\"Progesteron u feny Ur\u010den\u00ed vhodn\u00e9 doby ke kryt\u00ed feny b\u00fdv\u00e1 pro chovatele mnohdy probl\u00e9mem. Laboratorn\u00ed vy\u0161et\u0159en\u00ed m\u016f\u017ee zna\u010dn\u011b pomoci. Optim\u00e1ln\u00ed den kryti feny lze stanovit podle vy\u0161et\u0159en\u00ed koncentrace progesteronu v krvi nebo cytologick\u00fdm vy\u0161et\u0159en\u00edm st\u011bru z klenby po\u0161evn\u00ed. Na\u0161e laborato\u0159 prov\u00e1d\u00ed tato vy\u0161et\u0159en\u00ed od devades\u00e1t\u00fdch let. Doporu\u010dujeme sp\u00ed\u0161e vy\u0161et\u0159en\u00ed, j\u00edm\u017e se stanov\u00ed hladina progesteronu u &hellip; Pokra\u010dovat ve \u010dten\u00ed &quot;Ur\u010den\u00ed dne kryt\u00ed feny&quot;\" \/>\n<meta property=\"og:url\" content=\"https:\/\/labvet.cz\/blog\/urceni-dne-kryti-feny\/\" \/>\n<meta property=\"og:site_name\" content=\"Labvet blog\" \/>\n<meta property=\"article:publisher\" content=\"https:\/\/www.facebook.com\/Labvet.cz\" \/>\n<meta property=\"article:published_time\" content=\"2019-07-08T09:45:32+00:00\" \/>\n<meta property=\"article:modified_time\" content=\"2025-03-05T08:18:32+00:00\" \/>\n<meta property=\"og:image\" content=\"https:\/\/labvet.cz\/blog\/wp-content\/uploads\/2019\/07\/Vyziva-brezi-fenky-3.png\" \/>\n\t<meta property=\"og:image:width\" content=\"820\" \/>\n\t<meta property=\"og:image:height\" content=\"462\" \/>\n\t<meta property=\"og:image:type\" content=\"image\/png\" \/>\n<meta name=\"author\" content=\"Vladim\u00edra Tich\u00e1\" \/>\n<meta name=\"twitter:card\" content=\"summary_large_image\" \/>\n<meta name=\"twitter:label1\" content=\"Napsal(a)\" \/>\n\t<meta name=\"twitter:data1\" content=\"Vladim\u00edra Tich\u00e1\" \/>\n\t<meta name=\"twitter:label2\" content=\"Odhadovan\u00e1 doba \u010dten\u00ed\" \/>\n\t<meta name=\"twitter:data2\" content=\"4 minuty\" \/>\n<script type=\"application\/ld+json\" class=\"yoast-schema-graph\">{\"@context\":\"https:\/\/schema.org\",\"@graph\":[{\"@type\":\"Article\",\"@id\":\"https:\/\/labvet.cz\/blog\/urceni-dne-kryti-feny\/#article\",\"isPartOf\":{\"@id\":\"https:\/\/labvet.cz\/blog\/urceni-dne-kryti-feny\/\"},\"author\":{\"name\":\"Vladim\u00edra Tich\u00e1\",\"@id\":\"https:\/\/labvet.cz\/blog\/#\/schema\/person\/bbad2f1a9452008dfc405633ccda24b2\"},\"headline\":\"Ur\u010den\u00ed dne kryt\u00ed feny\",\"datePublished\":\"2019-07-08T09:45:32+00:00\",\"dateModified\":\"2025-03-05T08:18:32+00:00\",\"mainEntityOfPage\":{\"@id\":\"https:\/\/labvet.cz\/blog\/urceni-dne-kryti-feny\/\"},\"wordCount\":795,\"commentCount\":2,\"publisher\":{\"@id\":\"https:\/\/labvet.cz\/blog\/#organization\"},\"image\":{\"@id\":\"https:\/\/labvet.cz\/blog\/urceni-dne-kryti-feny\/#primaryimage\"},\"thumbnailUrl\":\"https:\/\/labvet.cz\/blog\/wp-content\/uploads\/2019\/07\/Vyziva-brezi-fenky-3.png\",\"keywords\":[\"hladina progesteronu u feny\",\"kdy nakr\u00fdt fenu\",\"kryt\u00ed feny\",\"progesteron u feny\",\"reprodukce ps\u016f\",\"Vladim\u00edra Tich\u00e1\"],\"articleSection\":[\"Reprodukce ps\u016f\"],\"inLanguage\":\"cs\",\"potentialAction\":[{\"@type\":\"CommentAction\",\"name\":\"Comment\",\"target\":[\"https:\/\/labvet.cz\/blog\/urceni-dne-kryti-feny\/#respond\"]}]},{\"@type\":\"WebPage\",\"@id\":\"https:\/\/labvet.cz\/blog\/urceni-dne-kryti-feny\/\",\"url\":\"https:\/\/labvet.cz\/blog\/urceni-dne-kryti-feny\/\",\"name\":\"Ur\u010den\u00ed dne kryt\u00ed feny - Labvet blog\",\"isPartOf\":{\"@id\":\"https:\/\/labvet.cz\/blog\/#website\"},\"primaryImageOfPage\":{\"@id\":\"https:\/\/labvet.cz\/blog\/urceni-dne-kryti-feny\/#primaryimage\"},\"image\":{\"@id\":\"https:\/\/labvet.cz\/blog\/urceni-dne-kryti-feny\/#primaryimage\"},\"thumbnailUrl\":\"https:\/\/labvet.cz\/blog\/wp-content\/uploads\/2019\/07\/Vyziva-brezi-fenky-3.png\",\"datePublished\":\"2019-07-08T09:45:32+00:00\",\"dateModified\":\"2025-03-05T08:18:32+00:00\",\"breadcrumb\":{\"@id\":\"https:\/\/labvet.cz\/blog\/urceni-dne-kryti-feny\/#breadcrumb\"},\"inLanguage\":\"cs\",\"potentialAction\":[{\"@type\":\"ReadAction\",\"target\":[\"https:\/\/labvet.cz\/blog\/urceni-dne-kryti-feny\/\"]}]},{\"@type\":\"ImageObject\",\"inLanguage\":\"cs\",\"@id\":\"https:\/\/labvet.cz\/blog\/urceni-dne-kryti-feny\/#primaryimage\",\"url\":\"https:\/\/labvet.cz\/blog\/wp-content\/uploads\/2019\/07\/Vyziva-brezi-fenky-3.png\",\"contentUrl\":\"https:\/\/labvet.cz\/blog\/wp-content\/uploads\/2019\/07\/Vyziva-brezi-fenky-3.png\",\"width\":820,\"height\":462},{\"@type\":\"BreadcrumbList\",\"@id\":\"https:\/\/labvet.cz\/blog\/urceni-dne-kryti-feny\/#breadcrumb\",\"itemListElement\":[{\"@type\":\"ListItem\",\"position\":1,\"name\":\"Dom\u016f\",\"item\":\"https:\/\/labvet.cz\/blog\/\"},{\"@type\":\"ListItem\",\"position\":2,\"name\":\"Ur\u010den\u00ed dne kryt\u00ed feny\"}]},{\"@type\":\"WebSite\",\"@id\":\"https:\/\/labvet.cz\/blog\/#website\",\"url\":\"https:\/\/labvet.cz\/blog\/\",\"name\":\"Labvet blog\",\"description\":\"pro chovatele i veterin\u00e1rn\u00ed l\u00e9ka\u0159e\",\"publisher\":{\"@id\":\"https:\/\/labvet.cz\/blog\/#organization\"},\"potentialAction\":[{\"@type\":\"SearchAction\",\"target\":{\"@type\":\"EntryPoint\",\"urlTemplate\":\"https:\/\/labvet.cz\/blog\/?s={search_term_string}\"},\"query-input\":{\"@type\":\"PropertyValueSpecification\",\"valueRequired\":true,\"valueName\":\"search_term_string\"}}],\"inLanguage\":\"cs\"},{\"@type\":\"Organization\",\"@id\":\"https:\/\/labvet.cz\/blog\/#organization\",\"name\":\"Labvet.cz\",\"url\":\"https:\/\/labvet.cz\/blog\/\",\"logo\":{\"@type\":\"ImageObject\",\"inLanguage\":\"cs\",\"@id\":\"https:\/\/labvet.cz\/blog\/#\/schema\/logo\/image\/\",\"url\":\"https:\/\/labvet.cz\/blog\/wp-content\/uploads\/2023\/08\/cropped-Navrh-bez-nazvu.png\",\"contentUrl\":\"https:\/\/labvet.cz\/blog\/wp-content\/uploads\/2023\/08\/cropped-Navrh-bez-nazvu.png\",\"width\":300,\"height\":300,\"caption\":\"Labvet.cz\"},\"image\":{\"@id\":\"https:\/\/labvet.cz\/blog\/#\/schema\/logo\/image\/\"},\"sameAs\":[\"https:\/\/www.facebook.com\/Labvet.cz\",\"https:\/\/www.instagram.com\/labvet.cz\/\",\"https:\/\/www.linkedin.com\/showcase\/94138348\/admin\/dashboard\/\"]},{\"@type\":\"Person\",\"@id\":\"https:\/\/labvet.cz\/blog\/#\/schema\/person\/bbad2f1a9452008dfc405633ccda24b2\",\"name\":\"Vladim\u00edra Tich\u00e1\",\"image\":{\"@type\":\"ImageObject\",\"inLanguage\":\"cs\",\"@id\":\"https:\/\/labvet.cz\/blog\/#\/schema\/person\/image\/\",\"url\":\"https:\/\/secure.gravatar.com\/avatar\/006249f2c43485b8397ae08eea7ba7f3e6b682795e8e33ea4c7dcf34d196813e?s=96&d=mm&r=g\",\"contentUrl\":\"https:\/\/secure.gravatar.com\/avatar\/006249f2c43485b8397ae08eea7ba7f3e6b682795e8e33ea4c7dcf34d196813e?s=96&d=mm&r=g\",\"caption\":\"Vladim\u00edra Tich\u00e1\"},\"url\":\"https:\/\/labvet.cz\/blog\/author\/vladimira\/\"}]}<\/script>\n<!-- \/ Yoast SEO plugin. -->","yoast_head_json":{"title":"Ur\u010den\u00ed dne kryt\u00ed feny - Labvet blog","robots":{"index":"index","follow":"follow","max-snippet":"max-snippet:-1","max-image-preview":"max-image-preview:large","max-video-preview":"max-video-preview:-1"},"canonical":"https:\/\/labvet.cz\/blog\/urceni-dne-kryti-feny\/","og_locale":"cs_CZ","og_type":"article","og_title":"Ur\u010den\u00ed dne kryt\u00ed feny - Labvet blog","og_description":"Progesteron u feny Ur\u010den\u00ed vhodn\u00e9 doby ke kryt\u00ed feny b\u00fdv\u00e1 pro chovatele mnohdy probl\u00e9mem. Laboratorn\u00ed vy\u0161et\u0159en\u00ed m\u016f\u017ee zna\u010dn\u011b pomoci. Optim\u00e1ln\u00ed den kryti feny lze stanovit podle vy\u0161et\u0159en\u00ed koncentrace progesteronu v krvi nebo cytologick\u00fdm vy\u0161et\u0159en\u00edm st\u011bru z klenby po\u0161evn\u00ed. Na\u0161e laborato\u0159 prov\u00e1d\u00ed tato vy\u0161et\u0159en\u00ed od devades\u00e1t\u00fdch let. Doporu\u010dujeme sp\u00ed\u0161e vy\u0161et\u0159en\u00ed, j\u00edm\u017e se stanov\u00ed hladina progesteronu u &hellip; Pokra\u010dovat ve \u010dten\u00ed \"Ur\u010den\u00ed dne kryt\u00ed feny\"","og_url":"https:\/\/labvet.cz\/blog\/urceni-dne-kryti-feny\/","og_site_name":"Labvet blog","article_publisher":"https:\/\/www.facebook.com\/Labvet.cz","article_published_time":"2019-07-08T09:45:32+00:00","article_modified_time":"2025-03-05T08:18:32+00:00","og_image":[{"width":820,"height":462,"url":"https:\/\/labvet.cz\/blog\/wp-content\/uploads\/2019\/07\/Vyziva-brezi-fenky-3.png","type":"image\/png"}],"author":"Vladim\u00edra Tich\u00e1","twitter_card":"summary_large_image","twitter_misc":{"Napsal(a)":"Vladim\u00edra Tich\u00e1","Odhadovan\u00e1 doba \u010dten\u00ed":"4 minuty"},"schema":{"@context":"https:\/\/schema.org","@graph":[{"@type":"Article","@id":"https:\/\/labvet.cz\/blog\/urceni-dne-kryti-feny\/#article","isPartOf":{"@id":"https:\/\/labvet.cz\/blog\/urceni-dne-kryti-feny\/"},"author":{"name":"Vladim\u00edra Tich\u00e1","@id":"https:\/\/labvet.cz\/blog\/#\/schema\/person\/bbad2f1a9452008dfc405633ccda24b2"},"headline":"Ur\u010den\u00ed dne kryt\u00ed feny","datePublished":"2019-07-08T09:45:32+00:00","dateModified":"2025-03-05T08:18:32+00:00","mainEntityOfPage":{"@id":"https:\/\/labvet.cz\/blog\/urceni-dne-kryti-feny\/"},"wordCount":795,"commentCount":2,"publisher":{"@id":"https:\/\/labvet.cz\/blog\/#organization"},"image":{"@id":"https:\/\/labvet.cz\/blog\/urceni-dne-kryti-feny\/#primaryimage"},"thumbnailUrl":"https:\/\/labvet.cz\/blog\/wp-content\/uploads\/2019\/07\/Vyziva-brezi-fenky-3.png","keywords":["hladina progesteronu u feny","kdy nakr\u00fdt fenu","kryt\u00ed feny","progesteron u feny","reprodukce ps\u016f","Vladim\u00edra Tich\u00e1"],"articleSection":["Reprodukce ps\u016f"],"inLanguage":"cs","potentialAction":[{"@type":"CommentAction","name":"Comment","target":["https:\/\/labvet.cz\/blog\/urceni-dne-kryti-feny\/#respond"]}]},{"@type":"WebPage","@id":"https:\/\/labvet.cz\/blog\/urceni-dne-kryti-feny\/","url":"https:\/\/labvet.cz\/blog\/urceni-dne-kryti-feny\/","name":"Ur\u010den\u00ed dne kryt\u00ed feny - Labvet blog","isPartOf":{"@id":"https:\/\/labvet.cz\/blog\/#website"},"primaryImageOfPage":{"@id":"https:\/\/labvet.cz\/blog\/urceni-dne-kryti-feny\/#primaryimage"},"image":{"@id":"https:\/\/labvet.cz\/blog\/urceni-dne-kryti-feny\/#primaryimage"},"thumbnailUrl":"https:\/\/labvet.cz\/blog\/wp-content\/uploads\/2019\/07\/Vyziva-brezi-fenky-3.png","datePublished":"2019-07-08T09:45:32+00:00","dateModified":"2025-03-05T08:18:32+00:00","breadcrumb":{"@id":"https:\/\/labvet.cz\/blog\/urceni-dne-kryti-feny\/#breadcrumb"},"inLanguage":"cs","potentialAction":[{"@type":"ReadAction","target":["https:\/\/labvet.cz\/blog\/urceni-dne-kryti-feny\/"]}]},{"@type":"ImageObject","inLanguage":"cs","@id":"https:\/\/labvet.cz\/blog\/urceni-dne-kryti-feny\/#primaryimage","url":"https:\/\/labvet.cz\/blog\/wp-content\/uploads\/2019\/07\/Vyziva-brezi-fenky-3.png","contentUrl":"https:\/\/labvet.cz\/blog\/wp-content\/uploads\/2019\/07\/Vyziva-brezi-fenky-3.png","width":820,"height":462},{"@type":"BreadcrumbList","@id":"https:\/\/labvet.cz\/blog\/urceni-dne-kryti-feny\/#breadcrumb","itemListElement":[{"@type":"ListItem","position":1,"name":"Dom\u016f","item":"https:\/\/labvet.cz\/blog\/"},{"@type":"ListItem","position":2,"name":"Ur\u010den\u00ed dne kryt\u00ed feny"}]},{"@type":"WebSite","@id":"https:\/\/labvet.cz\/blog\/#website","url":"https:\/\/labvet.cz\/blog\/","name":"Labvet blog","description":"pro chovatele i veterin\u00e1rn\u00ed l\u00e9ka\u0159e","publisher":{"@id":"https:\/\/labvet.cz\/blog\/#organization"},"potentialAction":[{"@type":"SearchAction","target":{"@type":"EntryPoint","urlTemplate":"https:\/\/labvet.cz\/blog\/?s={search_term_string}"},"query-input":{"@type":"PropertyValueSpecification","valueRequired":true,"valueName":"search_term_string"}}],"inLanguage":"cs"},{"@type":"Organization","@id":"https:\/\/labvet.cz\/blog\/#organization","name":"Labvet.cz","url":"https:\/\/labvet.cz\/blog\/","logo":{"@type":"ImageObject","inLanguage":"cs","@id":"https:\/\/labvet.cz\/blog\/#\/schema\/logo\/image\/","url":"https:\/\/labvet.cz\/blog\/wp-content\/uploads\/2023\/08\/cropped-Navrh-bez-nazvu.png","contentUrl":"https:\/\/labvet.cz\/blog\/wp-content\/uploads\/2023\/08\/cropped-Navrh-bez-nazvu.png","width":300,"height":300,"caption":"Labvet.cz"},"image":{"@id":"https:\/\/labvet.cz\/blog\/#\/schema\/logo\/image\/"},"sameAs":["https:\/\/www.facebook.com\/Labvet.cz","https:\/\/www.instagram.com\/labvet.cz\/","https:\/\/www.linkedin.com\/showcase\/94138348\/admin\/dashboard\/"]},{"@type":"Person","@id":"https:\/\/labvet.cz\/blog\/#\/schema\/person\/bbad2f1a9452008dfc405633ccda24b2","name":"Vladim\u00edra Tich\u00e1","image":{"@type":"ImageObject","inLanguage":"cs","@id":"https:\/\/labvet.cz\/blog\/#\/schema\/person\/image\/","url":"https:\/\/secure.gravatar.com\/avatar\/006249f2c43485b8397ae08eea7ba7f3e6b682795e8e33ea4c7dcf34d196813e?s=96&d=mm&r=g","contentUrl":"https:\/\/secure.gravatar.com\/avatar\/006249f2c43485b8397ae08eea7ba7f3e6b682795e8e33ea4c7dcf34d196813e?s=96&d=mm&r=g","caption":"Vladim\u00edra Tich\u00e1"},"url":"https:\/\/labvet.cz\/blog\/author\/vladimira\/"}]}},"_links":{"self":[{"href":"https:\/\/labvet.cz\/blog\/wp-json\/wp\/v2\/posts\/594","targetHints":{"allow":["GET"]}}],"collection":[{"href":"https:\/\/labvet.cz\/blog\/wp-json\/wp\/v2\/posts"}],"about":[{"href":"https:\/\/labvet.cz\/blog\/wp-json\/wp\/v2\/types\/post"}],"author":[{"embeddable":true,"href":"https:\/\/labvet.cz\/blog\/wp-json\/wp\/v2\/users\/5"}],"replies":[{"embeddable":true,"href":"https:\/\/labvet.cz\/blog\/wp-json\/wp\/v2\/comments?post=594"}],"version-history":[{"count":54,"href":"https:\/\/labvet.cz\/blog\/wp-json\/wp\/v2\/posts\/594\/revisions"}],"predecessor-version":[{"id":6601,"href":"https:\/\/labvet.cz\/blog\/wp-json\/wp\/v2\/posts\/594\/revisions\/6601"}],"wp:featuredmedia":[{"embeddable":true,"href":"https:\/\/labvet.cz\/blog\/wp-json\/wp\/v2\/media\/5129"}],"wp:attachment":[{"href":"https:\/\/labvet.cz\/blog\/wp-json\/wp\/v2\/media?parent=594"}],"wp:term":[{"taxonomy":"category","embeddable":true,"href":"https:\/\/labvet.cz\/blog\/wp-json\/wp\/v2\/categories?post=594"},{"taxonomy":"post_tag","embeddable":true,"href":"https:\/\/labvet.cz\/blog\/wp-json\/wp\/v2\/tags?post=594"}],"curies":[{"name":"wp","href":"https:\/\/api.w.org\/{rel}","templated":true}]}}