{"id":839,"date":"2019-08-14T17:34:30","date_gmt":"2019-08-14T15:34:30","guid":{"rendered":"https:\/\/www.labvet.cz\/blog\/?p=839"},"modified":"2025-03-07T19:25:19","modified_gmt":"2025-03-07T18:25:19","slug":"bakteriologicke-vysetreni-fen-pred-krytim","status":"publish","type":"post","link":"https:\/\/labvet.cz\/blog\/bakteriologicke-vysetreni-fen-pred-krytim\/","title":{"rendered":"Bakteriologick\u00e9 vy\u0161et\u0159en\u00ed p\u0159ed kryt\u00edm feny"},"content":{"rendered":"\n<p>Chovatel\u00e9, kte\u0159\u00ed jezd\u00ed kr\u00fdt do zahrani\u010d\u00ed ob\u010das naraz\u00ed na majitele kryc\u00edho psa, kter\u00fd souhlas s kryt\u00edm podmi\u0148uje bakteriologick\u00fdm vy\u0161et\u0159en\u00edm fenky. Podobn\u00fd po\u017eadavek za\u010d\u00ednaj\u00ed m\u00edt i majitel\u00e9 \u010desk\u00fdch ps\u016f. D\u016fvodem jsou obavy, \u017ee fena n\u011b\u010d\u00edm nep\u0159\u00edjemn\u00fdm psa nakaz\u00ed. <\/p>\n\n\n\n<figure class=\"wp-block-image size-large\"><a href=\"https:\/\/labvet.online\/nase-sluzby\/webinare-labvetu\/webinar-priciny-nezabrezavani\/\" target=\"_blank\" rel=\"noreferrer noopener\"><img loading=\"lazy\" decoding=\"async\" width=\"1024\" height=\"307\" src=\"https:\/\/labvet.cz\/blog\/wp-content\/uploads\/2023\/12\/Priciny-nezabrezavani-1024x307.jpg\" alt=\"\" class=\"wp-image-5810\" srcset=\"https:\/\/labvet.cz\/blog\/wp-content\/uploads\/2023\/12\/Priciny-nezabrezavani-1024x307.jpg 1024w, https:\/\/labvet.cz\/blog\/wp-content\/uploads\/2023\/12\/Priciny-nezabrezavani-300x90.jpg 300w, https:\/\/labvet.cz\/blog\/wp-content\/uploads\/2023\/12\/Priciny-nezabrezavani-768x230.jpg 768w, https:\/\/labvet.cz\/blog\/wp-content\/uploads\/2023\/12\/Priciny-nezabrezavani-1536x461.jpg 1536w, https:\/\/labvet.cz\/blog\/wp-content\/uploads\/2023\/12\/Priciny-nezabrezavani.jpg 2000w\" sizes=\"auto, (max-width: 767px) 89vw, (max-width: 1000px) 54vw, (max-width: 1071px) 543px, 580px\" \/><\/a><\/figure>\n\n\n\n<p>Je mo\u017en\u00e9 diskutovat o tom, zda takov\u00e9 nebezpe\u010d\u00ed opravdu hroz\u00ed \u010di ne. Pravdou ale je, \u017ee uveden\u00e9 vy\u0161et\u0159en\u00ed nen\u00ed zbyte\u010dn\u00e9 ani z pohledu feny. Bakteri\u00e1ln\u00ed infekce, s kterou si organizmus feny s dobrou obranyschopnost\u00ed porad\u00ed, a kter\u00e1 tedy nevyvol\u00e1 onemocn\u011bn\u00ed typu z\u00e1n\u011btu reproduk\u010dn\u00edch org\u00e1n\u016f nap\u0159. d\u011blohy, m\u016f\u017ee b\u00fdt jedn\u00edm z d\u016fvod\u016f, pro\u010d fenka  nezab\u0159ezne nebo v pr\u016fb\u011bhu b\u0159ezosti plody vst\u0159eb\u00e1. <\/p>\n\n\n\n<p>P\u0159i z\u00e1va\u017en\u011bj\u0161\u00edch probl\u00e9mech m\u016f\u017ee doj\u00edt i k \u00fahynu \u0161t\u011b\u0148at p\u0159ed porodem, v jeho pr\u016fb\u011bhu nebo po narozen\u00ed.<\/p>\n\n\n\n<iframe loading=\"lazy\" src=\"https:\/\/www.facebook.com\/plugins\/post.php?href=https%3A%2F%2Fwww.facebook.com%2Fmashapitekova%2Fposts%2F10225302585660097&#038;show_text=true&#038;width=500\" width=\"500\" height=\"228\" style=\"border:none;overflow:hidden\" scrolling=\"no\" frameborder=\"0\" allowfullscreen=\"true\" allow=\"autoplay; clipboard-write; encrypted-media; picture-in-picture; web-share\"><\/iframe>\n\n\n\n<p>Bakteriologick\u00e9 vy\u0161et\u0159en\u00ed feny p\u0159ed kryt\u00edm m\u016f\u017ee tedy b\u00fdt z chovatelsk\u00e9ho hlediska zaj\u00edmav\u00e9 a pro chovatele je ur\u010dit\u011b d\u016fle\u017eit\u00e1 informace, jak prob\u00edh\u00e1. Je t\u0159eba dodr\u017eovat dv\u011b z\u00e1sady. Ta prvn\u00ed se vztahuje k term\u00ednu odb\u011br\u016f a druh\u00e1 k jejich technick\u00e9mu proveden\u00ed. Tento typ vy\u0161et\u0159en\u00ed m\u00e1 v\u00fdznam d\u011blat a\u017e v dob\u011b, kdy nastupuje h\u00e1r\u00e1n\u00ed a fenka za\u010d\u00edn\u00e1 barvit, kdy se tedy uvol\u0148uje d\u011blo\u017en\u00ed  kr\u010dek a je mo\u017en\u00e9 se dostat k sekretu z d\u011blohy. <\/p>\n\n\n\n<h2 class=\"wp-block-heading\">Jakmile zpozorujete u feny prvn\u00ed zn\u00e1mky h\u00e1r\u00e1n\u00ed<\/h2>\n\n\n\n<p>Materi\u00e1l pro vy\u0161et\u0159en\u00ed je  t\u0159eba z\u00edskat z d\u011blo\u017en\u00edho kr\u010dku. V praxi to znamen\u00e1, \u017ee nesta\u010d\u00ed  tamponkem vyt\u0159\u00edt p\u0159ezku feny nebo za\u010d\u00e1tek pochvy, ale \u017ee je t\u0159eba se  pomoc\u00ed speci\u00e1ln\u00edho n\u00e1stroje (spekula) dostat a\u017e do oblasti p\u0159ed d\u011blo\u017en\u00edm kr\u010dkem.<\/p>\n\n\n\n<figure class=\"wp-block-image size-full\"><img loading=\"lazy\" decoding=\"async\" width=\"960\" height=\"240\" src=\"https:\/\/labvet.cz\/blog\/wp-content\/uploads\/2024\/01\/SPECIFIC-CPD-M-Puppy-Medium-Breed.jpg\" alt=\"SPECIFIC CPD\" class=\"wp-image-5936\" srcset=\"https:\/\/labvet.cz\/blog\/wp-content\/uploads\/2024\/01\/SPECIFIC-CPD-M-Puppy-Medium-Breed.jpg 960w, https:\/\/labvet.cz\/blog\/wp-content\/uploads\/2024\/01\/SPECIFIC-CPD-M-Puppy-Medium-Breed-300x75.jpg 300w, https:\/\/labvet.cz\/blog\/wp-content\/uploads\/2024\/01\/SPECIFIC-CPD-M-Puppy-Medium-Breed-768x192.jpg 768w\" sizes=\"auto, (max-width: 767px) 89vw, (max-width: 1000px) 54vw, (max-width: 1071px) 543px, 580px\" \/><figcaption class=\"wp-element-caption\">B\u011bhem b\u0159ezosti a kojen\u00ed se u fen zvy\u0161uj\u00ed energetick\u00e9 a \u017eivinov\u00e9 po\u017eadavky. SPECIFIC\u2122 CPD-M Puppy Medium Breed vhodn\u00fdm krmivem i pro b\u0159ez\u00ed a koj\u00edc\u00ed feny v\u0161ech plemen. <\/figcaption><\/figure>\n\n\n\n<p>V p\u0159\u00edpad\u011b pozitivn\u00edho n\u00e1lezu je sou\u010d\u00e1st\u00ed vy\u0161et\u0159en\u00ed i stanoven\u00ed citlivosti na antibiotika tak, aby p\u0159\u00edpadn\u00e1 l\u00e9\u010dba mohla b\u00fdt c\u00edlen\u00e1. Pokud chovatel p\u0159ijde na odb\u011br na za\u010d\u00e1tku h\u00e1r\u00e1n\u00ed feny (1. &#8211; 2. den) a jsou zachyceny bakterie, kter\u00e9 by mohly zp\u016fsobit probl\u00e9m, je je\u0161t\u011b \u0161ance p\u0159ed kryt\u00edm fenku p\u0159el\u00e9\u010dit a nebezpe\u010d\u00ed probl\u00e9m\u016f tak za\u017eehnat.<\/p>\n\n\n\n<p>Odb\u011bry pro bakteriologick\u00e9 vy\u0161et\u0159en\u00ed fen prov\u00e1d\u00edme v <a rel=\"noreferrer noopener\" href=\"http:\/\/www.labvet.cz\" target=\"_blank\">Labvetu<\/a>. Do 24 hodin v\u00edme, zda jsou \u010di nejsou zachyceny patogenn\u00ed bakterie a dal\u0161\u00ed den je hotov\u00e1 citlivost na antibiotika. Vzorek na vy\u0161et\u0159en\u00ed m\u016f\u017ee odebrat i v\u00e1\u0161 veterin\u00e1\u0159 a odeslat k n\u00e1m do laborato\u0159e. M\u016f\u017eete si hned te\u010f <a rel=\"noreferrer noopener\" href=\"https:\/\/labvet.vetbook.eu\/kalendar.php\" target=\"_blank\">rezervovat term\u00edn vy\u0161et\u0159en\u00ed<\/a>.<\/p>\n\n\n\n<figure class=\"wp-block-image size-large\"><a href=\"https:\/\/labvet.online\/tahaky-1\/\" target=\"_blank\" rel=\"noopener\"><img loading=\"lazy\" decoding=\"async\" width=\"1024\" height=\"307\" src=\"https:\/\/labvet.cz\/blog\/wp-content\/uploads\/2023\/08\/BANNERY-E-book-1024x307.png\" alt=\"\" class=\"wp-image-5551\" srcset=\"https:\/\/labvet.cz\/blog\/wp-content\/uploads\/2023\/08\/BANNERY-E-book-1024x307.png 1024w, https:\/\/labvet.cz\/blog\/wp-content\/uploads\/2023\/08\/BANNERY-E-book-300x90.png 300w, https:\/\/labvet.cz\/blog\/wp-content\/uploads\/2023\/08\/BANNERY-E-book-768x230.png 768w, https:\/\/labvet.cz\/blog\/wp-content\/uploads\/2023\/08\/BANNERY-E-book-1536x461.png 1536w, https:\/\/labvet.cz\/blog\/wp-content\/uploads\/2023\/08\/BANNERY-E-book.png 2000w\" sizes=\"auto, (max-width: 767px) 89vw, (max-width: 1000px) 54vw, (max-width: 1071px) 543px, 580px\" \/><\/a><\/figure>\n\n\n\n<p>Vy\u0161et\u0159en\u00ed je opodstatn\u011bn\u00e9 u nezab\u0159ez\u00e1vaj\u00edc\u00edch fen a samoz\u0159ejm\u011b se mu nevyhnou chovatel\u00e9 v p\u0159\u00edpad\u011b, kdy je po\u017eadov\u00e1no majitelem kryc\u00edho psa. Z hlediska fen to nen\u00ed  bolestiv\u00fd z\u00e1krok. V p\u0159\u00edpad\u011b prvni\u010dek je ur\u010dit\u00fdm dopl\u0148kem v\u00fdsledk\u016f i to,  \u017ee se vlastn\u011b jedn\u00e1 o gynekologick\u00e9 vy\u0161et\u0159en\u00ed feny, p\u0159i kter\u00e9m se ov\u011b\u0159\u00ed  pr\u016fchodnost a celkov\u00e9 utv\u00e1\u0159en\u00ed pochvy, co\u017e m\u016f\u017ee m\u00edt v\u00fdznam jak p\u0159i  kryt\u00ed, tak p\u0159i porodu.<\/p>\n\n\n\n<p>Chovalel\u00e9 st\u00e1le \u010dast\u011bji po\u017eaduj\u00ed vy\u0161et\u0159en\u00ed na ureaplasmu. D\u0159\u00edve jsme tato vy\u0161et\u0159en\u00ed pos\u00edlali do partnersk\u00fdch laborato\u0159\u00ed, od roku 2023 prov\u00e1d\u00edme vy\u0161et\u0159en\u00ed sami.<\/p>\n\n\n\n<hr class=\"wp-block-separator has-css-opacity\"\/>\n\n\n\n<figure class=\"wp-block-image size-full\"><a href=\"https:\/\/labvet.vetbook.eu\/kalendar.php\" target=\"_blank\" rel=\"noreferrer noopener\"><img loading=\"lazy\" decoding=\"async\" width=\"900\" height=\"140\" src=\"https:\/\/labvet.cz\/blog\/wp-content\/uploads\/2023\/05\/Labvet-alergologie-220-800-465-27.jpg\" alt=\"\" class=\"wp-image-5061\" srcset=\"https:\/\/labvet.cz\/blog\/wp-content\/uploads\/2023\/05\/Labvet-alergologie-220-800-465-27.jpg 900w, https:\/\/labvet.cz\/blog\/wp-content\/uploads\/2023\/05\/Labvet-alergologie-220-800-465-27-300x47.jpg 300w, https:\/\/labvet.cz\/blog\/wp-content\/uploads\/2023\/05\/Labvet-alergologie-220-800-465-27-768x119.jpg 768w\" sizes=\"auto, (max-width: 767px) 89vw, (max-width: 1000px) 54vw, (max-width: 1071px) 543px, 580px\" \/><\/a><\/figure>\n\n\n\n<a href=\"https:\/\/www.firmy.cz\/detail\/13103986-veterinarni-laborator-labvet-cz-praha.html#hodnoceni\" target=\"_blank\" rel=\"noopener\"><img decoding=\"async\" src=\"https:\/\/www.firmy.cz\/img-stars\/light-13103986.svg\" alt=\"Veterin\u00e1rn\u00ed laborato\u0159 Labvet.cz na Firmy.cz\" \/><\/a>\n\n\n\n<h2 class=\"wp-block-heading\">\u010ct\u011bte tak\u00e9:  <a href=\"https:\/\/www.labvet.cz\/blog\/proc-nam-zase-fena-nezabrezla?\/\" target=\"_blank\" rel=\"noreferrer noopener\">Pro\u010d n\u00e1m zase fena nezab\u0159ezla?<\/a><\/h2>\n\n\n\n<figure class=\"wp-block-image size-full\"><a href=\"https:\/\/petshop.cymedica.cz\/labvet\/Shop?q=10%2B2\" target=\"_blank\" rel=\"noreferrer noopener\"><img loading=\"lazy\" decoding=\"async\" width=\"960\" height=\"240\" src=\"https:\/\/labvet.cz\/blog\/wp-content\/uploads\/2024\/01\/SPECIFIC-krmivo-pro-psy.jpg\" alt=\"krmiva specific\" class=\"wp-image-5951\" srcset=\"https:\/\/labvet.cz\/blog\/wp-content\/uploads\/2024\/01\/SPECIFIC-krmivo-pro-psy.jpg 960w, https:\/\/labvet.cz\/blog\/wp-content\/uploads\/2024\/01\/SPECIFIC-krmivo-pro-psy-300x75.jpg 300w, https:\/\/labvet.cz\/blog\/wp-content\/uploads\/2024\/01\/SPECIFIC-krmivo-pro-psy-768x192.jpg 768w\" sizes=\"auto, (max-width: 767px) 89vw, (max-width: 1000px) 54vw, (max-width: 1071px) 543px, 580px\" \/><\/a><figcaption class=\"wp-element-caption\">V\u00fdhodn\u00e9 cenov\u00e9 akce pr\u00e9miov\u00e9ho krmiva pro dosp\u011bl\u00e9 psy i \u0161t\u011b\u0148ata zna\u010dky Specific\u2122. V akci najdete i veterin\u00e1rn\u00ed dietu s n\u00edzk\u00fd obsahem tuk\u016f a kalori\u00ed pro psy s nadv\u00e1hou.<\/figcaption><\/figure>\n","protected":false},"excerpt":{"rendered":"<p>Bakteriologick\u00e9 vy\u0161et\u0159en\u00ed fen p\u0159ed kryt\u00edm<\/p>\n","protected":false},"author":5,"featured_media":5128,"comment_status":"open","ping_status":"open","sticky":false,"template":"","format":"standard","meta":{"_seopress_robots_primary_cat":"none","_seopress_titles_title":"Bakteriologick\u00e9 vy\u0161et\u0159en\u00ed feny p\u0159ed kryt\u00edm | Labvet.cz","_seopress_titles_desc":"Zjist\u011bte, pro\u010d je d\u016fle\u017eit\u00e9 prov\u00e9st bakteriologick\u00e9 vy\u0161et\u0159en\u00ed feny p\u0159ed kryt\u00edm a jak m\u016f\u017ee ovlivnit \u00fasp\u011b\u0161nost zab\u0159eznut\u00ed.","_seopress_robots_index":"","footnotes":""},"categories":[10],"tags":[37,218,26],"class_list":["post-839","post","type-post","status-publish","format-standard","has-post-thumbnail","hentry","category-reprodukce-psu","tag-kryti-feny","tag-reprodukce-psu","tag-vladimira-ticha"],"yoast_head":"<!-- This site is optimized with the Yoast SEO plugin v25.2 - https:\/\/yoast.com\/wordpress\/plugins\/seo\/ -->\n<title>Bakteriologick\u00e9 vy\u0161et\u0159en\u00ed p\u0159ed kryt\u00edm feny - Labvet blog<\/title>\n<meta name=\"robots\" content=\"index, follow, max-snippet:-1, max-image-preview:large, max-video-preview:-1\" \/>\n<link rel=\"canonical\" href=\"https:\/\/labvet.cz\/blog\/bakteriologicke-vysetreni-fen-pred-krytim\/\" \/>\n<meta property=\"og:locale\" content=\"cs_CZ\" \/>\n<meta property=\"og:type\" content=\"article\" \/>\n<meta property=\"og:title\" content=\"Bakteriologick\u00e9 vy\u0161et\u0159en\u00ed p\u0159ed kryt\u00edm feny - Labvet blog\" \/>\n<meta property=\"og:description\" content=\"Bakteriologick\u00e9 vy\u0161et\u0159en\u00ed fen p\u0159ed kryt\u00edm\" \/>\n<meta property=\"og:url\" content=\"https:\/\/labvet.cz\/blog\/bakteriologicke-vysetreni-fen-pred-krytim\/\" \/>\n<meta property=\"og:site_name\" content=\"Labvet blog\" \/>\n<meta property=\"article:publisher\" content=\"https:\/\/www.facebook.com\/Labvet.cz\" \/>\n<meta property=\"article:published_time\" content=\"2019-08-14T15:34:30+00:00\" \/>\n<meta property=\"article:modified_time\" content=\"2025-03-07T18:25:19+00:00\" \/>\n<meta property=\"og:image\" content=\"https:\/\/labvet.cz\/blog\/wp-content\/uploads\/2019\/08\/Vyziva-brezi-fenky-2.png\" \/>\n\t<meta property=\"og:image:width\" content=\"820\" \/>\n\t<meta property=\"og:image:height\" content=\"462\" \/>\n\t<meta property=\"og:image:type\" content=\"image\/png\" \/>\n<meta name=\"author\" content=\"Vladim\u00edra Tich\u00e1\" \/>\n<meta name=\"twitter:card\" content=\"summary_large_image\" \/>\n<meta name=\"twitter:label1\" content=\"Napsal(a)\" \/>\n\t<meta name=\"twitter:data1\" content=\"Vladim\u00edra Tich\u00e1\" \/>\n\t<meta name=\"twitter:label2\" content=\"Odhadovan\u00e1 doba \u010dten\u00ed\" \/>\n\t<meta name=\"twitter:data2\" content=\"3 minuty\" \/>\n<script type=\"application\/ld+json\" class=\"yoast-schema-graph\">{\"@context\":\"https:\/\/schema.org\",\"@graph\":[{\"@type\":\"Article\",\"@id\":\"https:\/\/labvet.cz\/blog\/bakteriologicke-vysetreni-fen-pred-krytim\/#article\",\"isPartOf\":{\"@id\":\"https:\/\/labvet.cz\/blog\/bakteriologicke-vysetreni-fen-pred-krytim\/\"},\"author\":{\"name\":\"Vladim\u00edra Tich\u00e1\",\"@id\":\"https:\/\/labvet.cz\/blog\/#\/schema\/person\/bbad2f1a9452008dfc405633ccda24b2\"},\"headline\":\"Bakteriologick\u00e9 vy\u0161et\u0159en\u00ed p\u0159ed kryt\u00edm feny\",\"datePublished\":\"2019-08-14T15:34:30+00:00\",\"dateModified\":\"2025-03-07T18:25:19+00:00\",\"mainEntityOfPage\":{\"@id\":\"https:\/\/labvet.cz\/blog\/bakteriologicke-vysetreni-fen-pred-krytim\/\"},\"wordCount\":689,\"commentCount\":2,\"publisher\":{\"@id\":\"https:\/\/labvet.cz\/blog\/#organization\"},\"image\":{\"@id\":\"https:\/\/labvet.cz\/blog\/bakteriologicke-vysetreni-fen-pred-krytim\/#primaryimage\"},\"thumbnailUrl\":\"https:\/\/labvet.cz\/blog\/wp-content\/uploads\/2019\/08\/Vyziva-brezi-fenky-2.png\",\"keywords\":[\"kryt\u00ed feny\",\"reprodukce ps\u016f\",\"Vladim\u00edra Tich\u00e1\"],\"articleSection\":[\"Reprodukce ps\u016f\"],\"inLanguage\":\"cs\",\"potentialAction\":[{\"@type\":\"CommentAction\",\"name\":\"Comment\",\"target\":[\"https:\/\/labvet.cz\/blog\/bakteriologicke-vysetreni-fen-pred-krytim\/#respond\"]}]},{\"@type\":\"WebPage\",\"@id\":\"https:\/\/labvet.cz\/blog\/bakteriologicke-vysetreni-fen-pred-krytim\/\",\"url\":\"https:\/\/labvet.cz\/blog\/bakteriologicke-vysetreni-fen-pred-krytim\/\",\"name\":\"Bakteriologick\u00e9 vy\u0161et\u0159en\u00ed p\u0159ed kryt\u00edm feny - Labvet blog\",\"isPartOf\":{\"@id\":\"https:\/\/labvet.cz\/blog\/#website\"},\"primaryImageOfPage\":{\"@id\":\"https:\/\/labvet.cz\/blog\/bakteriologicke-vysetreni-fen-pred-krytim\/#primaryimage\"},\"image\":{\"@id\":\"https:\/\/labvet.cz\/blog\/bakteriologicke-vysetreni-fen-pred-krytim\/#primaryimage\"},\"thumbnailUrl\":\"https:\/\/labvet.cz\/blog\/wp-content\/uploads\/2019\/08\/Vyziva-brezi-fenky-2.png\",\"datePublished\":\"2019-08-14T15:34:30+00:00\",\"dateModified\":\"2025-03-07T18:25:19+00:00\",\"breadcrumb\":{\"@id\":\"https:\/\/labvet.cz\/blog\/bakteriologicke-vysetreni-fen-pred-krytim\/#breadcrumb\"},\"inLanguage\":\"cs\",\"potentialAction\":[{\"@type\":\"ReadAction\",\"target\":[\"https:\/\/labvet.cz\/blog\/bakteriologicke-vysetreni-fen-pred-krytim\/\"]}]},{\"@type\":\"ImageObject\",\"inLanguage\":\"cs\",\"@id\":\"https:\/\/labvet.cz\/blog\/bakteriologicke-vysetreni-fen-pred-krytim\/#primaryimage\",\"url\":\"https:\/\/labvet.cz\/blog\/wp-content\/uploads\/2019\/08\/Vyziva-brezi-fenky-2.png\",\"contentUrl\":\"https:\/\/labvet.cz\/blog\/wp-content\/uploads\/2019\/08\/Vyziva-brezi-fenky-2.png\",\"width\":820,\"height\":462},{\"@type\":\"BreadcrumbList\",\"@id\":\"https:\/\/labvet.cz\/blog\/bakteriologicke-vysetreni-fen-pred-krytim\/#breadcrumb\",\"itemListElement\":[{\"@type\":\"ListItem\",\"position\":1,\"name\":\"Dom\u016f\",\"item\":\"https:\/\/labvet.cz\/blog\/\"},{\"@type\":\"ListItem\",\"position\":2,\"name\":\"Bakteriologick\u00e9 vy\u0161et\u0159en\u00ed p\u0159ed kryt\u00edm feny\"}]},{\"@type\":\"WebSite\",\"@id\":\"https:\/\/labvet.cz\/blog\/#website\",\"url\":\"https:\/\/labvet.cz\/blog\/\",\"name\":\"Labvet blog\",\"description\":\"pro chovatele i veterin\u00e1rn\u00ed l\u00e9ka\u0159e\",\"publisher\":{\"@id\":\"https:\/\/labvet.cz\/blog\/#organization\"},\"potentialAction\":[{\"@type\":\"SearchAction\",\"target\":{\"@type\":\"EntryPoint\",\"urlTemplate\":\"https:\/\/labvet.cz\/blog\/?s={search_term_string}\"},\"query-input\":{\"@type\":\"PropertyValueSpecification\",\"valueRequired\":true,\"valueName\":\"search_term_string\"}}],\"inLanguage\":\"cs\"},{\"@type\":\"Organization\",\"@id\":\"https:\/\/labvet.cz\/blog\/#organization\",\"name\":\"Labvet.cz\",\"url\":\"https:\/\/labvet.cz\/blog\/\",\"logo\":{\"@type\":\"ImageObject\",\"inLanguage\":\"cs\",\"@id\":\"https:\/\/labvet.cz\/blog\/#\/schema\/logo\/image\/\",\"url\":\"https:\/\/labvet.cz\/blog\/wp-content\/uploads\/2023\/08\/cropped-Navrh-bez-nazvu.png\",\"contentUrl\":\"https:\/\/labvet.cz\/blog\/wp-content\/uploads\/2023\/08\/cropped-Navrh-bez-nazvu.png\",\"width\":300,\"height\":300,\"caption\":\"Labvet.cz\"},\"image\":{\"@id\":\"https:\/\/labvet.cz\/blog\/#\/schema\/logo\/image\/\"},\"sameAs\":[\"https:\/\/www.facebook.com\/Labvet.cz\",\"https:\/\/www.instagram.com\/labvet.cz\/\",\"https:\/\/www.linkedin.com\/showcase\/94138348\/admin\/dashboard\/\"]},{\"@type\":\"Person\",\"@id\":\"https:\/\/labvet.cz\/blog\/#\/schema\/person\/bbad2f1a9452008dfc405633ccda24b2\",\"name\":\"Vladim\u00edra Tich\u00e1\",\"image\":{\"@type\":\"ImageObject\",\"inLanguage\":\"cs\",\"@id\":\"https:\/\/labvet.cz\/blog\/#\/schema\/person\/image\/\",\"url\":\"https:\/\/secure.gravatar.com\/avatar\/006249f2c43485b8397ae08eea7ba7f3e6b682795e8e33ea4c7dcf34d196813e?s=96&d=mm&r=g\",\"contentUrl\":\"https:\/\/secure.gravatar.com\/avatar\/006249f2c43485b8397ae08eea7ba7f3e6b682795e8e33ea4c7dcf34d196813e?s=96&d=mm&r=g\",\"caption\":\"Vladim\u00edra Tich\u00e1\"},\"url\":\"https:\/\/labvet.cz\/blog\/author\/vladimira\/\"}]}<\/script>\n<!-- \/ Yoast SEO plugin. -->","yoast_head_json":{"title":"Bakteriologick\u00e9 vy\u0161et\u0159en\u00ed p\u0159ed kryt\u00edm feny - Labvet blog","robots":{"index":"index","follow":"follow","max-snippet":"max-snippet:-1","max-image-preview":"max-image-preview:large","max-video-preview":"max-video-preview:-1"},"canonical":"https:\/\/labvet.cz\/blog\/bakteriologicke-vysetreni-fen-pred-krytim\/","og_locale":"cs_CZ","og_type":"article","og_title":"Bakteriologick\u00e9 vy\u0161et\u0159en\u00ed p\u0159ed kryt\u00edm feny - Labvet blog","og_description":"Bakteriologick\u00e9 vy\u0161et\u0159en\u00ed fen p\u0159ed kryt\u00edm","og_url":"https:\/\/labvet.cz\/blog\/bakteriologicke-vysetreni-fen-pred-krytim\/","og_site_name":"Labvet blog","article_publisher":"https:\/\/www.facebook.com\/Labvet.cz","article_published_time":"2019-08-14T15:34:30+00:00","article_modified_time":"2025-03-07T18:25:19+00:00","og_image":[{"width":820,"height":462,"url":"https:\/\/labvet.cz\/blog\/wp-content\/uploads\/2019\/08\/Vyziva-brezi-fenky-2.png","type":"image\/png"}],"author":"Vladim\u00edra Tich\u00e1","twitter_card":"summary_large_image","twitter_misc":{"Napsal(a)":"Vladim\u00edra Tich\u00e1","Odhadovan\u00e1 doba \u010dten\u00ed":"3 minuty"},"schema":{"@context":"https:\/\/schema.org","@graph":[{"@type":"Article","@id":"https:\/\/labvet.cz\/blog\/bakteriologicke-vysetreni-fen-pred-krytim\/#article","isPartOf":{"@id":"https:\/\/labvet.cz\/blog\/bakteriologicke-vysetreni-fen-pred-krytim\/"},"author":{"name":"Vladim\u00edra Tich\u00e1","@id":"https:\/\/labvet.cz\/blog\/#\/schema\/person\/bbad2f1a9452008dfc405633ccda24b2"},"headline":"Bakteriologick\u00e9 vy\u0161et\u0159en\u00ed p\u0159ed kryt\u00edm feny","datePublished":"2019-08-14T15:34:30+00:00","dateModified":"2025-03-07T18:25:19+00:00","mainEntityOfPage":{"@id":"https:\/\/labvet.cz\/blog\/bakteriologicke-vysetreni-fen-pred-krytim\/"},"wordCount":689,"commentCount":2,"publisher":{"@id":"https:\/\/labvet.cz\/blog\/#organization"},"image":{"@id":"https:\/\/labvet.cz\/blog\/bakteriologicke-vysetreni-fen-pred-krytim\/#primaryimage"},"thumbnailUrl":"https:\/\/labvet.cz\/blog\/wp-content\/uploads\/2019\/08\/Vyziva-brezi-fenky-2.png","keywords":["kryt\u00ed feny","reprodukce ps\u016f","Vladim\u00edra Tich\u00e1"],"articleSection":["Reprodukce ps\u016f"],"inLanguage":"cs","potentialAction":[{"@type":"CommentAction","name":"Comment","target":["https:\/\/labvet.cz\/blog\/bakteriologicke-vysetreni-fen-pred-krytim\/#respond"]}]},{"@type":"WebPage","@id":"https:\/\/labvet.cz\/blog\/bakteriologicke-vysetreni-fen-pred-krytim\/","url":"https:\/\/labvet.cz\/blog\/bakteriologicke-vysetreni-fen-pred-krytim\/","name":"Bakteriologick\u00e9 vy\u0161et\u0159en\u00ed p\u0159ed kryt\u00edm feny - Labvet blog","isPartOf":{"@id":"https:\/\/labvet.cz\/blog\/#website"},"primaryImageOfPage":{"@id":"https:\/\/labvet.cz\/blog\/bakteriologicke-vysetreni-fen-pred-krytim\/#primaryimage"},"image":{"@id":"https:\/\/labvet.cz\/blog\/bakteriologicke-vysetreni-fen-pred-krytim\/#primaryimage"},"thumbnailUrl":"https:\/\/labvet.cz\/blog\/wp-content\/uploads\/2019\/08\/Vyziva-brezi-fenky-2.png","datePublished":"2019-08-14T15:34:30+00:00","dateModified":"2025-03-07T18:25:19+00:00","breadcrumb":{"@id":"https:\/\/labvet.cz\/blog\/bakteriologicke-vysetreni-fen-pred-krytim\/#breadcrumb"},"inLanguage":"cs","potentialAction":[{"@type":"ReadAction","target":["https:\/\/labvet.cz\/blog\/bakteriologicke-vysetreni-fen-pred-krytim\/"]}]},{"@type":"ImageObject","inLanguage":"cs","@id":"https:\/\/labvet.cz\/blog\/bakteriologicke-vysetreni-fen-pred-krytim\/#primaryimage","url":"https:\/\/labvet.cz\/blog\/wp-content\/uploads\/2019\/08\/Vyziva-brezi-fenky-2.png","contentUrl":"https:\/\/labvet.cz\/blog\/wp-content\/uploads\/2019\/08\/Vyziva-brezi-fenky-2.png","width":820,"height":462},{"@type":"BreadcrumbList","@id":"https:\/\/labvet.cz\/blog\/bakteriologicke-vysetreni-fen-pred-krytim\/#breadcrumb","itemListElement":[{"@type":"ListItem","position":1,"name":"Dom\u016f","item":"https:\/\/labvet.cz\/blog\/"},{"@type":"ListItem","position":2,"name":"Bakteriologick\u00e9 vy\u0161et\u0159en\u00ed p\u0159ed kryt\u00edm feny"}]},{"@type":"WebSite","@id":"https:\/\/labvet.cz\/blog\/#website","url":"https:\/\/labvet.cz\/blog\/","name":"Labvet blog","description":"pro chovatele i veterin\u00e1rn\u00ed l\u00e9ka\u0159e","publisher":{"@id":"https:\/\/labvet.cz\/blog\/#organization"},"potentialAction":[{"@type":"SearchAction","target":{"@type":"EntryPoint","urlTemplate":"https:\/\/labvet.cz\/blog\/?s={search_term_string}"},"query-input":{"@type":"PropertyValueSpecification","valueRequired":true,"valueName":"search_term_string"}}],"inLanguage":"cs"},{"@type":"Organization","@id":"https:\/\/labvet.cz\/blog\/#organization","name":"Labvet.cz","url":"https:\/\/labvet.cz\/blog\/","logo":{"@type":"ImageObject","inLanguage":"cs","@id":"https:\/\/labvet.cz\/blog\/#\/schema\/logo\/image\/","url":"https:\/\/labvet.cz\/blog\/wp-content\/uploads\/2023\/08\/cropped-Navrh-bez-nazvu.png","contentUrl":"https:\/\/labvet.cz\/blog\/wp-content\/uploads\/2023\/08\/cropped-Navrh-bez-nazvu.png","width":300,"height":300,"caption":"Labvet.cz"},"image":{"@id":"https:\/\/labvet.cz\/blog\/#\/schema\/logo\/image\/"},"sameAs":["https:\/\/www.facebook.com\/Labvet.cz","https:\/\/www.instagram.com\/labvet.cz\/","https:\/\/www.linkedin.com\/showcase\/94138348\/admin\/dashboard\/"]},{"@type":"Person","@id":"https:\/\/labvet.cz\/blog\/#\/schema\/person\/bbad2f1a9452008dfc405633ccda24b2","name":"Vladim\u00edra Tich\u00e1","image":{"@type":"ImageObject","inLanguage":"cs","@id":"https:\/\/labvet.cz\/blog\/#\/schema\/person\/image\/","url":"https:\/\/secure.gravatar.com\/avatar\/006249f2c43485b8397ae08eea7ba7f3e6b682795e8e33ea4c7dcf34d196813e?s=96&d=mm&r=g","contentUrl":"https:\/\/secure.gravatar.com\/avatar\/006249f2c43485b8397ae08eea7ba7f3e6b682795e8e33ea4c7dcf34d196813e?s=96&d=mm&r=g","caption":"Vladim\u00edra Tich\u00e1"},"url":"https:\/\/labvet.cz\/blog\/author\/vladimira\/"}]}},"_links":{"self":[{"href":"https:\/\/labvet.cz\/blog\/wp-json\/wp\/v2\/posts\/839","targetHints":{"allow":["GET"]}}],"collection":[{"href":"https:\/\/labvet.cz\/blog\/wp-json\/wp\/v2\/posts"}],"about":[{"href":"https:\/\/labvet.cz\/blog\/wp-json\/wp\/v2\/types\/post"}],"author":[{"embeddable":true,"href":"https:\/\/labvet.cz\/blog\/wp-json\/wp\/v2\/users\/5"}],"replies":[{"embeddable":true,"href":"https:\/\/labvet.cz\/blog\/wp-json\/wp\/v2\/comments?post=839"}],"version-history":[{"count":42,"href":"https:\/\/labvet.cz\/blog\/wp-json\/wp\/v2\/posts\/839\/revisions"}],"predecessor-version":[{"id":6608,"href":"https:\/\/labvet.cz\/blog\/wp-json\/wp\/v2\/posts\/839\/revisions\/6608"}],"wp:featuredmedia":[{"embeddable":true,"href":"https:\/\/labvet.cz\/blog\/wp-json\/wp\/v2\/media\/5128"}],"wp:attachment":[{"href":"https:\/\/labvet.cz\/blog\/wp-json\/wp\/v2\/media?parent=839"}],"wp:term":[{"taxonomy":"category","embeddable":true,"href":"https:\/\/labvet.cz\/blog\/wp-json\/wp\/v2\/categories?post=839"},{"taxonomy":"post_tag","embeddable":true,"href":"https:\/\/labvet.cz\/blog\/wp-json\/wp\/v2\/tags?post=839"}],"curies":[{"name":"wp","href":"https:\/\/api.w.org\/{rel}","templated":true}]}}